{"id":18665,"date":"2025-07-31T22:04:27","date_gmt":"2025-07-31T22:04:27","guid":{"rendered":"https:\/\/conadi.gob.gt\/web\/?p=18665"},"modified":"2025-08-04T14:39:38","modified_gmt":"2025-08-04T14:39:38","slug":"apertura-de-omd-en-sar-carlos-sija-quietzaltenango","status":"publish","type":"post","link":"https:\/\/conadi.gob.gt\/web\/apertura-de-omd-en-sar-carlos-sija-quietzaltenango\/","title":{"rendered":"APERTURA DE OMD EN SAR CARLOS SIJA, QUIETZALTENANGO"},"content":{"rendered":"\n<p>El pasado 29 de julio, la municipalidad de San Carlos Sija del departamento de Quetzaltenango fue la sede para el acto de inauguraci\u00f3n de una nueva Oficina Municipal de Discapacidad (OMD), siendo la quinta oficina en funcionamiento en ese departamento; a este acto asistieron autoridades representantes del Consejo Nacional para la Atenci\u00f3n de las Personas con Discapacidad (CONADI), autoridades municipales y representantes del Ministerio de Educaci\u00f3n de la localidad.<\/p>\n\n\n\n<div class=\"wp-block-columns is-layout-flex wp-container-core-columns-is-layout-28f84493 wp-block-columns-is-layout-flex\">\n<div class=\"wp-block-column is-layout-flow wp-block-column-is-layout-flow\">\n<figure class=\"wp-block-image size-large\"><img loading=\"lazy\" decoding=\"async\" width=\"1024\" height=\"682\" src=\"https:\/\/conadi.gob.gt\/web\/wp-content\/uploads\/2025\/07\/WhatsApp-Image-2025-07-31-at-10.11.35-1024x682.jpeg\" alt=\"\" class=\"wp-image-18666\" srcset=\"https:\/\/conadi.gob.gt\/web\/wp-content\/uploads\/2025\/07\/WhatsApp-Image-2025-07-31-at-10.11.35-1024x682.jpeg 1024w, https:\/\/conadi.gob.gt\/web\/wp-content\/uploads\/2025\/07\/WhatsApp-Image-2025-07-31-at-10.11.35-300x200.jpeg 300w, https:\/\/conadi.gob.gt\/web\/wp-content\/uploads\/2025\/07\/WhatsApp-Image-2025-07-31-at-10.11.35-768x512.jpeg 768w, https:\/\/conadi.gob.gt\/web\/wp-content\/uploads\/2025\/07\/WhatsApp-Image-2025-07-31-at-10.11.35-1536x1023.jpeg 1536w, https:\/\/conadi.gob.gt\/web\/wp-content\/uploads\/2025\/07\/WhatsApp-Image-2025-07-31-at-10.11.35.jpeg 1600w\" sizes=\"auto, (max-width: 1024px) 100vw, 1024px\" \/><\/figure>\n<\/div>\n\n\n\n<div class=\"wp-block-column is-layout-flow wp-block-column-is-layout-flow\">\n<figure class=\"wp-block-image size-large\"><img loading=\"lazy\" decoding=\"async\" width=\"1024\" height=\"682\" src=\"https:\/\/conadi.gob.gt\/web\/wp-content\/uploads\/2025\/07\/WhatsApp-Image-2025-07-31-at-10.11.35-4-1024x682.jpeg\" alt=\"\" class=\"wp-image-18667\" srcset=\"https:\/\/conadi.gob.gt\/web\/wp-content\/uploads\/2025\/07\/WhatsApp-Image-2025-07-31-at-10.11.35-4-1024x682.jpeg 1024w, https:\/\/conadi.gob.gt\/web\/wp-content\/uploads\/2025\/07\/WhatsApp-Image-2025-07-31-at-10.11.35-4-300x200.jpeg 300w, https:\/\/conadi.gob.gt\/web\/wp-content\/uploads\/2025\/07\/WhatsApp-Image-2025-07-31-at-10.11.35-4-768x512.jpeg 768w, https:\/\/conadi.gob.gt\/web\/wp-content\/uploads\/2025\/07\/WhatsApp-Image-2025-07-31-at-10.11.35-4-1536x1023.jpeg 1536w, https:\/\/conadi.gob.gt\/web\/wp-content\/uploads\/2025\/07\/WhatsApp-Image-2025-07-31-at-10.11.35-4.jpeg 1600w\" sizes=\"auto, (max-width: 1024px) 100vw, 1024px\" \/><\/figure>\n<\/div>\n<\/div>\n\n\n\n<p>El Se\u00f1or Jorge Tzunun, miembro de la Junta Directiva del CONADI mencion\u00f3 la importancia del reconocimiento de los derechos de las personas con discapacidad en diferentes espacios como la salud, la educaci\u00f3n y el trabajo, mientras que, el Se\u00f1or Alcalde Municipal reiter\u00f3 el compromiso y apoyo de su administraci\u00f3n con la inclusi\u00f3n de las personas con discapacidad.<\/p>\n\n\n\n<figure class=\"wp-block-image size-large\"><img loading=\"lazy\" decoding=\"async\" width=\"1024\" height=\"682\" src=\"https:\/\/conadi.gob.gt\/web\/wp-content\/uploads\/2025\/07\/WhatsApp-Image-2025-07-31-at-10.11.34-1-1024x682.jpeg\" alt=\"\" class=\"wp-image-18669\" srcset=\"https:\/\/conadi.gob.gt\/web\/wp-content\/uploads\/2025\/07\/WhatsApp-Image-2025-07-31-at-10.11.34-1-1024x682.jpeg 1024w, https:\/\/conadi.gob.gt\/web\/wp-content\/uploads\/2025\/07\/WhatsApp-Image-2025-07-31-at-10.11.34-1-300x200.jpeg 300w, https:\/\/conadi.gob.gt\/web\/wp-content\/uploads\/2025\/07\/WhatsApp-Image-2025-07-31-at-10.11.34-1-768x512.jpeg 768w, https:\/\/conadi.gob.gt\/web\/wp-content\/uploads\/2025\/07\/WhatsApp-Image-2025-07-31-at-10.11.34-1-1536x1023.jpeg 1536w, https:\/\/conadi.gob.gt\/web\/wp-content\/uploads\/2025\/07\/WhatsApp-Image-2025-07-31-at-10.11.34-1.jpeg 1600w\" sizes=\"auto, (max-width: 1024px) 100vw, 1024px\" \/><\/figure>\n\n\n\n<div class=\"wp-block-columns is-layout-flex wp-container-core-columns-is-layout-28f84493 wp-block-columns-is-layout-flex\">\n<div class=\"wp-block-column is-layout-flow wp-block-column-is-layout-flow\">\n<figure class=\"wp-block-image size-large\"><img loading=\"lazy\" decoding=\"async\" width=\"1024\" height=\"682\" src=\"https:\/\/conadi.gob.gt\/web\/wp-content\/uploads\/2025\/07\/WhatsApp-Image-2025-07-31-at-10.11.35-1-1024x682.jpeg\" alt=\"\" class=\"wp-image-18670\" srcset=\"https:\/\/conadi.gob.gt\/web\/wp-content\/uploads\/2025\/07\/WhatsApp-Image-2025-07-31-at-10.11.35-1-1024x682.jpeg 1024w, https:\/\/conadi.gob.gt\/web\/wp-content\/uploads\/2025\/07\/WhatsApp-Image-2025-07-31-at-10.11.35-1-300x200.jpeg 300w, https:\/\/conadi.gob.gt\/web\/wp-content\/uploads\/2025\/07\/WhatsApp-Image-2025-07-31-at-10.11.35-1-768x512.jpeg 768w, https:\/\/conadi.gob.gt\/web\/wp-content\/uploads\/2025\/07\/WhatsApp-Image-2025-07-31-at-10.11.35-1-1536x1023.jpeg 1536w, https:\/\/conadi.gob.gt\/web\/wp-content\/uploads\/2025\/07\/WhatsApp-Image-2025-07-31-at-10.11.35-1.jpeg 1600w\" sizes=\"auto, (max-width: 1024px) 100vw, 1024px\" \/><\/figure>\n<\/div>\n\n\n\n<div class=\"wp-block-column is-layout-flow wp-block-column-is-layout-flow\">\n<figure class=\"wp-block-image size-large\"><img loading=\"lazy\" decoding=\"async\" width=\"1024\" height=\"682\" src=\"https:\/\/conadi.gob.gt\/web\/wp-content\/uploads\/2025\/07\/WhatsApp-Image-2025-07-31-at-10.11.35-2-1024x682.jpeg\" alt=\"\" class=\"wp-image-18671\" srcset=\"https:\/\/conadi.gob.gt\/web\/wp-content\/uploads\/2025\/07\/WhatsApp-Image-2025-07-31-at-10.11.35-2-1024x682.jpeg 1024w, https:\/\/conadi.gob.gt\/web\/wp-content\/uploads\/2025\/07\/WhatsApp-Image-2025-07-31-at-10.11.35-2-300x200.jpeg 300w, https:\/\/conadi.gob.gt\/web\/wp-content\/uploads\/2025\/07\/WhatsApp-Image-2025-07-31-at-10.11.35-2-768x512.jpeg 768w, https:\/\/conadi.gob.gt\/web\/wp-content\/uploads\/2025\/07\/WhatsApp-Image-2025-07-31-at-10.11.35-2-1536x1023.jpeg 1536w, https:\/\/conadi.gob.gt\/web\/wp-content\/uploads\/2025\/07\/WhatsApp-Image-2025-07-31-at-10.11.35-2.jpeg 1600w\" sizes=\"auto, (max-width: 1024px) 100vw, 1024px\" \/><\/figure>\n<\/div>\n<\/div>\n\n\n\n<p>Dando cumplimiento a la labor que realiza el CONADI como instituci\u00f3n coordinadora, asesora, impulsora y garante del cumplimiento de la Convenci\u00f3n Sobre los Derechos de las Personas con Discapacidad a trav\u00e9s de su delegada departamental, entreg\u00f3 al Se\u00f1or Alcalde Municipal y a las personas encargadas de la nueva OMD, material informativo a cerca de los derechos de las personas con discapacidad, mientras que los representantes del Ministerio de Educaci\u00f3n dieron a conocer las actividades que realizan desde el Centro de Recursos Educativos Integrales para Personas con Discapacidad (CREI), el cual da acompa\u00f1amiento a las personas con discapacidad en su proceso de desarrollo de habilidades t\u00e9cnicas y sociales para su preparaci\u00f3n a una vida independiente.<\/p>\n\n\n\n<div class=\"wp-block-columns is-layout-flex wp-container-core-columns-is-layout-28f84493 wp-block-columns-is-layout-flex\">\n<div class=\"wp-block-column is-layout-flow wp-block-column-is-layout-flow\">\n<figure class=\"wp-block-image size-large\"><img loading=\"lazy\" decoding=\"async\" width=\"1024\" height=\"682\" src=\"https:\/\/conadi.gob.gt\/web\/wp-content\/uploads\/2025\/07\/WhatsApp-Image-2025-07-31-at-10.11.34-1024x682.jpeg\" alt=\"\" class=\"wp-image-18672\" srcset=\"https:\/\/conadi.gob.gt\/web\/wp-content\/uploads\/2025\/07\/WhatsApp-Image-2025-07-31-at-10.11.34-1024x682.jpeg 1024w, https:\/\/conadi.gob.gt\/web\/wp-content\/uploads\/2025\/07\/WhatsApp-Image-2025-07-31-at-10.11.34-300x200.jpeg 300w, https:\/\/conadi.gob.gt\/web\/wp-content\/uploads\/2025\/07\/WhatsApp-Image-2025-07-31-at-10.11.34-768x512.jpeg 768w, https:\/\/conadi.gob.gt\/web\/wp-content\/uploads\/2025\/07\/WhatsApp-Image-2025-07-31-at-10.11.34-1536x1023.jpeg 1536w, https:\/\/conadi.gob.gt\/web\/wp-content\/uploads\/2025\/07\/WhatsApp-Image-2025-07-31-at-10.11.34.jpeg 1600w\" sizes=\"auto, (max-width: 1024px) 100vw, 1024px\" \/><\/figure>\n<\/div>\n\n\n\n<div class=\"wp-block-column is-layout-flow wp-block-column-is-layout-flow\">\n<figure class=\"wp-block-image size-large\"><img loading=\"lazy\" decoding=\"async\" width=\"1024\" height=\"682\" src=\"https:\/\/conadi.gob.gt\/web\/wp-content\/uploads\/2025\/07\/WhatsApp-Image-2025-07-31-at-10.11.35-5-1024x682.jpeg\" alt=\"\" class=\"wp-image-18668\" srcset=\"https:\/\/conadi.gob.gt\/web\/wp-content\/uploads\/2025\/07\/WhatsApp-Image-2025-07-31-at-10.11.35-5-1024x682.jpeg 1024w, https:\/\/conadi.gob.gt\/web\/wp-content\/uploads\/2025\/07\/WhatsApp-Image-2025-07-31-at-10.11.35-5-300x200.jpeg 300w, https:\/\/conadi.gob.gt\/web\/wp-content\/uploads\/2025\/07\/WhatsApp-Image-2025-07-31-at-10.11.35-5-768x512.jpeg 768w, https:\/\/conadi.gob.gt\/web\/wp-content\/uploads\/2025\/07\/WhatsApp-Image-2025-07-31-at-10.11.35-5-1536x1023.jpeg 1536w, https:\/\/conadi.gob.gt\/web\/wp-content\/uploads\/2025\/07\/WhatsApp-Image-2025-07-31-at-10.11.35-5.jpeg 1600w\" sizes=\"auto, (max-width: 1024px) 100vw, 1024px\" \/><\/figure>\n<\/div>\n<\/div>\n\n\n\n<div class=\"wp-block-columns is-layout-flex wp-container-core-columns-is-layout-28f84493 wp-block-columns-is-layout-flex\">\n<div class=\"wp-block-column is-layout-flow wp-block-column-is-layout-flow\">\n<figure class=\"wp-block-image size-large\"><img loading=\"lazy\" decoding=\"async\" width=\"1024\" height=\"682\" src=\"https:\/\/conadi.gob.gt\/web\/wp-content\/uploads\/2025\/07\/WhatsApp-Image-2025-07-31-at-10.11.35-3-1024x682.jpeg\" alt=\"\" class=\"wp-image-18673\" srcset=\"https:\/\/conadi.gob.gt\/web\/wp-content\/uploads\/2025\/07\/WhatsApp-Image-2025-07-31-at-10.11.35-3-1024x682.jpeg 1024w, https:\/\/conadi.gob.gt\/web\/wp-content\/uploads\/2025\/07\/WhatsApp-Image-2025-07-31-at-10.11.35-3-300x200.jpeg 300w, https:\/\/conadi.gob.gt\/web\/wp-content\/uploads\/2025\/07\/WhatsApp-Image-2025-07-31-at-10.11.35-3-768x512.jpeg 768w, https:\/\/conadi.gob.gt\/web\/wp-content\/uploads\/2025\/07\/WhatsApp-Image-2025-07-31-at-10.11.35-3-1536x1023.jpeg 1536w, https:\/\/conadi.gob.gt\/web\/wp-content\/uploads\/2025\/07\/WhatsApp-Image-2025-07-31-at-10.11.35-3.jpeg 1600w\" sizes=\"auto, (max-width: 1024px) 100vw, 1024px\" \/><\/figure>\n<\/div>\n\n\n\n<div class=\"wp-block-column is-layout-flow wp-block-column-is-layout-flow\">\n<figure class=\"wp-block-image size-large\"><img loading=\"lazy\" decoding=\"async\" width=\"1024\" height=\"682\" src=\"https:\/\/conadi.gob.gt\/web\/wp-content\/uploads\/2025\/07\/WhatsApp-Image-2025-07-31-at-10.11.36-1024x682.jpeg\" alt=\"\" class=\"wp-image-18674\" srcset=\"https:\/\/conadi.gob.gt\/web\/wp-content\/uploads\/2025\/07\/WhatsApp-Image-2025-07-31-at-10.11.36-1024x682.jpeg 1024w, https:\/\/conadi.gob.gt\/web\/wp-content\/uploads\/2025\/07\/WhatsApp-Image-2025-07-31-at-10.11.36-300x200.jpeg 300w, https:\/\/conadi.gob.gt\/web\/wp-content\/uploads\/2025\/07\/WhatsApp-Image-2025-07-31-at-10.11.36-768x512.jpeg 768w, https:\/\/conadi.gob.gt\/web\/wp-content\/uploads\/2025\/07\/WhatsApp-Image-2025-07-31-at-10.11.36-1536x1023.jpeg 1536w, https:\/\/conadi.gob.gt\/web\/wp-content\/uploads\/2025\/07\/WhatsApp-Image-2025-07-31-at-10.11.36.jpeg 1600w\" sizes=\"auto, (max-width: 1024px) 100vw, 1024px\" \/><\/figure>\n<\/div>\n<\/div>\n\n\n\n<p><\/p>\n","protected":false},"excerpt":{"rendered":"<p>El pasado 29 de julio, la municipalidad de San Carlos Sija del departamento de Quetzaltenango fue la sede para el acto de inauguraci\u00f3n de una nueva Oficina Municipal de Discapacidad (OMD), siendo la quinta oficina en funcionamiento en ese departamento; a este acto asistieron autoridades representantes del Consejo Nacional para la Atenci\u00f3n de las Personas &hellip; <\/p>\n<p class=\"link-more\"><a href=\"https:\/\/conadi.gob.gt\/web\/apertura-de-omd-en-sar-carlos-sija-quietzaltenango\/\" class=\"more-link\">Leer m\u00e1s<span class=\"screen-reader-text\"> \u00abAPERTURA DE OMD EN SAR CARLOS SIJA, QUIETZALTENANGO\u00bb<\/span><\/a><\/p>\n","protected":false},"author":222,"featured_media":18673,"comment_status":"closed","ping_status":"closed","sticky":false,"template":"","format":"standard","meta":{"footnotes":""},"categories":[3],"tags":[],"class_list":["post-18665","post","type-post","status-publish","format-standard","has-post-thumbnail","hentry","category-noticias"],"_links":{"self":[{"href":"https:\/\/conadi.gob.gt\/web\/wp-json\/wp\/v2\/posts\/18665","targetHints":{"allow":["GET"]}}],"collection":[{"href":"https:\/\/conadi.gob.gt\/web\/wp-json\/wp\/v2\/posts"}],"about":[{"href":"https:\/\/conadi.gob.gt\/web\/wp-json\/wp\/v2\/types\/post"}],"author":[{"embeddable":true,"href":"https:\/\/conadi.gob.gt\/web\/wp-json\/wp\/v2\/users\/222"}],"replies":[{"embeddable":true,"href":"https:\/\/conadi.gob.gt\/web\/wp-json\/wp\/v2\/comments?post=18665"}],"version-history":[{"count":4,"href":"https:\/\/conadi.gob.gt\/web\/wp-json\/wp\/v2\/posts\/18665\/revisions"}],"predecessor-version":[{"id":18716,"href":"https:\/\/conadi.gob.gt\/web\/wp-json\/wp\/v2\/posts\/18665\/revisions\/18716"}],"wp:featuredmedia":[{"embeddable":true,"href":"https:\/\/conadi.gob.gt\/web\/wp-json\/wp\/v2\/media\/18673"}],"wp:attachment":[{"href":"https:\/\/conadi.gob.gt\/web\/wp-json\/wp\/v2\/media?parent=18665"}],"wp:term":[{"taxonomy":"category","embeddable":true,"href":"https:\/\/conadi.gob.gt\/web\/wp-json\/wp\/v2\/categories?post=18665"},{"taxonomy":"post_tag","embeddable":true,"href":"https:\/\/conadi.gob.gt\/web\/wp-json\/wp\/v2\/tags?post=18665"}],"curies":[{"name":"wp","href":"https:\/\/api.w.org\/{rel}","templated":true}]}}