{"id":18717,"date":"2025-08-04T18:20:16","date_gmt":"2025-08-04T18:20:16","guid":{"rendered":"https:\/\/conadi.gob.gt\/web\/?p=18717"},"modified":"2025-08-04T18:20:48","modified_gmt":"2025-08-04T18:20:48","slug":"desarrollo-de-foro-de-valoracion-de-discapacidad","status":"publish","type":"post","link":"https:\/\/conadi.gob.gt\/web\/desarrollo-de-foro-de-valoracion-de-discapacidad\/","title":{"rendered":"CONADI DESARROLLA DE FORO DE \u201cVALORACI\u00d3N DE DISCAPACIDAD\u201c"},"content":{"rendered":"\n<p>Recientemente el Consejo Nacional para la Atenci\u00f3n de Personas con Discapacidad (CONADI) a trav\u00e9s del Departamento de Promoci\u00f3n de Acceso a los Derechos de las Personas con Discapacidad, desarroll\u00f3 el Foro \u201cValoraci\u00f3n de Discapacidad para la pensi\u00f3n por riesgo de Invalidez y la Promoci\u00f3n de la inclusi\u00f3n laboral para personas con discapacidad\u201d al que asistieron representantes del Departamento de Medicina Legal y Evaluaci\u00f3n de Incapacidades del Instituto Guatemalteco de Seguridad Social (IGSS) y representantes de algunas organizaciones adscritas al CONADI.<\/p>\n\n\n\n<figure class=\"wp-block-image size-large\"><img loading=\"lazy\" decoding=\"async\" width=\"1024\" height=\"683\" src=\"https:\/\/conadi.gob.gt\/web\/wp-content\/uploads\/2025\/08\/IMG_1425-1024x683.jpg\" alt=\"\" class=\"wp-image-18720\" srcset=\"https:\/\/conadi.gob.gt\/web\/wp-content\/uploads\/2025\/08\/IMG_1425-1024x683.jpg 1024w, https:\/\/conadi.gob.gt\/web\/wp-content\/uploads\/2025\/08\/IMG_1425-300x200.jpg 300w, https:\/\/conadi.gob.gt\/web\/wp-content\/uploads\/2025\/08\/IMG_1425-768x512.jpg 768w, https:\/\/conadi.gob.gt\/web\/wp-content\/uploads\/2025\/08\/IMG_1425-1536x1024.jpg 1536w, https:\/\/conadi.gob.gt\/web\/wp-content\/uploads\/2025\/08\/IMG_1425-2048x1365.jpg 2048w, https:\/\/conadi.gob.gt\/web\/wp-content\/uploads\/2025\/08\/IMG_1425-2000x1333.jpg 2000w\" sizes=\"auto, (max-width: 1024px) 100vw, 1024px\" \/><\/figure>\n\n\n\n<div class=\"wp-block-columns is-layout-flex wp-container-core-columns-is-layout-28f84493 wp-block-columns-is-layout-flex\">\n<div class=\"wp-block-column is-layout-flow wp-block-column-is-layout-flow\">\n<figure class=\"wp-block-image size-full\"><img loading=\"lazy\" decoding=\"async\" width=\"2560\" height=\"1707\" src=\"https:\/\/conadi.gob.gt\/web\/wp-content\/uploads\/2025\/08\/IMG_1422-scaled.jpg\" alt=\"\" class=\"wp-image-18719\" srcset=\"https:\/\/conadi.gob.gt\/web\/wp-content\/uploads\/2025\/08\/IMG_1422-scaled.jpg 2560w, https:\/\/conadi.gob.gt\/web\/wp-content\/uploads\/2025\/08\/IMG_1422-300x200.jpg 300w\" sizes=\"auto, (max-width: 2560px) 100vw, 2560px\" \/><\/figure>\n<\/div>\n\n\n\n<div class=\"wp-block-column is-layout-flow wp-block-column-is-layout-flow\">\n<figure class=\"wp-block-image size-full\"><img loading=\"lazy\" decoding=\"async\" width=\"2560\" height=\"1707\" src=\"https:\/\/conadi.gob.gt\/web\/wp-content\/uploads\/2025\/08\/IMG_1416-scaled.jpg\" alt=\"\" class=\"wp-image-18721\" srcset=\"https:\/\/conadi.gob.gt\/web\/wp-content\/uploads\/2025\/08\/IMG_1416-scaled.jpg 2560w, https:\/\/conadi.gob.gt\/web\/wp-content\/uploads\/2025\/08\/IMG_1416-300x200.jpg 300w\" sizes=\"auto, (max-width: 2560px) 100vw, 2560px\" \/><\/figure>\n<\/div>\n\n\n\n<div class=\"wp-block-column is-layout-flow wp-block-column-is-layout-flow\">\n<figure class=\"wp-block-image size-large\"><img loading=\"lazy\" decoding=\"async\" width=\"1024\" height=\"683\" src=\"https:\/\/conadi.gob.gt\/web\/wp-content\/uploads\/2025\/08\/IMG_1417-1024x683.jpg\" alt=\"\" class=\"wp-image-18718\" srcset=\"https:\/\/conadi.gob.gt\/web\/wp-content\/uploads\/2025\/08\/IMG_1417-1024x683.jpg 1024w, https:\/\/conadi.gob.gt\/web\/wp-content\/uploads\/2025\/08\/IMG_1417-300x200.jpg 300w, https:\/\/conadi.gob.gt\/web\/wp-content\/uploads\/2025\/08\/IMG_1417-768x512.jpg 768w\" sizes=\"auto, (max-width: 1024px) 100vw, 1024px\" \/><\/figure>\n<\/div>\n<\/div>\n\n\n\n<p>Dentro de las ponencias del foro, se cont\u00f3 con la participaci\u00f3n de la Dra. Lourdes Salazar, jefa del Departamento de Medicina Legal y Evaluaci\u00f3n de Incapacidades del Instituto Guatemalteco de Seguridad Social (IGSS); y otros representantes del mismo departamento, como la Dra. Mar\u00eda Luisa Dom\u00ednguez, quien abord\u00f3&nbsp; la discapacidad en el Marco Conceptual Internacional de la Clasificaci\u00f3n Internacional del Funcionamiento de la Discapacidad y la Salud (CIF); El Dr. Alejandro Orellana, explic\u00f3 el Proceso de Valoraci\u00f3n de la Discapacidad para la pensi\u00f3n por riesgo de invalidez, mientras que, la Dra.&nbsp; Ana Cardona y la Dra. Lily Espa\u00f1a, explicaron los factores que influyen en la inclusi\u00f3n laboral.<\/p>\n\n\n\n<div class=\"wp-block-columns is-layout-flex wp-container-core-columns-is-layout-28f84493 wp-block-columns-is-layout-flex\">\n<div class=\"wp-block-column is-layout-flow wp-block-column-is-layout-flow\">\n<figure class=\"wp-block-image size-large\"><img loading=\"lazy\" decoding=\"async\" width=\"1024\" height=\"683\" src=\"https:\/\/conadi.gob.gt\/web\/wp-content\/uploads\/2025\/08\/IMG_1468-1024x683.jpg\" alt=\"\" class=\"wp-image-18724\" srcset=\"https:\/\/conadi.gob.gt\/web\/wp-content\/uploads\/2025\/08\/IMG_1468-1024x683.jpg 1024w, https:\/\/conadi.gob.gt\/web\/wp-content\/uploads\/2025\/08\/IMG_1468-300x200.jpg 300w, https:\/\/conadi.gob.gt\/web\/wp-content\/uploads\/2025\/08\/IMG_1468-768x512.jpg 768w\" sizes=\"auto, (max-width: 1024px) 100vw, 1024px\" \/><\/figure>\n<\/div>\n\n\n\n<div class=\"wp-block-column is-layout-flow wp-block-column-is-layout-flow\">\n<figure class=\"wp-block-image size-large\"><img loading=\"lazy\" decoding=\"async\" width=\"1024\" height=\"683\" src=\"https:\/\/conadi.gob.gt\/web\/wp-content\/uploads\/2025\/08\/IMG_1483-1024x683.jpg\" alt=\"\" class=\"wp-image-18726\" srcset=\"https:\/\/conadi.gob.gt\/web\/wp-content\/uploads\/2025\/08\/IMG_1483-1024x683.jpg 1024w, https:\/\/conadi.gob.gt\/web\/wp-content\/uploads\/2025\/08\/IMG_1483-300x200.jpg 300w, https:\/\/conadi.gob.gt\/web\/wp-content\/uploads\/2025\/08\/IMG_1483-768x512.jpg 768w, https:\/\/conadi.gob.gt\/web\/wp-content\/uploads\/2025\/08\/IMG_1483-1536x1024.jpg 1536w\" sizes=\"auto, (max-width: 1024px) 100vw, 1024px\" \/><\/figure>\n<\/div>\n<\/div>\n\n\n\n<div class=\"wp-block-columns is-layout-flex wp-container-core-columns-is-layout-28f84493 wp-block-columns-is-layout-flex\">\n<div class=\"wp-block-column is-layout-flow wp-block-column-is-layout-flow\">\n<figure class=\"wp-block-image size-large\"><img loading=\"lazy\" decoding=\"async\" width=\"1024\" height=\"683\" src=\"https:\/\/conadi.gob.gt\/web\/wp-content\/uploads\/2025\/08\/IMG_1493-1024x683.jpg\" alt=\"\" class=\"wp-image-18725\" srcset=\"https:\/\/conadi.gob.gt\/web\/wp-content\/uploads\/2025\/08\/IMG_1493-1024x683.jpg 1024w, https:\/\/conadi.gob.gt\/web\/wp-content\/uploads\/2025\/08\/IMG_1493-300x200.jpg 300w, https:\/\/conadi.gob.gt\/web\/wp-content\/uploads\/2025\/08\/IMG_1493-768x512.jpg 768w, https:\/\/conadi.gob.gt\/web\/wp-content\/uploads\/2025\/08\/IMG_1493-1536x1024.jpg 1536w, https:\/\/conadi.gob.gt\/web\/wp-content\/uploads\/2025\/08\/IMG_1493-2048x1365.jpg 2048w\" sizes=\"auto, (max-width: 1024px) 100vw, 1024px\" \/><\/figure>\n<\/div>\n\n\n\n<div class=\"wp-block-column is-layout-flow wp-block-column-is-layout-flow\">\n<figure class=\"wp-block-image size-large\"><img loading=\"lazy\" decoding=\"async\" width=\"1024\" height=\"683\" src=\"https:\/\/conadi.gob.gt\/web\/wp-content\/uploads\/2025\/08\/IMG_1498-1024x683.jpg\" alt=\"\" class=\"wp-image-18727\" srcset=\"https:\/\/conadi.gob.gt\/web\/wp-content\/uploads\/2025\/08\/IMG_1498-1024x683.jpg 1024w, https:\/\/conadi.gob.gt\/web\/wp-content\/uploads\/2025\/08\/IMG_1498-300x200.jpg 300w, https:\/\/conadi.gob.gt\/web\/wp-content\/uploads\/2025\/08\/IMG_1498-768x512.jpg 768w, https:\/\/conadi.gob.gt\/web\/wp-content\/uploads\/2025\/08\/IMG_1498-1536x1024.jpg 1536w, https:\/\/conadi.gob.gt\/web\/wp-content\/uploads\/2025\/08\/IMG_1498-2048x1365.jpg 2048w\" sizes=\"auto, (max-width: 1024px) 100vw, 1024px\" \/><\/figure>\n<\/div>\n<\/div>\n\n\n\n<p>As\u00ed mismo, se tuvo la intervenci\u00f3n de Rafael Ca\u00f1as, de la Secci\u00f3n del Trabajador con Discapacidad del MINTRAB, quien explic\u00f3 c\u00f3mo se ejecuta el programa \u201cEmpl\u00e9ate Inclusivo\u201d, el cual busca promover el acceso a un empleo competitivo y digno; Ca\u00f1as recalc\u00f3 la importancia de realizar ajustes razonables dentro del lugar de trabajo para facilitar la inclusi\u00f3n laboral de las personas con discapacidad.<\/p>\n\n\n\n<div class=\"wp-block-columns is-layout-flex wp-container-core-columns-is-layout-28f84493 wp-block-columns-is-layout-flex\">\n<div class=\"wp-block-column is-layout-flow wp-block-column-is-layout-flow\">\n<figure class=\"wp-block-image size-large\"><img loading=\"lazy\" decoding=\"async\" width=\"1024\" height=\"683\" src=\"https:\/\/conadi.gob.gt\/web\/wp-content\/uploads\/2025\/08\/IMG_1513-1024x683.jpg\" alt=\"\" class=\"wp-image-18729\" srcset=\"https:\/\/conadi.gob.gt\/web\/wp-content\/uploads\/2025\/08\/IMG_1513-1024x683.jpg 1024w, https:\/\/conadi.gob.gt\/web\/wp-content\/uploads\/2025\/08\/IMG_1513-300x200.jpg 300w, https:\/\/conadi.gob.gt\/web\/wp-content\/uploads\/2025\/08\/IMG_1513-768x512.jpg 768w, https:\/\/conadi.gob.gt\/web\/wp-content\/uploads\/2025\/08\/IMG_1513-1536x1024.jpg 1536w\" sizes=\"auto, (max-width: 1024px) 100vw, 1024px\" \/><\/figure>\n<\/div>\n\n\n\n<div class=\"wp-block-column is-layout-flow wp-block-column-is-layout-flow\">\n<figure class=\"wp-block-image size-large\"><img loading=\"lazy\" decoding=\"async\" width=\"1024\" height=\"683\" src=\"https:\/\/conadi.gob.gt\/web\/wp-content\/uploads\/2025\/08\/IMG_1472-1024x683.jpg\" alt=\"\" class=\"wp-image-18728\" srcset=\"https:\/\/conadi.gob.gt\/web\/wp-content\/uploads\/2025\/08\/IMG_1472-1024x683.jpg 1024w, https:\/\/conadi.gob.gt\/web\/wp-content\/uploads\/2025\/08\/IMG_1472-300x200.jpg 300w, https:\/\/conadi.gob.gt\/web\/wp-content\/uploads\/2025\/08\/IMG_1472-768x512.jpg 768w, https:\/\/conadi.gob.gt\/web\/wp-content\/uploads\/2025\/08\/IMG_1472-1536x1024.jpg 1536w, https:\/\/conadi.gob.gt\/web\/wp-content\/uploads\/2025\/08\/IMG_1472-2048x1365.jpg 2048w\" sizes=\"auto, (max-width: 1024px) 100vw, 1024px\" \/><\/figure>\n<\/div>\n<\/div>\n\n\n\n<p>Posteriormente, William Zapeta, director t\u00e9cnico de CONADI, junto a Rafael Ca\u00f1as, de la Secci\u00f3n del Trabajador con Discapacidad del MINTRAB, Geraldi Mu\u00f1oz y Daniela P\u00e9rez, doctores del Departamento de Medicina Legal del IGSS, respondieron preguntas relacionadas a la inclusi\u00f3n laboral, ajustes razonables y accesibilidad para personas con discapacidad, e intereses en com\u00fan de los derechohabientes del IGSS.<\/p>\n\n\n\n<p>Como parte de las conclusiones de la actividad, los expositores enfatizaron en la importancia de la inclusi\u00f3n y ajustes razonables en el \u00e1mbito laboral, as\u00ed como el acceso a la atenci\u00f3n medica en igualdad de condiciones sin discriminaci\u00f3n alguna.<\/p>\n\n\n\n<div class=\"wp-block-columns is-layout-flex wp-container-core-columns-is-layout-28f84493 wp-block-columns-is-layout-flex\">\n<div class=\"wp-block-column is-layout-flow wp-block-column-is-layout-flow\">\n<figure class=\"wp-block-image size-large\"><img loading=\"lazy\" decoding=\"async\" width=\"1024\" height=\"683\" src=\"https:\/\/conadi.gob.gt\/web\/wp-content\/uploads\/2025\/08\/IMG_1537-1024x683.jpg\" alt=\"\" class=\"wp-image-18730\" srcset=\"https:\/\/conadi.gob.gt\/web\/wp-content\/uploads\/2025\/08\/IMG_1537-1024x683.jpg 1024w, https:\/\/conadi.gob.gt\/web\/wp-content\/uploads\/2025\/08\/IMG_1537-300x200.jpg 300w, https:\/\/conadi.gob.gt\/web\/wp-content\/uploads\/2025\/08\/IMG_1537-768x512.jpg 768w, https:\/\/conadi.gob.gt\/web\/wp-content\/uploads\/2025\/08\/IMG_1537-1536x1024.jpg 1536w, https:\/\/conadi.gob.gt\/web\/wp-content\/uploads\/2025\/08\/IMG_1537-2048x1365.jpg 2048w\" sizes=\"auto, (max-width: 1024px) 100vw, 1024px\" \/><\/figure>\n<\/div>\n\n\n\n<div class=\"wp-block-column is-layout-flow wp-block-column-is-layout-flow\">\n<figure class=\"wp-block-image size-large\"><img loading=\"lazy\" decoding=\"async\" width=\"1024\" height=\"683\" src=\"https:\/\/conadi.gob.gt\/web\/wp-content\/uploads\/2025\/08\/IMG_1531-1024x683.jpg\" alt=\"\" class=\"wp-image-18731\" srcset=\"https:\/\/conadi.gob.gt\/web\/wp-content\/uploads\/2025\/08\/IMG_1531-1024x683.jpg 1024w, https:\/\/conadi.gob.gt\/web\/wp-content\/uploads\/2025\/08\/IMG_1531-300x200.jpg 300w, https:\/\/conadi.gob.gt\/web\/wp-content\/uploads\/2025\/08\/IMG_1531-768x512.jpg 768w, https:\/\/conadi.gob.gt\/web\/wp-content\/uploads\/2025\/08\/IMG_1531-1536x1024.jpg 1536w\" sizes=\"auto, (max-width: 1024px) 100vw, 1024px\" \/><\/figure>\n<\/div>\n\n\n\n<div class=\"wp-block-column is-layout-flow wp-block-column-is-layout-flow\">\n<figure class=\"wp-block-image size-large\"><img loading=\"lazy\" decoding=\"async\" width=\"1024\" height=\"683\" src=\"https:\/\/conadi.gob.gt\/web\/wp-content\/uploads\/2025\/08\/IMG_1543-1024x683.jpg\" alt=\"\" class=\"wp-image-18732\" srcset=\"https:\/\/conadi.gob.gt\/web\/wp-content\/uploads\/2025\/08\/IMG_1543-1024x683.jpg 1024w, https:\/\/conadi.gob.gt\/web\/wp-content\/uploads\/2025\/08\/IMG_1543-300x200.jpg 300w, https:\/\/conadi.gob.gt\/web\/wp-content\/uploads\/2025\/08\/IMG_1543-768x512.jpg 768w, https:\/\/conadi.gob.gt\/web\/wp-content\/uploads\/2025\/08\/IMG_1543-1536x1024.jpg 1536w\" sizes=\"auto, (max-width: 1024px) 100vw, 1024px\" \/><\/figure>\n<\/div>\n<\/div>\n","protected":false},"excerpt":{"rendered":"<p>Recientemente el Consejo Nacional para la Atenci\u00f3n de Personas con Discapacidad (CONADI) a trav\u00e9s del Departamento de Promoci\u00f3n de Acceso a los Derechos de las Personas con Discapacidad, desarroll\u00f3 el Foro \u201cValoraci\u00f3n de Discapacidad para la pensi\u00f3n por riesgo de Invalidez y la Promoci\u00f3n de la inclusi\u00f3n laboral para personas con discapacidad\u201d al que asistieron &hellip; <\/p>\n<p class=\"link-more\"><a href=\"https:\/\/conadi.gob.gt\/web\/desarrollo-de-foro-de-valoracion-de-discapacidad\/\" class=\"more-link\">Leer m\u00e1s<span class=\"screen-reader-text\"> \u00abCONADI DESARROLLA DE FORO DE \u201cVALORACI\u00d3N DE DISCAPACIDAD\u201c\u00bb<\/span><\/a><\/p>\n","protected":false},"author":222,"featured_media":18720,"comment_status":"closed","ping_status":"closed","sticky":false,"template":"","format":"standard","meta":{"footnotes":""},"categories":[3],"tags":[],"class_list":["post-18717","post","type-post","status-publish","format-standard","has-post-thumbnail","hentry","category-noticias"],"_links":{"self":[{"href":"https:\/\/conadi.gob.gt\/web\/wp-json\/wp\/v2\/posts\/18717","targetHints":{"allow":["GET"]}}],"collection":[{"href":"https:\/\/conadi.gob.gt\/web\/wp-json\/wp\/v2\/posts"}],"about":[{"href":"https:\/\/conadi.gob.gt\/web\/wp-json\/wp\/v2\/types\/post"}],"author":[{"embeddable":true,"href":"https:\/\/conadi.gob.gt\/web\/wp-json\/wp\/v2\/users\/222"}],"replies":[{"embeddable":true,"href":"https:\/\/conadi.gob.gt\/web\/wp-json\/wp\/v2\/comments?post=18717"}],"version-history":[{"count":2,"href":"https:\/\/conadi.gob.gt\/web\/wp-json\/wp\/v2\/posts\/18717\/revisions"}],"predecessor-version":[{"id":18734,"href":"https:\/\/conadi.gob.gt\/web\/wp-json\/wp\/v2\/posts\/18717\/revisions\/18734"}],"wp:featuredmedia":[{"embeddable":true,"href":"https:\/\/conadi.gob.gt\/web\/wp-json\/wp\/v2\/media\/18720"}],"wp:attachment":[{"href":"https:\/\/conadi.gob.gt\/web\/wp-json\/wp\/v2\/media?parent=18717"}],"wp:term":[{"taxonomy":"category","embeddable":true,"href":"https:\/\/conadi.gob.gt\/web\/wp-json\/wp\/v2\/categories?post=18717"},{"taxonomy":"post_tag","embeddable":true,"href":"https:\/\/conadi.gob.gt\/web\/wp-json\/wp\/v2\/tags?post=18717"}],"curies":[{"name":"wp","href":"https:\/\/api.w.org\/{rel}","templated":true}]}}