{"id":18735,"date":"2025-08-04T22:51:00","date_gmt":"2025-08-04T22:51:00","guid":{"rendered":"https:\/\/conadi.gob.gt\/web\/?p=18735"},"modified":"2025-08-06T22:04:05","modified_gmt":"2025-08-06T22:04:05","slug":"mensajero-de-la-paz-2025","status":"publish","type":"post","link":"https:\/\/conadi.gob.gt\/web\/mensajero-de-la-paz-2025\/","title":{"rendered":"MENSAJERO DE LA PAZ 2025"},"content":{"rendered":"\n<h2 class=\"wp-block-heading has-text-align-center\"><strong>Bases para la Postulaci\u00f3n de la Persona a Homenajear<\/strong><\/h2>\n\n\n\n<p>En el marco del D\u00eda Internacional de las Personas con Discapacidad 3 de diciembre de 2025<\/p>\n\n\n\n<p><strong>Responsable:<\/strong> Consejo Nacional para la Atenci\u00f3n de las Personas con Discapacidad<\/p>\n\n\n\n<p><br \/><strong>Lugar:<\/strong> Palacio Nacional de la Cultura, Ciudad de Guatemala<\/p>\n\n\n\n<p>El Consejo Nacional para la Atenci\u00f3n de las Personas con Discapacidad \u2013CONADI\u2013 convoca a las organizaciones e instituciones vinculadas a la tem\u00e1tica de discapacidad a postular candidatos para ser homenajeados en el marco de la conmemoraci\u00f3n del <strong>D\u00eda Internacional de las Personas con Discapacidad<\/strong>.<\/p>\n\n\n\n<p>En esta ocasi\u00f3n, se otorgar\u00e1 la distinci\u00f3n de:<\/p>\n\n\n\n<h2 class=\"wp-block-heading has-text-align-center\"><strong>Mensajero de la Paz<\/strong><\/h2>\n\n\n\n<p>Esta distinci\u00f3n se otorga conforme al <strong>Acuerdo Ministerial n\u00famero 878-2019 del Ministerio de Cultura y Deportes<\/strong>, el cual faculta a dicha cartera, en coordinaci\u00f3n con el CONADI, a entregar el reconocimiento \u201cMensajero de la Paz\u201d en el marco de esta conmemoraci\u00f3n. La decisi\u00f3n final sobre la entrega o no de la distinci\u00f3n corresponde al <strong>Ministerio de Cultura y Deportes<\/strong>.<\/p>\n\n\n\n<p>La persona homenajeada ser\u00e1 seleccionada con base en los siguientes criterios y procedimientos:<\/p>\n\n\n\n<p><strong>De los Participantes<\/strong><\/p>\n\n\n\n<p>Podr\u00e1n ser postuladas todas aquellas personas con discapacidad que, a criterio de las organizaciones e instituciones relacionadas con esta tem\u00e1tica, merezcan un reconocimiento por sus aportes significativos en la promoci\u00f3n y defensa de los derechos de las personas con discapacidad.<\/p>\n\n\n\n<p><br \/>Se valorar\u00e1 especialmente su contribuci\u00f3n destacada en programas y pol\u00edticas de:<\/p>\n\n\n\n<ul class=\"wp-block-list\">\n<li>Educaci\u00f3n<\/li>\n\n\n\n<li>Deporte<\/li>\n\n\n\n<li>Cultura<\/li>\n\n\n\n<li>Salud<\/li>\n\n\n\n<li>Rehabilitaci\u00f3n<\/li>\n\n\n\n<li>Equiparaci\u00f3n de oportunidades<\/li>\n\n\n\n<li>Desarrollo de organizaciones representativas de personas con discapacidad<\/li>\n<\/ul>\n\n\n\n<p><strong>De los Postulantes<\/strong> <\/p>\n\n\n\n<p>Podr\u00e1n presentar postulaciones:<\/p>\n\n\n\n<ul class=\"wp-block-list\">\n<li>Organizaciones de personas con discapacidad de todo el territorio nacional<\/li>\n\n\n\n<li>Instituciones p\u00fablicas y privadas que brinden servicios a la poblaci\u00f3n con discapacidad<\/li>\n\n\n\n<li>Instituciones de derechos humanos<\/li>\n<\/ul>\n\n\n\n<p><strong>De la Forma de Postulaci\u00f3n<\/strong><\/p>\n\n\n\n<p>La postulaci\u00f3n deber\u00e1 realizarse <strong>por escrito<\/strong>, mediante una nota dirigida a la <strong>Direcci\u00f3n General del CONADI<\/strong>, acompa\u00f1ada de los siguientes documentos:<\/p>\n\n\n\n<ul class=\"wp-block-list\">\n<li>Hoja de vida completa de la persona postulada<\/li>\n\n\n\n<li>Fotocopia legible del Documento Personal de Identificaci\u00f3n (DPI) vigente<\/li>\n\n\n\n<li>Semblanza de la persona candidata, que detalle sus m\u00e9ritos, trayectoria y justificaci\u00f3n del por qu\u00e9 merece recibir el galard\u00f3n<\/li>\n<\/ul>\n\n\n\n<p><strong>Fecha y Forma de Entrega de Propuestas<\/strong><\/p>\n\n\n\n<p>Las propuestas ser\u00e1n recibidas <strong>a m\u00e1s tardar el 29 de agosto de 2025<\/strong>, en horario de <strong>8:00 a 16:00 horas<\/strong>, por las siguientes v\u00edas:<\/p>\n\n\n\n<p><strong>&nbsp;&nbsp;&nbsp;&nbsp;&nbsp;&nbsp;&nbsp;&nbsp;&nbsp;&nbsp;&nbsp; Presencialmente:<\/strong> en las instalaciones del CONADI<\/p>\n\n\n\n<p><strong>&nbsp;&nbsp;&nbsp;&nbsp;&nbsp;&nbsp;&nbsp;&nbsp;&nbsp;&nbsp;&nbsp; Correo electr\u00f3nico:<\/strong> participacionciudadana.conadi@gmail.com<\/p>\n\n\n\n<p><strong>De la Persona Seleccionada<\/strong><\/p>\n\n\n\n<p>Se seleccionar\u00e1 <strong>una persona<\/strong> que ser\u00e1 declarada como <strong>Mensajero de la Paz 2025<\/strong>. La persona elegida ser\u00e1 notificada de forma inmediata para garantizar el tiempo suficiente para su participaci\u00f3n en el acto de homenaje.<\/p>\n\n\n\n<p><strong>Criterios de Selecci\u00f3n<\/strong><\/p>\n\n\n\n<ul class=\"wp-block-list\">\n<li>No se establece l\u00edmite de edad para ser considerado\/a como Mensajero\/a de la Paz.<\/li>\n\n\n\n<li>La postulaci\u00f3n deber\u00e1 ser presentada por una organizaci\u00f3n o instituci\u00f3n p\u00fablica o privada relacionada con el \u00e1mbito de la discapacidad.<\/li>\n\n\n\n<li>La persona postulada debe acreditar, al menos, <strong>dos a\u00f1os de trayectoria comprobada<\/strong> en:<\/li>\n\n\n\n<li>Promoci\u00f3n de los derechos de las personas con discapacidad, participaci\u00f3n en pol\u00edticas y programas de educaci\u00f3n, salud, deporte, cultura, rehabilitaci\u00f3n, equiparaci\u00f3n de oportunidades<\/li>\n\n\n\n<li>Apoyo a organizaciones representativas de personas con discapacidad y sus familias<\/li>\n\n\n\n<li>De contar con m\u00e9ritos acad\u00e9micos o reconocimientos (diplomas, t\u00edtulos, distinciones honor\u00edficas, investigaciones u otros), estos deber\u00e1n adjuntarse como respaldo.<\/li>\n\n\n\n<li>La persona debe ser de <strong>reconocida honorabilidad<\/strong><\/li>\n<\/ul>\n\n\n\n<p><strong>Proceso de Selecci\u00f3n<\/strong><\/p>\n\n\n\n<ul class=\"wp-block-list\">\n<li>La <strong>Direcci\u00f3n T\u00e9cnica<\/strong> del CONADI revisar\u00e1 los expedientes recibidos y elaborar\u00e1 un dictamen por cada postulaci\u00f3n.<\/li>\n\n\n\n<li>Dichos dict\u00e1menes ser\u00e1n remitidos a la <strong>Direcci\u00f3n General<\/strong>, que a su vez los<\/li>\n\n\n\n<li>trasladar\u00e1 a la <strong>Junta Directiva<\/strong> para su an\u00e1lisis y calificaci\u00f3n.<\/li>\n\n\n\n<li>La <strong>Junta Directiva<\/strong> elegir\u00e1 a la persona ganadora.<\/li>\n\n\n\n<li>La <strong>Direcci\u00f3n General<\/strong> notificar\u00e1 al ganador(a), y la <strong>Direcci\u00f3n de Comunicaci\u00f3n y Relaciones P\u00fablicas<\/strong> coordinar\u00e1 la difusi\u00f3n del resultado mediante los canales institucionales.<\/li>\n<\/ul>\n\n\n\n<p><strong>Observaci\u00f3n:<\/strong> Si se reciben <strong>menos de dos postulaciones<\/strong> v\u00e1lidas, o si <strong>ninguna cumple con los requisitos establecidos<\/strong>, la Junta Directiva podr\u00e1 <strong>declarar desierta<\/strong> la convocatoria. En tal caso, se reservar\u00e1 el derecho de <strong>designar directamente<\/strong> a una persona a homenajear.<\/p>\n\n\n\n<p><strong>De la Premiaci\u00f3n<\/strong><\/p>\n\n\n\n<p>La distinci\u00f3n <strong>Mensajero de la Paz<\/strong> es otorgada conforme al <strong>Acuerdo Ministerial n\u00famero 878-2019 del Ministerio de Cultura y Deportes<\/strong>, entidad que tiene la competencia de autorizar la entrega de dicho reconocimiento. En ese sentido, la decisi\u00f3n final sobre la entrega o no de la distinci\u00f3n corresponde al <strong>Ministerio de Cultura y Deportes<\/strong>, previa revisi\u00f3n de la propuesta presentada por el CONADI.<\/p>\n\n\n\n<p>En caso de ser aprobada, la distinci\u00f3n ser\u00e1 formalmente concedida mediante un Diploma de Reconocimiento, suscrito por el Ministro de Cultura y Deportes o por el Viceministro\/a Encargado\/a del Despacho Superior.<\/p>\n\n\n\n<p>El reconocimiento se entregar\u00e1 durante un acto protocolario denominado Cambio de la Rosa de la Paz, que se llevar\u00e1 a cabo en el Monumento de la Paz, ubicado en el Patio de la Paz del Palacio Nacional de la Cultura.<\/p>\n\n\n\n<div class=\"wp-block-columns is-layout-flex wp-container-core-columns-is-layout-28f84493 wp-block-columns-is-layout-flex\">\n<div class=\"wp-block-column is-layout-flow wp-block-column-is-layout-flow\">\n<figure class=\"wp-block-image size-large\"><img loading=\"lazy\" decoding=\"async\" width=\"800\" height=\"1024\" src=\"https:\/\/conadi.gob.gt\/web\/wp-content\/uploads\/2025\/08\/MENSAJERO-PORTADA-800x1024.jpg\" alt=\"\" class=\"wp-image-18736\" srcset=\"https:\/\/conadi.gob.gt\/web\/wp-content\/uploads\/2025\/08\/MENSAJERO-PORTADA-800x1024.jpg 800w, https:\/\/conadi.gob.gt\/web\/wp-content\/uploads\/2025\/08\/MENSAJERO-PORTADA-234x300.jpg 234w, https:\/\/conadi.gob.gt\/web\/wp-content\/uploads\/2025\/08\/MENSAJERO-PORTADA-768x984.jpg 768w, https:\/\/conadi.gob.gt\/web\/wp-content\/uploads\/2025\/08\/MENSAJERO-PORTADA-1199x1536.jpg 1199w, https:\/\/conadi.gob.gt\/web\/wp-content\/uploads\/2025\/08\/MENSAJERO-PORTADA-scaled.jpg 1999w\" sizes=\"auto, (max-width: 800px) 100vw, 800px\" \/><\/figure>\n<\/div>\n\n\n\n<div class=\"wp-block-column is-layout-flow wp-block-column-is-layout-flow\">\n<figure class=\"wp-block-image size-large\"><img loading=\"lazy\" decoding=\"async\" width=\"800\" height=\"1024\" src=\"https:\/\/conadi.gob.gt\/web\/wp-content\/uploads\/2025\/08\/MENSAJERO-P-INT-800x1024.jpg\" alt=\"\" class=\"wp-image-18737\" srcset=\"https:\/\/conadi.gob.gt\/web\/wp-content\/uploads\/2025\/08\/MENSAJERO-P-INT-800x1024.jpg 800w, https:\/\/conadi.gob.gt\/web\/wp-content\/uploads\/2025\/08\/MENSAJERO-P-INT-234x300.jpg 234w, https:\/\/conadi.gob.gt\/web\/wp-content\/uploads\/2025\/08\/MENSAJERO-P-INT-768x984.jpg 768w, https:\/\/conadi.gob.gt\/web\/wp-content\/uploads\/2025\/08\/MENSAJERO-P-INT-1199x1536.jpg 1199w, https:\/\/conadi.gob.gt\/web\/wp-content\/uploads\/2025\/08\/MENSAJERO-P-INT-scaled.jpg 1999w\" sizes=\"auto, (max-width: 800px) 100vw, 800px\" \/><\/figure>\n<\/div>\n<\/div>\n\n\n\n<div class=\"wp-block-columns is-layout-flex wp-container-core-columns-is-layout-28f84493 wp-block-columns-is-layout-flex\">\n<div class=\"wp-block-column is-layout-flow wp-block-column-is-layout-flow\">\n<figure class=\"wp-block-image size-large\"><img loading=\"lazy\" decoding=\"async\" width=\"800\" height=\"1024\" src=\"https:\/\/conadi.gob.gt\/web\/wp-content\/uploads\/2025\/08\/MENSAJERO-3-800x1024.jpg\" alt=\"\" class=\"wp-image-18738\" srcset=\"https:\/\/conadi.gob.gt\/web\/wp-content\/uploads\/2025\/08\/MENSAJERO-3-800x1024.jpg 800w, https:\/\/conadi.gob.gt\/web\/wp-content\/uploads\/2025\/08\/MENSAJERO-3-234x300.jpg 234w, https:\/\/conadi.gob.gt\/web\/wp-content\/uploads\/2025\/08\/MENSAJERO-3-768x984.jpg 768w, https:\/\/conadi.gob.gt\/web\/wp-content\/uploads\/2025\/08\/MENSAJERO-3-1199x1536.jpg 1199w, https:\/\/conadi.gob.gt\/web\/wp-content\/uploads\/2025\/08\/MENSAJERO-3-scaled.jpg 1999w\" sizes=\"auto, (max-width: 800px) 100vw, 800px\" \/><\/figure>\n<\/div>\n\n\n\n<div class=\"wp-block-column is-layout-flow wp-block-column-is-layout-flow\">\n<figure class=\"wp-block-image size-large\"><img loading=\"lazy\" decoding=\"async\" width=\"800\" height=\"1024\" src=\"https:\/\/conadi.gob.gt\/web\/wp-content\/uploads\/2025\/08\/MENSAJERO-4-800x1024.jpg\" alt=\"\" class=\"wp-image-18739\" srcset=\"https:\/\/conadi.gob.gt\/web\/wp-content\/uploads\/2025\/08\/MENSAJERO-4-800x1024.jpg 800w, https:\/\/conadi.gob.gt\/web\/wp-content\/uploads\/2025\/08\/MENSAJERO-4-234x300.jpg 234w, https:\/\/conadi.gob.gt\/web\/wp-content\/uploads\/2025\/08\/MENSAJERO-4-768x984.jpg 768w, https:\/\/conadi.gob.gt\/web\/wp-content\/uploads\/2025\/08\/MENSAJERO-4-1199x1536.jpg 1199w, https:\/\/conadi.gob.gt\/web\/wp-content\/uploads\/2025\/08\/MENSAJERO-4-scaled.jpg 1999w\" sizes=\"auto, (max-width: 800px) 100vw, 800px\" \/><\/figure>\n<\/div>\n<\/div>\n\n\n\n<div class=\"wp-block-columns is-layout-flex wp-container-core-columns-is-layout-28f84493 wp-block-columns-is-layout-flex\">\n<div class=\"wp-block-column is-layout-flow wp-block-column-is-layout-flow\">\n<figure class=\"wp-block-image size-large\"><img loading=\"lazy\" decoding=\"async\" width=\"800\" height=\"1024\" src=\"https:\/\/conadi.gob.gt\/web\/wp-content\/uploads\/2025\/08\/MENSAJERO-5-800x1024.jpg\" alt=\"\" class=\"wp-image-18740\" srcset=\"https:\/\/conadi.gob.gt\/web\/wp-content\/uploads\/2025\/08\/MENSAJERO-5-800x1024.jpg 800w, https:\/\/conadi.gob.gt\/web\/wp-content\/uploads\/2025\/08\/MENSAJERO-5-234x300.jpg 234w, https:\/\/conadi.gob.gt\/web\/wp-content\/uploads\/2025\/08\/MENSAJERO-5-768x984.jpg 768w, https:\/\/conadi.gob.gt\/web\/wp-content\/uploads\/2025\/08\/MENSAJERO-5-1199x1536.jpg 1199w, https:\/\/conadi.gob.gt\/web\/wp-content\/uploads\/2025\/08\/MENSAJERO-5-scaled.jpg 1999w\" sizes=\"auto, (max-width: 800px) 100vw, 800px\" \/><\/figure>\n<\/div>\n\n\n\n<div class=\"wp-block-column is-layout-flow wp-block-column-is-layout-flow\">\n<figure class=\"wp-block-image size-large\"><img loading=\"lazy\" decoding=\"async\" width=\"800\" height=\"1024\" src=\"https:\/\/conadi.gob.gt\/web\/wp-content\/uploads\/2025\/08\/MENSAJERO-6-800x1024.jpg\" alt=\"\" class=\"wp-image-18741\" srcset=\"https:\/\/conadi.gob.gt\/web\/wp-content\/uploads\/2025\/08\/MENSAJERO-6-800x1024.jpg 800w, https:\/\/conadi.gob.gt\/web\/wp-content\/uploads\/2025\/08\/MENSAJERO-6-234x300.jpg 234w, https:\/\/conadi.gob.gt\/web\/wp-content\/uploads\/2025\/08\/MENSAJERO-6-768x984.jpg 768w, https:\/\/conadi.gob.gt\/web\/wp-content\/uploads\/2025\/08\/MENSAJERO-6-1199x1536.jpg 1199w, https:\/\/conadi.gob.gt\/web\/wp-content\/uploads\/2025\/08\/MENSAJERO-6-scaled.jpg 1999w\" sizes=\"auto, (max-width: 800px) 100vw, 800px\" \/><\/figure>\n<\/div>\n<\/div>\n\n\n\n<figure class=\"wp-block-embed is-type-video is-provider-youtube wp-block-embed-youtube wp-embed-aspect-16-9 wp-has-aspect-ratio\"><div class=\"wp-block-embed__wrapper\">\n<iframe loading=\"lazy\" title=\"MENSAJERO DE LA PAZ 2025\" width=\"950\" height=\"534\" src=\"https:\/\/www.youtube.com\/embed\/RrQwnThWvik?feature=oembed\" frameborder=\"0\" allow=\"accelerometer; autoplay; clipboard-write; encrypted-media; gyroscope; picture-in-picture; web-share\" referrerpolicy=\"strict-origin-when-cross-origin\" allowfullscreen><\/iframe>\n<\/div><\/figure>\n","protected":false},"excerpt":{"rendered":"<p>Bases para la Postulaci\u00f3n de la Persona a Homenajear En el marco del D\u00eda Internacional de las Personas con Discapacidad 3 de diciembre de 2025 Responsable: Consejo Nacional para la Atenci\u00f3n de las Personas con Discapacidad Lugar: Palacio Nacional de la Cultura, Ciudad de Guatemala El Consejo Nacional para la Atenci\u00f3n de las Personas con &hellip; <\/p>\n<p class=\"link-more\"><a href=\"https:\/\/conadi.gob.gt\/web\/mensajero-de-la-paz-2025\/\" class=\"more-link\">Leer m\u00e1s<span class=\"screen-reader-text\"> \u00abMENSAJERO DE LA PAZ 2025\u00bb<\/span><\/a><\/p>\n","protected":false},"author":222,"featured_media":18736,"comment_status":"closed","ping_status":"closed","sticky":false,"template":"","format":"standard","meta":{"footnotes":""},"categories":[3],"tags":[],"class_list":["post-18735","post","type-post","status-publish","format-standard","has-post-thumbnail","hentry","category-noticias"],"_links":{"self":[{"href":"https:\/\/conadi.gob.gt\/web\/wp-json\/wp\/v2\/posts\/18735","targetHints":{"allow":["GET"]}}],"collection":[{"href":"https:\/\/conadi.gob.gt\/web\/wp-json\/wp\/v2\/posts"}],"about":[{"href":"https:\/\/conadi.gob.gt\/web\/wp-json\/wp\/v2\/types\/post"}],"author":[{"embeddable":true,"href":"https:\/\/conadi.gob.gt\/web\/wp-json\/wp\/v2\/users\/222"}],"replies":[{"embeddable":true,"href":"https:\/\/conadi.gob.gt\/web\/wp-json\/wp\/v2\/comments?post=18735"}],"version-history":[{"count":4,"href":"https:\/\/conadi.gob.gt\/web\/wp-json\/wp\/v2\/posts\/18735\/revisions"}],"predecessor-version":[{"id":18746,"href":"https:\/\/conadi.gob.gt\/web\/wp-json\/wp\/v2\/posts\/18735\/revisions\/18746"}],"wp:featuredmedia":[{"embeddable":true,"href":"https:\/\/conadi.gob.gt\/web\/wp-json\/wp\/v2\/media\/18736"}],"wp:attachment":[{"href":"https:\/\/conadi.gob.gt\/web\/wp-json\/wp\/v2\/media?parent=18735"}],"wp:term":[{"taxonomy":"category","embeddable":true,"href":"https:\/\/conadi.gob.gt\/web\/wp-json\/wp\/v2\/categories?post=18735"},{"taxonomy":"post_tag","embeddable":true,"href":"https:\/\/conadi.gob.gt\/web\/wp-json\/wp\/v2\/tags?post=18735"}],"curies":[{"name":"wp","href":"https:\/\/api.w.org\/{rel}","templated":true}]}}