{"id":18980,"date":"2025-09-05T21:10:27","date_gmt":"2025-09-05T21:10:27","guid":{"rendered":"https:\/\/conadi.gob.gt\/web\/?p=18980"},"modified":"2025-09-05T21:10:27","modified_gmt":"2025-09-05T21:10:27","slug":"conadi-hace-un-llamado-a-la-accion-durante-el-arkhe","status":"publish","type":"post","link":"https:\/\/conadi.gob.gt\/web\/conadi-hace-un-llamado-a-la-accion-durante-el-arkhe\/","title":{"rendered":"CONADI HACE UN LLAMADO A LA ACCI\u00d3N DURANTE EL \u00abARKHE\u00bb."},"content":{"rendered":"\n<p>En respuesta a la invitaci\u00f3n girada por la Asociaci\u00f3n de Estudiantes de Arquitectura (AEDA), el CONADI desarroll\u00f3 la Conferencia \u00abAccesibilidad Universal\u00bb durante la jornada del Congreso de Arquitectura 2025 \u00abARKHE\u00bb.<\/p>\n\n\n\n<figure class=\"wp-block-image size-large\"><img loading=\"lazy\" decoding=\"async\" width=\"1024\" height=\"683\" src=\"https:\/\/conadi.gob.gt\/web\/wp-content\/uploads\/2025\/09\/IMG_2053-1024x683.jpg\" alt=\"\" class=\"wp-image-18981\" srcset=\"https:\/\/conadi.gob.gt\/web\/wp-content\/uploads\/2025\/09\/IMG_2053-1024x683.jpg 1024w, https:\/\/conadi.gob.gt\/web\/wp-content\/uploads\/2025\/09\/IMG_2053-300x200.jpg 300w, https:\/\/conadi.gob.gt\/web\/wp-content\/uploads\/2025\/09\/IMG_2053-768x512.jpg 768w, https:\/\/conadi.gob.gt\/web\/wp-content\/uploads\/2025\/09\/IMG_2053-1536x1024.jpg 1536w, https:\/\/conadi.gob.gt\/web\/wp-content\/uploads\/2025\/09\/IMG_2053-scaled-2000x1334.jpg 2000w\" sizes=\"auto, (max-width: 1024px) 100vw, 1024px\" \/><\/figure>\n\n\n\n<p>Durante este espacio, Ana Ligia Tobar, subdirectora T\u00e9cnica del CONADI, agradeci\u00f3 la oportunidad de dirigirse a los futuros arquitectos para que, dentro de su formaci\u00f3n profesional, consideren el tema de la discapacidad y la accesibilidad.<\/p>\n\n\n\n<p>He hizo el llamado a que consideren indispensable que al momento de realizar sus procesos de dise\u00f1o y construcci\u00f3n, puedan impulsar espacios m\u00e1s accesibles e inclusivos, promover la igualdad de oportunidades, la participaci\u00f3n activa y la accesibilidad universal para las personas con discapacidad.<\/p>\n\n\n\n<div class=\"wp-block-columns is-layout-flex wp-container-core-columns-is-layout-28f84493 wp-block-columns-is-layout-flex\">\n<div class=\"wp-block-column is-layout-flow wp-block-column-is-layout-flow\">\n<figure class=\"wp-block-image size-large\"><img loading=\"lazy\" decoding=\"async\" width=\"1024\" height=\"683\" src=\"https:\/\/conadi.gob.gt\/web\/wp-content\/uploads\/2025\/09\/IMG_1954-1024x683.jpg\" alt=\"\" class=\"wp-image-18982\" srcset=\"https:\/\/conadi.gob.gt\/web\/wp-content\/uploads\/2025\/09\/IMG_1954-1024x683.jpg 1024w, https:\/\/conadi.gob.gt\/web\/wp-content\/uploads\/2025\/09\/IMG_1954-300x200.jpg 300w, https:\/\/conadi.gob.gt\/web\/wp-content\/uploads\/2025\/09\/IMG_1954-768x512.jpg 768w, https:\/\/conadi.gob.gt\/web\/wp-content\/uploads\/2025\/09\/IMG_1954-1536x1024.jpg 1536w\" sizes=\"auto, (max-width: 1024px) 100vw, 1024px\" \/><\/figure>\n<\/div>\n\n\n\n<div class=\"wp-block-column is-layout-flow wp-block-column-is-layout-flow\">\n<figure class=\"wp-block-image size-large\"><img loading=\"lazy\" decoding=\"async\" width=\"1024\" height=\"683\" src=\"https:\/\/conadi.gob.gt\/web\/wp-content\/uploads\/2025\/09\/IMG_1952-1024x683.jpg\" alt=\"\" class=\"wp-image-18983\" srcset=\"https:\/\/conadi.gob.gt\/web\/wp-content\/uploads\/2025\/09\/IMG_1952-1024x683.jpg 1024w, https:\/\/conadi.gob.gt\/web\/wp-content\/uploads\/2025\/09\/IMG_1952-300x200.jpg 300w, https:\/\/conadi.gob.gt\/web\/wp-content\/uploads\/2025\/09\/IMG_1952-768x512.jpg 768w, https:\/\/conadi.gob.gt\/web\/wp-content\/uploads\/2025\/09\/IMG_1952-1536x1024.jpg 1536w\" sizes=\"auto, (max-width: 1024px) 100vw, 1024px\" \/><\/figure>\n<\/div>\n<\/div>\n\n\n\n<p><strong>Sobre la conferencia:<\/strong><\/p>\n\n\n\n<p>Esta iniciativa tiene como objetivo impulsar la transformaci\u00f3n de los futuros arquitectos y dise\u00f1adores para que, a trav\u00e9s de sus profesiones, se respeten los derechos de las personas con discapacidad y sean profesionales que le den importancia al respeto, la empat\u00eda y la eliminaci\u00f3n de estigmas y barreras hacia las personas con discapacidad.<\/p>\n\n\n\n<div class=\"wp-block-columns is-layout-flex wp-container-core-columns-is-layout-28f84493 wp-block-columns-is-layout-flex\">\n<div class=\"wp-block-column is-layout-flow wp-block-column-is-layout-flow\">\n<figure class=\"wp-block-image size-large\"><img loading=\"lazy\" decoding=\"async\" width=\"1024\" height=\"683\" src=\"https:\/\/conadi.gob.gt\/web\/wp-content\/uploads\/2025\/09\/IMG_1970-1024x683.jpg\" alt=\"\" class=\"wp-image-18984\" srcset=\"https:\/\/conadi.gob.gt\/web\/wp-content\/uploads\/2025\/09\/IMG_1970-1024x683.jpg 1024w, https:\/\/conadi.gob.gt\/web\/wp-content\/uploads\/2025\/09\/IMG_1970-300x200.jpg 300w, https:\/\/conadi.gob.gt\/web\/wp-content\/uploads\/2025\/09\/IMG_1970-768x512.jpg 768w, https:\/\/conadi.gob.gt\/web\/wp-content\/uploads\/2025\/09\/IMG_1970-1536x1024.jpg 1536w\" sizes=\"auto, (max-width: 1024px) 100vw, 1024px\" \/><\/figure>\n<\/div>\n\n\n\n<div class=\"wp-block-column is-layout-flow wp-block-column-is-layout-flow\">\n<figure class=\"wp-block-image size-large\"><img loading=\"lazy\" decoding=\"async\" width=\"1024\" height=\"683\" src=\"https:\/\/conadi.gob.gt\/web\/wp-content\/uploads\/2025\/09\/IMG_2027-1024x683.jpg\" alt=\"\" class=\"wp-image-18985\" srcset=\"https:\/\/conadi.gob.gt\/web\/wp-content\/uploads\/2025\/09\/IMG_2027-1024x683.jpg 1024w, https:\/\/conadi.gob.gt\/web\/wp-content\/uploads\/2025\/09\/IMG_2027-300x200.jpg 300w, https:\/\/conadi.gob.gt\/web\/wp-content\/uploads\/2025\/09\/IMG_2027-768x512.jpg 768w, https:\/\/conadi.gob.gt\/web\/wp-content\/uploads\/2025\/09\/IMG_2027-1536x1024.jpg 1536w\" sizes=\"auto, (max-width: 1024px) 100vw, 1024px\" \/><\/figure>\n<\/div>\n\n\n\n<div class=\"wp-block-column is-layout-flow wp-block-column-is-layout-flow\">\n<figure class=\"wp-block-image size-large\"><img loading=\"lazy\" decoding=\"async\" width=\"1024\" height=\"683\" src=\"https:\/\/conadi.gob.gt\/web\/wp-content\/uploads\/2025\/09\/IMG_2015-1024x683.jpg\" alt=\"\" class=\"wp-image-18986\" srcset=\"https:\/\/conadi.gob.gt\/web\/wp-content\/uploads\/2025\/09\/IMG_2015-1024x683.jpg 1024w, https:\/\/conadi.gob.gt\/web\/wp-content\/uploads\/2025\/09\/IMG_2015-300x200.jpg 300w, https:\/\/conadi.gob.gt\/web\/wp-content\/uploads\/2025\/09\/IMG_2015-768x512.jpg 768w, https:\/\/conadi.gob.gt\/web\/wp-content\/uploads\/2025\/09\/IMG_2015-1536x1024.jpg 1536w\" sizes=\"auto, (max-width: 1024px) 100vw, 1024px\" \/><\/figure>\n<\/div>\n<\/div>\n\n\n\n<p>Durante la jornada, Junior Alca, t\u00e9cnico de Promoci\u00f3n de Acceso a los Derechos de las Personas con Discapacidad, abord\u00f3 los temas: \u00bfQu\u00e9 es discapacidad?, los distintos tipos de discapacidad y la terminolog\u00eda correcta para referirnos a las personas con discapacidad.<\/p>\n\n\n\n<div class=\"wp-block-columns is-layout-flex wp-container-core-columns-is-layout-28f84493 wp-block-columns-is-layout-flex\">\n<div class=\"wp-block-column is-layout-flow wp-block-column-is-layout-flow\">\n<figure class=\"wp-block-image size-large\"><img loading=\"lazy\" decoding=\"async\" width=\"1024\" height=\"683\" src=\"https:\/\/conadi.gob.gt\/web\/wp-content\/uploads\/2025\/09\/IMG_1995-1024x683.jpg\" alt=\"\" class=\"wp-image-18987\" srcset=\"https:\/\/conadi.gob.gt\/web\/wp-content\/uploads\/2025\/09\/IMG_1995-1024x683.jpg 1024w, https:\/\/conadi.gob.gt\/web\/wp-content\/uploads\/2025\/09\/IMG_1995-300x200.jpg 300w, https:\/\/conadi.gob.gt\/web\/wp-content\/uploads\/2025\/09\/IMG_1995-768x512.jpg 768w, https:\/\/conadi.gob.gt\/web\/wp-content\/uploads\/2025\/09\/IMG_1995-1536x1024.jpg 1536w\" sizes=\"auto, (max-width: 1024px) 100vw, 1024px\" \/><\/figure>\n<\/div>\n\n\n\n<div class=\"wp-block-column is-layout-flow wp-block-column-is-layout-flow\">\n<figure class=\"wp-block-image size-large\"><img loading=\"lazy\" decoding=\"async\" width=\"1024\" height=\"683\" src=\"https:\/\/conadi.gob.gt\/web\/wp-content\/uploads\/2025\/09\/IMG_2000-1024x683.jpg\" alt=\"\" class=\"wp-image-18988\" srcset=\"https:\/\/conadi.gob.gt\/web\/wp-content\/uploads\/2025\/09\/IMG_2000-1024x683.jpg 1024w, https:\/\/conadi.gob.gt\/web\/wp-content\/uploads\/2025\/09\/IMG_2000-300x200.jpg 300w, https:\/\/conadi.gob.gt\/web\/wp-content\/uploads\/2025\/09\/IMG_2000-768x512.jpg 768w, https:\/\/conadi.gob.gt\/web\/wp-content\/uploads\/2025\/09\/IMG_2000-1536x1024.jpg 1536w\" sizes=\"auto, (max-width: 1024px) 100vw, 1024px\" \/><\/figure>\n<\/div>\n<\/div>\n\n\n\n<p>Treacy Zepeda, t\u00e9cnica de Incidencia Pol\u00edtica e Institucional, en su intervenci\u00f3n, desarroll\u00f3 una explicaci\u00f3n sobre la importancia de conocer la diferencia entre accesibilidad universal. Adem\u00e1s, abord\u00f3 los principios del dise\u00f1o universal como garante de los ajustes razonables y el derecho a la accesibilidad de las personas con discapacidad.<\/p>\n\n\n\n<div class=\"wp-block-columns is-layout-flex wp-container-core-columns-is-layout-28f84493 wp-block-columns-is-layout-flex\">\n<div class=\"wp-block-column is-layout-flow wp-block-column-is-layout-flow\">\n<figure class=\"wp-block-image size-large\"><img loading=\"lazy\" decoding=\"async\" width=\"1024\" height=\"683\" src=\"https:\/\/conadi.gob.gt\/web\/wp-content\/uploads\/2025\/09\/IMG_2025-1024x683.jpg\" alt=\"\" class=\"wp-image-18989\" srcset=\"https:\/\/conadi.gob.gt\/web\/wp-content\/uploads\/2025\/09\/IMG_2025-1024x683.jpg 1024w, https:\/\/conadi.gob.gt\/web\/wp-content\/uploads\/2025\/09\/IMG_2025-300x200.jpg 300w, https:\/\/conadi.gob.gt\/web\/wp-content\/uploads\/2025\/09\/IMG_2025-768x512.jpg 768w, https:\/\/conadi.gob.gt\/web\/wp-content\/uploads\/2025\/09\/IMG_2025-1536x1024.jpg 1536w\" sizes=\"auto, (max-width: 1024px) 100vw, 1024px\" \/><\/figure>\n<\/div>\n\n\n\n<div class=\"wp-block-column is-layout-flow wp-block-column-is-layout-flow\">\n<figure class=\"wp-block-image size-large\"><img loading=\"lazy\" decoding=\"async\" width=\"1024\" height=\"683\" src=\"https:\/\/conadi.gob.gt\/web\/wp-content\/uploads\/2025\/09\/IMG_2013-1024x683.jpg\" alt=\"\" class=\"wp-image-18990\" srcset=\"https:\/\/conadi.gob.gt\/web\/wp-content\/uploads\/2025\/09\/IMG_2013-1024x683.jpg 1024w, https:\/\/conadi.gob.gt\/web\/wp-content\/uploads\/2025\/09\/IMG_2013-300x200.jpg 300w, https:\/\/conadi.gob.gt\/web\/wp-content\/uploads\/2025\/09\/IMG_2013-768x512.jpg 768w, https:\/\/conadi.gob.gt\/web\/wp-content\/uploads\/2025\/09\/IMG_2013-1536x1024.jpg 1536w\" sizes=\"auto, (max-width: 1024px) 100vw, 1024px\" \/><\/figure>\n<\/div>\n<\/div>\n\n\n\n<p>William Guamuch, t\u00e9cnico del Servicio Nacional de Discapacidad, se enfoc\u00f3 en la socializaci\u00f3n del Manual de Accesibilidad Universal, una herramienta de apoyo elaborada por el CONADI con el apoyo del Banco Mundial que busca orientar a los planificadores y\/o ejecutores de proyectos; con par\u00e1metros t\u00e9cnicos, lineamientos y recomendaciones para lograr espacios, edificaciones y entornos accesibles para todas las personas, independientemente de su condici\u00f3n.<\/p>\n\n\n\n<div class=\"wp-block-columns is-layout-flex wp-container-core-columns-is-layout-28f84493 wp-block-columns-is-layout-flex\">\n<div class=\"wp-block-column is-layout-flow wp-block-column-is-layout-flow\">\n<figure class=\"wp-block-image size-large\"><img loading=\"lazy\" decoding=\"async\" width=\"1024\" height=\"683\" src=\"https:\/\/conadi.gob.gt\/web\/wp-content\/uploads\/2025\/09\/IMG_2032-1024x683.jpg\" alt=\"\" class=\"wp-image-18991\" srcset=\"https:\/\/conadi.gob.gt\/web\/wp-content\/uploads\/2025\/09\/IMG_2032-1024x683.jpg 1024w, https:\/\/conadi.gob.gt\/web\/wp-content\/uploads\/2025\/09\/IMG_2032-300x200.jpg 300w, https:\/\/conadi.gob.gt\/web\/wp-content\/uploads\/2025\/09\/IMG_2032-768x512.jpg 768w, https:\/\/conadi.gob.gt\/web\/wp-content\/uploads\/2025\/09\/IMG_2032-1536x1024.jpg 1536w\" sizes=\"auto, (max-width: 1024px) 100vw, 1024px\" \/><\/figure>\n<\/div>\n\n\n\n<div class=\"wp-block-column is-layout-flow wp-block-column-is-layout-flow\">\n<figure class=\"wp-block-image size-large\"><img loading=\"lazy\" decoding=\"async\" width=\"1024\" height=\"683\" src=\"https:\/\/conadi.gob.gt\/web\/wp-content\/uploads\/2025\/09\/IMG_2054-1024x683.jpg\" alt=\"\" class=\"wp-image-18992\" srcset=\"https:\/\/conadi.gob.gt\/web\/wp-content\/uploads\/2025\/09\/IMG_2054-1024x683.jpg 1024w, https:\/\/conadi.gob.gt\/web\/wp-content\/uploads\/2025\/09\/IMG_2054-300x200.jpg 300w, https:\/\/conadi.gob.gt\/web\/wp-content\/uploads\/2025\/09\/IMG_2054-768x512.jpg 768w, https:\/\/conadi.gob.gt\/web\/wp-content\/uploads\/2025\/09\/IMG_2054-1536x1024.jpg 1536w\" sizes=\"auto, (max-width: 1024px) 100vw, 1024px\" \/><\/figure>\n<\/div>\n<\/div>\n\n\n\n<p>De los organizadores:<\/p>\n\n\n\n<p>\u00abARKHE\u00bb fue impulsado por la Asociaci\u00f3n de Estudiantes de Arquitectura (AEDA), Rogelia Cruz Mart\u00ednez de la Facultad de Arquitectura de la Universidad de San Carlos de Guatemala.<\/p>\n\n\n\n<p><\/p>\n","protected":false},"excerpt":{"rendered":"<p>En respuesta a la invitaci\u00f3n girada por la Asociaci\u00f3n de Estudiantes de Arquitectura (AEDA), el CONADI desarroll\u00f3 la Conferencia \u00abAccesibilidad Universal\u00bb durante la jornada del Congreso de Arquitectura 2025 \u00abARKHE\u00bb. Durante este espacio, Ana Ligia Tobar, subdirectora T\u00e9cnica del CONADI, agradeci\u00f3 la oportunidad de dirigirse a los futuros arquitectos para que, dentro de su formaci\u00f3n &hellip; <\/p>\n<p class=\"link-more\"><a href=\"https:\/\/conadi.gob.gt\/web\/conadi-hace-un-llamado-a-la-accion-durante-el-arkhe\/\" class=\"more-link\">Leer m\u00e1s<span class=\"screen-reader-text\"> \u00abCONADI HACE UN LLAMADO A LA ACCI\u00d3N DURANTE EL \u00abARKHE\u00bb.\u00bb<\/span><\/a><\/p>\n","protected":false},"author":222,"featured_media":18981,"comment_status":"closed","ping_status":"closed","sticky":false,"template":"","format":"standard","meta":{"footnotes":""},"categories":[3],"tags":[],"class_list":["post-18980","post","type-post","status-publish","format-standard","has-post-thumbnail","hentry","category-noticias"],"_links":{"self":[{"href":"https:\/\/conadi.gob.gt\/web\/wp-json\/wp\/v2\/posts\/18980","targetHints":{"allow":["GET"]}}],"collection":[{"href":"https:\/\/conadi.gob.gt\/web\/wp-json\/wp\/v2\/posts"}],"about":[{"href":"https:\/\/conadi.gob.gt\/web\/wp-json\/wp\/v2\/types\/post"}],"author":[{"embeddable":true,"href":"https:\/\/conadi.gob.gt\/web\/wp-json\/wp\/v2\/users\/222"}],"replies":[{"embeddable":true,"href":"https:\/\/conadi.gob.gt\/web\/wp-json\/wp\/v2\/comments?post=18980"}],"version-history":[{"count":1,"href":"https:\/\/conadi.gob.gt\/web\/wp-json\/wp\/v2\/posts\/18980\/revisions"}],"predecessor-version":[{"id":18993,"href":"https:\/\/conadi.gob.gt\/web\/wp-json\/wp\/v2\/posts\/18980\/revisions\/18993"}],"wp:featuredmedia":[{"embeddable":true,"href":"https:\/\/conadi.gob.gt\/web\/wp-json\/wp\/v2\/media\/18981"}],"wp:attachment":[{"href":"https:\/\/conadi.gob.gt\/web\/wp-json\/wp\/v2\/media?parent=18980"}],"wp:term":[{"taxonomy":"category","embeddable":true,"href":"https:\/\/conadi.gob.gt\/web\/wp-json\/wp\/v2\/categories?post=18980"},{"taxonomy":"post_tag","embeddable":true,"href":"https:\/\/conadi.gob.gt\/web\/wp-json\/wp\/v2\/tags?post=18980"}],"curies":[{"name":"wp","href":"https:\/\/api.w.org\/{rel}","templated":true}]}}