{"id":19045,"date":"2025-09-12T16:05:38","date_gmt":"2025-09-12T16:05:38","guid":{"rendered":"https:\/\/conadi.gob.gt\/web\/?p=19045"},"modified":"2025-10-10T19:21:50","modified_gmt":"2025-10-10T19:21:50","slug":"alinza-interinstitucional-promovio-el-derecho-al-trabajo-y-empleo","status":"publish","type":"post","link":"https:\/\/conadi.gob.gt\/web\/alinza-interinstitucional-promovio-el-derecho-al-trabajo-y-empleo\/","title":{"rendered":"ALIANZA INTERINSTITUCIONAL PROMOVI\u00d3 EL DERECHO AL TRABAJO Y EMPLEO"},"content":{"rendered":"\n<p>Autoridades y representantes de organizaciones de algunos de los subsectores que integran el CONADI participaron en una jornada de dos d\u00edas en la que se desarroll\u00f3 el seminario \u00abInclusi\u00f3n Laboral de Personas con Discapacidad y Movilidad Humana con Enfoque de Derechos Humanos\u00bb, una iniciativa conjunta promovida por el Ministerio de Trabajo y Previsi\u00f3n Social (MINTRAB), junto con el CONADI, la Agencia de las Naciones Unidas para los Refugiados ( ACNUR), Grupo Social ONCE, Por Talento Latinoam\u00e9rica, Fundaci\u00f3n ONCE, el Laboratorio de Innovaci\u00f3n y Emprendimiento del Banco Interamericano de Desarrollo (BID Lab), Por Talento Latinoam\u00e9rica, el Programa Iberoamericano de Discapacidad (PID) y CentraRSE Guatemala.<\/p>\n\n\n\n<figure class=\"wp-block-image size-large\"><img loading=\"lazy\" decoding=\"async\" width=\"1024\" height=\"682\" src=\"https:\/\/conadi.gob.gt\/web\/wp-content\/uploads\/2025\/09\/WhatsApp-Image-2025-09-11-at-16.55.40-1-1024x682.jpeg\" alt=\"\" class=\"wp-image-19047\" srcset=\"https:\/\/conadi.gob.gt\/web\/wp-content\/uploads\/2025\/09\/WhatsApp-Image-2025-09-11-at-16.55.40-1-1024x682.jpeg 1024w, https:\/\/conadi.gob.gt\/web\/wp-content\/uploads\/2025\/09\/WhatsApp-Image-2025-09-11-at-16.55.40-1-300x200.jpeg 300w, https:\/\/conadi.gob.gt\/web\/wp-content\/uploads\/2025\/09\/WhatsApp-Image-2025-09-11-at-16.55.40-1-768x512.jpeg 768w, https:\/\/conadi.gob.gt\/web\/wp-content\/uploads\/2025\/09\/WhatsApp-Image-2025-09-11-at-16.55.40-1-1536x1023.jpeg 1536w, https:\/\/conadi.gob.gt\/web\/wp-content\/uploads\/2025\/09\/WhatsApp-Image-2025-09-11-at-16.55.40-1.jpeg 1600w\" sizes=\"auto, (max-width: 1024px) 100vw, 1024px\" \/><\/figure>\n\n\n\n<div class=\"wp-block-columns is-layout-flex wp-container-core-columns-is-layout-28f84493 wp-block-columns-is-layout-flex\">\n<div class=\"wp-block-column is-layout-flow wp-block-column-is-layout-flow\">\n<figure class=\"wp-block-image size-large\"><img loading=\"lazy\" decoding=\"async\" width=\"1024\" height=\"682\" src=\"https:\/\/conadi.gob.gt\/web\/wp-content\/uploads\/2025\/09\/WhatsApp-Image-2025-09-11-at-16.56.10-1024x682.jpeg\" alt=\"\" class=\"wp-image-19046\" srcset=\"https:\/\/conadi.gob.gt\/web\/wp-content\/uploads\/2025\/09\/WhatsApp-Image-2025-09-11-at-16.56.10-1024x682.jpeg 1024w, https:\/\/conadi.gob.gt\/web\/wp-content\/uploads\/2025\/09\/WhatsApp-Image-2025-09-11-at-16.56.10-300x200.jpeg 300w, https:\/\/conadi.gob.gt\/web\/wp-content\/uploads\/2025\/09\/WhatsApp-Image-2025-09-11-at-16.56.10-768x512.jpeg 768w, https:\/\/conadi.gob.gt\/web\/wp-content\/uploads\/2025\/09\/WhatsApp-Image-2025-09-11-at-16.56.10-1536x1023.jpeg 1536w, https:\/\/conadi.gob.gt\/web\/wp-content\/uploads\/2025\/09\/WhatsApp-Image-2025-09-11-at-16.56.10.jpeg 1600w\" sizes=\"auto, (max-width: 1024px) 100vw, 1024px\" \/><\/figure>\n<\/div>\n\n\n\n<div class=\"wp-block-column is-layout-flow wp-block-column-is-layout-flow\">\n<figure class=\"wp-block-image size-large\"><img loading=\"lazy\" decoding=\"async\" width=\"1024\" height=\"682\" src=\"https:\/\/conadi.gob.gt\/web\/wp-content\/uploads\/2025\/09\/545882463_1227748476047309_1820058870360427978_n-1-1024x682.jpg\" alt=\"\" class=\"wp-image-19061\" srcset=\"https:\/\/conadi.gob.gt\/web\/wp-content\/uploads\/2025\/09\/545882463_1227748476047309_1820058870360427978_n-1-1024x682.jpg 1024w, https:\/\/conadi.gob.gt\/web\/wp-content\/uploads\/2025\/09\/545882463_1227748476047309_1820058870360427978_n-1-300x200.jpg 300w, https:\/\/conadi.gob.gt\/web\/wp-content\/uploads\/2025\/09\/545882463_1227748476047309_1820058870360427978_n-1-768x512.jpg 768w, https:\/\/conadi.gob.gt\/web\/wp-content\/uploads\/2025\/09\/545882463_1227748476047309_1820058870360427978_n-1-1536x1023.jpg 1536w, https:\/\/conadi.gob.gt\/web\/wp-content\/uploads\/2025\/09\/545882463_1227748476047309_1820058870360427978_n-1.jpg 1600w\" sizes=\"auto, (max-width: 1024px) 100vw, 1024px\" \/><figcaption class=\"wp-element-caption\"><strong>Fotograf\u00eda MINTRAB<\/strong><\/figcaption><\/figure>\n<\/div>\n\n\n\n<div class=\"wp-block-column is-layout-flow wp-block-column-is-layout-flow\">\n<figure class=\"wp-block-image size-large\"><img loading=\"lazy\" decoding=\"async\" width=\"1024\" height=\"682\" src=\"https:\/\/conadi.gob.gt\/web\/wp-content\/uploads\/2025\/09\/WhatsApp-Image-2025-09-11-at-16.55.39-1-1024x682.jpeg\" alt=\"\" class=\"wp-image-19049\" srcset=\"https:\/\/conadi.gob.gt\/web\/wp-content\/uploads\/2025\/09\/WhatsApp-Image-2025-09-11-at-16.55.39-1-1024x682.jpeg 1024w, https:\/\/conadi.gob.gt\/web\/wp-content\/uploads\/2025\/09\/WhatsApp-Image-2025-09-11-at-16.55.39-1-300x200.jpeg 300w, https:\/\/conadi.gob.gt\/web\/wp-content\/uploads\/2025\/09\/WhatsApp-Image-2025-09-11-at-16.55.39-1-768x512.jpeg 768w, https:\/\/conadi.gob.gt\/web\/wp-content\/uploads\/2025\/09\/WhatsApp-Image-2025-09-11-at-16.55.39-1-1536x1023.jpeg 1536w, https:\/\/conadi.gob.gt\/web\/wp-content\/uploads\/2025\/09\/WhatsApp-Image-2025-09-11-at-16.55.39-1.jpeg 1600w\" sizes=\"auto, (max-width: 1024px) 100vw, 1024px\" \/><\/figure>\n<\/div>\n<\/div>\n\n\n\n<h2 class=\"wp-block-heading\"><strong>Objetivo del Seminario:<\/strong><\/h2>\n\n\n\n<p>Crear un espacio de fortalecimiento de capacidades para promover la igualdad de oportunidades, la accesibilidad y el respeto a los Derechos Humanos en el trabajo ante las organizaciones de y para personas con discapacidad de Guatemala.<\/p>\n\n\n\n<div class=\"wp-block-columns is-layout-flex wp-container-core-columns-is-layout-28f84493 wp-block-columns-is-layout-flex\">\n<div class=\"wp-block-column is-layout-flow wp-block-column-is-layout-flow\">\n<figure class=\"wp-block-image size-large\"><img loading=\"lazy\" decoding=\"async\" width=\"1024\" height=\"682\" src=\"https:\/\/conadi.gob.gt\/web\/wp-content\/uploads\/2025\/09\/WhatsApp-Image-2025-09-11-at-16.56.09-2-1024x682.jpeg\" alt=\"\" class=\"wp-image-19050\" srcset=\"https:\/\/conadi.gob.gt\/web\/wp-content\/uploads\/2025\/09\/WhatsApp-Image-2025-09-11-at-16.56.09-2-1024x682.jpeg 1024w, https:\/\/conadi.gob.gt\/web\/wp-content\/uploads\/2025\/09\/WhatsApp-Image-2025-09-11-at-16.56.09-2-300x200.jpeg 300w, https:\/\/conadi.gob.gt\/web\/wp-content\/uploads\/2025\/09\/WhatsApp-Image-2025-09-11-at-16.56.09-2-768x512.jpeg 768w, https:\/\/conadi.gob.gt\/web\/wp-content\/uploads\/2025\/09\/WhatsApp-Image-2025-09-11-at-16.56.09-2-1536x1023.jpeg 1536w, https:\/\/conadi.gob.gt\/web\/wp-content\/uploads\/2025\/09\/WhatsApp-Image-2025-09-11-at-16.56.09-2.jpeg 1600w\" sizes=\"auto, (max-width: 1024px) 100vw, 1024px\" \/><\/figure>\n<\/div>\n\n\n\n<div class=\"wp-block-column is-layout-flow wp-block-column-is-layout-flow\">\n<figure class=\"wp-block-image size-large\"><img loading=\"lazy\" decoding=\"async\" width=\"1024\" height=\"682\" src=\"https:\/\/conadi.gob.gt\/web\/wp-content\/uploads\/2025\/09\/546386178_1227748599380630_4123630051612842788_n-1024x682.jpg\" alt=\"\" class=\"wp-image-19063\" srcset=\"https:\/\/conadi.gob.gt\/web\/wp-content\/uploads\/2025\/09\/546386178_1227748599380630_4123630051612842788_n-1024x682.jpg 1024w, https:\/\/conadi.gob.gt\/web\/wp-content\/uploads\/2025\/09\/546386178_1227748599380630_4123630051612842788_n-300x200.jpg 300w, https:\/\/conadi.gob.gt\/web\/wp-content\/uploads\/2025\/09\/546386178_1227748599380630_4123630051612842788_n-768x512.jpg 768w, https:\/\/conadi.gob.gt\/web\/wp-content\/uploads\/2025\/09\/546386178_1227748599380630_4123630051612842788_n-1536x1023.jpg 1536w, https:\/\/conadi.gob.gt\/web\/wp-content\/uploads\/2025\/09\/546386178_1227748599380630_4123630051612842788_n.jpg 1600w\" sizes=\"auto, (max-width: 1024px) 100vw, 1024px\" \/><figcaption class=\"wp-element-caption\"><strong>Fotograf\u00eda MINTRAB<\/strong><\/figcaption><\/figure>\n<\/div>\n<\/div>\n\n\n\n<h2 class=\"wp-block-heading\"><strong>De las autoridades:<\/strong><\/h2>\n\n\n\n<p>Durante la jornada de dos d\u00edas se cont\u00f3 con la participaci\u00f3n de la ministra de Trabajo y Previsi\u00f3n Social, Miriam Roquel Ch\u00e1vez , quien, junto con Natalia Guala, directora t\u00e9cnica de Relaciones Internacionales del Grupo Social ONCE; Lilena Mart\u00ednez de Soto, jefa de Operaciones del BID en Guatemala; Magda Medina, representante de ACNUR, y Maira Rivas, del Consejo Nacional para la Atenci\u00f3n de las Personas con Discapacidad de Guatemala, impulsaron esta jornada de intervenci\u00f3n para generar conciencia, formaci\u00f3n y acci\u00f3n concreta en torno a la inclusi\u00f3n de las personas con discapacidad en el \u00e1mbito laboral.<br \/>Miriam Roquel, Ministra de Trabajo, fue la encargada de la apertura del seminario \u00abInclusi\u00f3n Laboral de Personas con Discapacidad y Movilidad Humana con Enfoque de Derechos Humanos\u00bb, un modelo de formaci\u00f3n de inclusi\u00f3n laboral que se desarroll\u00f3 por primera vez en nuestro pa\u00eds. Reafirm\u00f3 el compromiso del Estado, asegurando que se est\u00e1 trabajando para abrir brechas laborales para las personas con discapacidad, y que con el apoyo de las empresas privadas y el sector p\u00fablico se puedan dejar atr\u00e1s estigmas sociales y tener una verdadera inclusi\u00f3n social.<\/p>\n\n\n\n<p>Maira Rivas, Presidenta del CONADI, asegur\u00f3 que los esfuerzos en conjunto son parte importante del cambio para la inclusi\u00f3n de las personas con discapacidad en espacios laborales dignos, en los cuales no se ten\u00eda esa apertura.<\/p>\n\n\n\n<div class=\"wp-block-columns is-layout-flex wp-container-core-columns-is-layout-28f84493 wp-block-columns-is-layout-flex\">\n<div class=\"wp-block-column is-layout-flow wp-block-column-is-layout-flow\">\n<figure class=\"wp-block-image size-large\"><img loading=\"lazy\" decoding=\"async\" width=\"1024\" height=\"682\" src=\"https:\/\/conadi.gob.gt\/web\/wp-content\/uploads\/2025\/09\/546629591_1227748632713960_9090404074012429838_n-1024x682.jpg\" alt=\"\" class=\"wp-image-19064\" srcset=\"https:\/\/conadi.gob.gt\/web\/wp-content\/uploads\/2025\/09\/546629591_1227748632713960_9090404074012429838_n-1024x682.jpg 1024w, https:\/\/conadi.gob.gt\/web\/wp-content\/uploads\/2025\/09\/546629591_1227748632713960_9090404074012429838_n-300x200.jpg 300w, https:\/\/conadi.gob.gt\/web\/wp-content\/uploads\/2025\/09\/546629591_1227748632713960_9090404074012429838_n-768x512.jpg 768w, https:\/\/conadi.gob.gt\/web\/wp-content\/uploads\/2025\/09\/546629591_1227748632713960_9090404074012429838_n-1536x1023.jpg 1536w, https:\/\/conadi.gob.gt\/web\/wp-content\/uploads\/2025\/09\/546629591_1227748632713960_9090404074012429838_n.jpg 1600w\" sizes=\"auto, (max-width: 1024px) 100vw, 1024px\" \/><figcaption class=\"wp-element-caption\"><strong>Fotograf\u00eda MINTRAB<\/strong><\/figcaption><\/figure>\n<\/div>\n\n\n\n<div class=\"wp-block-column is-layout-flow wp-block-column-is-layout-flow\">\n<figure class=\"wp-block-image size-large\"><img loading=\"lazy\" decoding=\"async\" width=\"1024\" height=\"682\" src=\"https:\/\/conadi.gob.gt\/web\/wp-content\/uploads\/2025\/09\/WhatsApp-Image-2025-09-11-at-16.55.39-1024x682.jpeg\" alt=\"\" class=\"wp-image-19053\" srcset=\"https:\/\/conadi.gob.gt\/web\/wp-content\/uploads\/2025\/09\/WhatsApp-Image-2025-09-11-at-16.55.39-1024x682.jpeg 1024w, https:\/\/conadi.gob.gt\/web\/wp-content\/uploads\/2025\/09\/WhatsApp-Image-2025-09-11-at-16.55.39-300x200.jpeg 300w, https:\/\/conadi.gob.gt\/web\/wp-content\/uploads\/2025\/09\/WhatsApp-Image-2025-09-11-at-16.55.39-768x512.jpeg 768w, https:\/\/conadi.gob.gt\/web\/wp-content\/uploads\/2025\/09\/WhatsApp-Image-2025-09-11-at-16.55.39-1536x1023.jpeg 1536w, https:\/\/conadi.gob.gt\/web\/wp-content\/uploads\/2025\/09\/WhatsApp-Image-2025-09-11-at-16.55.39.jpeg 1600w\" sizes=\"auto, (max-width: 1024px) 100vw, 1024px\" \/><\/figure>\n<\/div>\n<\/div>\n\n\n\n<p>Natalia Guala, directora t\u00e9cnica de Relaciones Internacionales del Grupo Social ONCE, quien en su intervenci\u00f3n en modalidad virtual mencion\u00f3 que la apertura de espacios laborales para las personas con discapacidad a nivel mundial es parte del trabajo en conjunto que se realiza desde las instituciones de gobierno y con las organizaciones a nivel internacional. Asimismo, Magda Medina, representante de ACNUR Guatemala, agradeci\u00f3 a los empleadores tanto p\u00fablicos como privados por su compromiso de promover el acceso a un trabajo digno para las personas con discapacidad.<\/p>\n\n\n\n<div class=\"wp-block-columns is-layout-flex wp-container-core-columns-is-layout-28f84493 wp-block-columns-is-layout-flex\">\n<div class=\"wp-block-column is-layout-flow wp-block-column-is-layout-flow\">\n<figure class=\"wp-block-image size-large\"><img loading=\"lazy\" decoding=\"async\" width=\"1024\" height=\"682\" src=\"https:\/\/conadi.gob.gt\/web\/wp-content\/uploads\/2025\/09\/WhatsApp-Image-2025-09-11-at-16.55.40-3-1024x682.jpeg\" alt=\"\" class=\"wp-image-19054\" srcset=\"https:\/\/conadi.gob.gt\/web\/wp-content\/uploads\/2025\/09\/WhatsApp-Image-2025-09-11-at-16.55.40-3-1024x682.jpeg 1024w, https:\/\/conadi.gob.gt\/web\/wp-content\/uploads\/2025\/09\/WhatsApp-Image-2025-09-11-at-16.55.40-3-300x200.jpeg 300w, https:\/\/conadi.gob.gt\/web\/wp-content\/uploads\/2025\/09\/WhatsApp-Image-2025-09-11-at-16.55.40-3-768x512.jpeg 768w, https:\/\/conadi.gob.gt\/web\/wp-content\/uploads\/2025\/09\/WhatsApp-Image-2025-09-11-at-16.55.40-3-1536x1023.jpeg 1536w, https:\/\/conadi.gob.gt\/web\/wp-content\/uploads\/2025\/09\/WhatsApp-Image-2025-09-11-at-16.55.40-3.jpeg 1600w\" sizes=\"auto, (max-width: 1024px) 100vw, 1024px\" \/><\/figure>\n<\/div>\n<\/div>\n\n\n\n<h2 class=\"wp-block-heading\"><strong>De la Jornada:<\/strong><\/h2>\n\n\n\n<p>Con este seminario, el MINTRAB reafirm\u00f3 su compromiso con la igualdad de oportunidades y la construcci\u00f3n de entornos laborales m\u00e1s justos, accesibles e inclusivos. Este espacio permiti\u00f3 reunir a expertos en la materia de derechos laborales y a agentes clave en mejorar la vida de las personas con discapacidad a trav\u00e9s del desarrollo de habilidades e inclusi\u00f3n laboral.<\/p>\n\n\n\n<p>Las exposiciones se llevaron a cabo en dos conversatorios donde se abord\u00f3 la Protecci\u00f3n Internacional e Inclusi\u00f3n Laboral con enfoque de Movilidad Humana; por qu\u00e9 apostar por el talento de las personas con discapacidad; la contrataci\u00f3n de personas con discapacidad basada en el talento y la presentaci\u00f3n de la Gu\u00eda de Inclusi\u00f3n Laboral para la Poblaci\u00f3n con Discapacidad.<\/p>\n\n\n\n<div class=\"wp-block-columns is-layout-flex wp-container-core-columns-is-layout-28f84493 wp-block-columns-is-layout-flex\">\n<div class=\"wp-block-column is-layout-flow wp-block-column-is-layout-flow\">\n<figure class=\"wp-block-image size-large\"><img loading=\"lazy\" decoding=\"async\" width=\"1024\" height=\"682\" src=\"https:\/\/conadi.gob.gt\/web\/wp-content\/uploads\/2025\/09\/WhatsApp-Image-2025-09-11-at-16.55.38-1024x682.jpeg\" alt=\"\" class=\"wp-image-19059\" srcset=\"https:\/\/conadi.gob.gt\/web\/wp-content\/uploads\/2025\/09\/WhatsApp-Image-2025-09-11-at-16.55.38-1024x682.jpeg 1024w, https:\/\/conadi.gob.gt\/web\/wp-content\/uploads\/2025\/09\/WhatsApp-Image-2025-09-11-at-16.55.38-300x200.jpeg 300w, https:\/\/conadi.gob.gt\/web\/wp-content\/uploads\/2025\/09\/WhatsApp-Image-2025-09-11-at-16.55.38-768x512.jpeg 768w, https:\/\/conadi.gob.gt\/web\/wp-content\/uploads\/2025\/09\/WhatsApp-Image-2025-09-11-at-16.55.38-1536x1023.jpeg 1536w, https:\/\/conadi.gob.gt\/web\/wp-content\/uploads\/2025\/09\/WhatsApp-Image-2025-09-11-at-16.55.38.jpeg 1600w\" sizes=\"auto, (max-width: 1024px) 100vw, 1024px\" \/><\/figure>\n<\/div>\n\n\n\n<div class=\"wp-block-column is-layout-flow wp-block-column-is-layout-flow\">\n<figure class=\"wp-block-image size-large\"><img loading=\"lazy\" decoding=\"async\" width=\"1024\" height=\"682\" src=\"https:\/\/conadi.gob.gt\/web\/wp-content\/uploads\/2025\/09\/WhatsApp-Image-2025-09-11-at-16.56.10-3-1024x682.jpeg\" alt=\"\" class=\"wp-image-19058\" srcset=\"https:\/\/conadi.gob.gt\/web\/wp-content\/uploads\/2025\/09\/WhatsApp-Image-2025-09-11-at-16.56.10-3-1024x682.jpeg 1024w, https:\/\/conadi.gob.gt\/web\/wp-content\/uploads\/2025\/09\/WhatsApp-Image-2025-09-11-at-16.56.10-3-300x200.jpeg 300w, https:\/\/conadi.gob.gt\/web\/wp-content\/uploads\/2025\/09\/WhatsApp-Image-2025-09-11-at-16.56.10-3-768x512.jpeg 768w, https:\/\/conadi.gob.gt\/web\/wp-content\/uploads\/2025\/09\/WhatsApp-Image-2025-09-11-at-16.56.10-3-1536x1023.jpeg 1536w, https:\/\/conadi.gob.gt\/web\/wp-content\/uploads\/2025\/09\/WhatsApp-Image-2025-09-11-at-16.56.10-3.jpeg 1600w\" sizes=\"auto, (max-width: 1024px) 100vw, 1024px\" \/><\/figure>\n<\/div>\n<\/div>\n\n\n\n<div class=\"wp-block-columns is-layout-flex wp-container-core-columns-is-layout-28f84493 wp-block-columns-is-layout-flex\">\n<div class=\"wp-block-column is-layout-flow wp-block-column-is-layout-flow\">\n<figure class=\"wp-block-image size-large\"><img loading=\"lazy\" decoding=\"async\" width=\"1024\" height=\"682\" src=\"https:\/\/conadi.gob.gt\/web\/wp-content\/uploads\/2025\/09\/WhatsApp-Image-2025-09-11-at-16.55.40-2-1024x682.jpeg\" alt=\"\" class=\"wp-image-19055\" srcset=\"https:\/\/conadi.gob.gt\/web\/wp-content\/uploads\/2025\/09\/WhatsApp-Image-2025-09-11-at-16.55.40-2-1024x682.jpeg 1024w, https:\/\/conadi.gob.gt\/web\/wp-content\/uploads\/2025\/09\/WhatsApp-Image-2025-09-11-at-16.55.40-2-300x200.jpeg 300w, https:\/\/conadi.gob.gt\/web\/wp-content\/uploads\/2025\/09\/WhatsApp-Image-2025-09-11-at-16.55.40-2-768x512.jpeg 768w, https:\/\/conadi.gob.gt\/web\/wp-content\/uploads\/2025\/09\/WhatsApp-Image-2025-09-11-at-16.55.40-2-1536x1023.jpeg 1536w, https:\/\/conadi.gob.gt\/web\/wp-content\/uploads\/2025\/09\/WhatsApp-Image-2025-09-11-at-16.55.40-2.jpeg 1600w\" sizes=\"auto, (max-width: 1024px) 100vw, 1024px\" \/><\/figure>\n<\/div>\n\n\n\n<div class=\"wp-block-column is-layout-flow wp-block-column-is-layout-flow\">\n<figure class=\"wp-block-image size-large\"><img loading=\"lazy\" decoding=\"async\" width=\"1024\" height=\"682\" src=\"https:\/\/conadi.gob.gt\/web\/wp-content\/uploads\/2025\/09\/WhatsApp-Image-2025-09-11-at-16.56.09-1024x682.jpeg\" alt=\"\" class=\"wp-image-19056\" srcset=\"https:\/\/conadi.gob.gt\/web\/wp-content\/uploads\/2025\/09\/WhatsApp-Image-2025-09-11-at-16.56.09-1024x682.jpeg 1024w, https:\/\/conadi.gob.gt\/web\/wp-content\/uploads\/2025\/09\/WhatsApp-Image-2025-09-11-at-16.56.09-300x200.jpeg 300w, https:\/\/conadi.gob.gt\/web\/wp-content\/uploads\/2025\/09\/WhatsApp-Image-2025-09-11-at-16.56.09-768x512.jpeg 768w, https:\/\/conadi.gob.gt\/web\/wp-content\/uploads\/2025\/09\/WhatsApp-Image-2025-09-11-at-16.56.09-1536x1023.jpeg 1536w, https:\/\/conadi.gob.gt\/web\/wp-content\/uploads\/2025\/09\/WhatsApp-Image-2025-09-11-at-16.56.09.jpeg 1600w\" sizes=\"auto, (max-width: 1024px) 100vw, 1024px\" \/><\/figure>\n<\/div>\n\n\n\n<div class=\"wp-block-column is-layout-flow wp-block-column-is-layout-flow\">\n<figure class=\"wp-block-image size-large\"><img loading=\"lazy\" decoding=\"async\" width=\"1024\" height=\"682\" src=\"https:\/\/conadi.gob.gt\/web\/wp-content\/uploads\/2025\/09\/546857326_1227748546047302_6180031693867543812_n-1024x682.jpg\" alt=\"\" class=\"wp-image-19065\" srcset=\"https:\/\/conadi.gob.gt\/web\/wp-content\/uploads\/2025\/09\/546857326_1227748546047302_6180031693867543812_n-1024x682.jpg 1024w, https:\/\/conadi.gob.gt\/web\/wp-content\/uploads\/2025\/09\/546857326_1227748546047302_6180031693867543812_n-300x200.jpg 300w, https:\/\/conadi.gob.gt\/web\/wp-content\/uploads\/2025\/09\/546857326_1227748546047302_6180031693867543812_n-768x512.jpg 768w, https:\/\/conadi.gob.gt\/web\/wp-content\/uploads\/2025\/09\/546857326_1227748546047302_6180031693867543812_n-1536x1023.jpg 1536w, https:\/\/conadi.gob.gt\/web\/wp-content\/uploads\/2025\/09\/546857326_1227748546047302_6180031693867543812_n.jpg 1600w\" sizes=\"auto, (max-width: 1024px) 100vw, 1024px\" \/><figcaption class=\"wp-element-caption\"><strong>Fotograf\u00eda MINTRAB<\/strong><\/figcaption><\/figure>\n<\/div>\n<\/div>\n","protected":false},"excerpt":{"rendered":"<p>Autoridades y representantes de organizaciones de algunos de los subsectores que integran el CONADI participaron en una jornada de dos d\u00edas en la que se desarroll\u00f3 el seminario \u00abInclusi\u00f3n Laboral de Personas con Discapacidad y Movilidad Humana con Enfoque de Derechos Humanos\u00bb, una iniciativa conjunta promovida por el Ministerio de Trabajo y Previsi\u00f3n Social (MINTRAB), &hellip; <\/p>\n<p class=\"link-more\"><a href=\"https:\/\/conadi.gob.gt\/web\/alinza-interinstitucional-promovio-el-derecho-al-trabajo-y-empleo\/\" class=\"more-link\">Leer m\u00e1s<span class=\"screen-reader-text\"> \u00abALIANZA INTERINSTITUCIONAL PROMOVI\u00d3 EL DERECHO AL TRABAJO Y EMPLEO\u00bb<\/span><\/a><\/p>\n","protected":false},"author":222,"featured_media":19047,"comment_status":"closed","ping_status":"closed","sticky":false,"template":"","format":"standard","meta":{"footnotes":""},"categories":[3],"tags":[],"class_list":["post-19045","post","type-post","status-publish","format-standard","has-post-thumbnail","hentry","category-noticias"],"_links":{"self":[{"href":"https:\/\/conadi.gob.gt\/web\/wp-json\/wp\/v2\/posts\/19045","targetHints":{"allow":["GET"]}}],"collection":[{"href":"https:\/\/conadi.gob.gt\/web\/wp-json\/wp\/v2\/posts"}],"about":[{"href":"https:\/\/conadi.gob.gt\/web\/wp-json\/wp\/v2\/types\/post"}],"author":[{"embeddable":true,"href":"https:\/\/conadi.gob.gt\/web\/wp-json\/wp\/v2\/users\/222"}],"replies":[{"embeddable":true,"href":"https:\/\/conadi.gob.gt\/web\/wp-json\/wp\/v2\/comments?post=19045"}],"version-history":[{"count":4,"href":"https:\/\/conadi.gob.gt\/web\/wp-json\/wp\/v2\/posts\/19045\/revisions"}],"predecessor-version":[{"id":19195,"href":"https:\/\/conadi.gob.gt\/web\/wp-json\/wp\/v2\/posts\/19045\/revisions\/19195"}],"wp:featuredmedia":[{"embeddable":true,"href":"https:\/\/conadi.gob.gt\/web\/wp-json\/wp\/v2\/media\/19047"}],"wp:attachment":[{"href":"https:\/\/conadi.gob.gt\/web\/wp-json\/wp\/v2\/media?parent=19045"}],"wp:term":[{"taxonomy":"category","embeddable":true,"href":"https:\/\/conadi.gob.gt\/web\/wp-json\/wp\/v2\/categories?post=19045"},{"taxonomy":"post_tag","embeddable":true,"href":"https:\/\/conadi.gob.gt\/web\/wp-json\/wp\/v2\/tags?post=19045"}],"curies":[{"name":"wp","href":"https:\/\/api.w.org\/{rel}","templated":true}]}}