{"id":19211,"date":"2025-10-23T17:41:01","date_gmt":"2025-10-23T17:41:01","guid":{"rendered":"https:\/\/conadi.gob.gt\/web\/?p=19211"},"modified":"2025-10-23T17:59:49","modified_gmt":"2025-10-23T17:59:49","slug":"presentan-resultados-de-las-jornadas-de-trabajo-internistitucional","status":"publish","type":"post","link":"https:\/\/conadi.gob.gt\/web\/presentan-resultados-de-las-jornadas-de-trabajo-internistitucional\/","title":{"rendered":"PRESENTAN RESULTADOS DE LAS JORNADAS DE TRABAJO INTERNISTITUCIONAL"},"content":{"rendered":"\n<p>En el marco de las recomendaciones realizadas al Estado de Guatemala para el cumplimiento de la Convenci\u00f3n sobre los Derechos de las Personas con Discapacidad, la Procuradur\u00eda de los Derechos Humanos presento las propuestas realizadas por organizaciones de personas con discapacidad y tambi\u00e9n por personas de sociedad civil, para la Creaci\u00f3n del Mecanismo de Supervisi\u00f3n Independiente, establecido en el art\u00edculo 33 de la Convenci\u00f3n.<\/p>\n\n\n\n<figure class=\"wp-block-image size-large\"><img loading=\"lazy\" decoding=\"async\" width=\"1024\" height=\"683\" src=\"https:\/\/conadi.gob.gt\/web\/wp-content\/uploads\/2025\/10\/IMG_3472-1024x683.jpg\" alt=\"\" class=\"wp-image-19212\" srcset=\"https:\/\/conadi.gob.gt\/web\/wp-content\/uploads\/2025\/10\/IMG_3472-1024x683.jpg 1024w, https:\/\/conadi.gob.gt\/web\/wp-content\/uploads\/2025\/10\/IMG_3472-300x200.jpg 300w, https:\/\/conadi.gob.gt\/web\/wp-content\/uploads\/2025\/10\/IMG_3472-768x512.jpg 768w, https:\/\/conadi.gob.gt\/web\/wp-content\/uploads\/2025\/10\/IMG_3472-1536x1024.jpg 1536w, https:\/\/conadi.gob.gt\/web\/wp-content\/uploads\/2025\/10\/IMG_3472-scaled-2000x1334.jpg 2000w\" sizes=\"auto, (max-width: 1024px) 100vw, 1024px\" \/><\/figure>\n\n\n\n<p>Para llegar a dichas propuestas, se realizaron 3 giras de trabajo, en la ciudad capital, Quetzaltenango y Zacapa, en las cuales participaron representantes de organizaciones adscritas al CONADI as\u00ed como personal t\u00e9cnico que apoyo la realizaci\u00f3n de estas actividades.<\/p>\n\n\n\n<div class=\"wp-block-columns is-layout-flex wp-container-core-columns-is-layout-28f84493 wp-block-columns-is-layout-flex\">\n<div class=\"wp-block-column is-layout-flow wp-block-column-is-layout-flow\">\n<figure class=\"wp-block-image size-large\"><img loading=\"lazy\" decoding=\"async\" width=\"1024\" height=\"683\" src=\"https:\/\/conadi.gob.gt\/web\/wp-content\/uploads\/2025\/10\/IMG_3438-1024x683.jpg\" alt=\"\" class=\"wp-image-19223\" srcset=\"https:\/\/conadi.gob.gt\/web\/wp-content\/uploads\/2025\/10\/IMG_3438-1024x683.jpg 1024w, https:\/\/conadi.gob.gt\/web\/wp-content\/uploads\/2025\/10\/IMG_3438-300x200.jpg 300w, https:\/\/conadi.gob.gt\/web\/wp-content\/uploads\/2025\/10\/IMG_3438-768x512.jpg 768w, https:\/\/conadi.gob.gt\/web\/wp-content\/uploads\/2025\/10\/IMG_3438-1536x1024.jpg 1536w\" sizes=\"auto, (max-width: 1024px) 100vw, 1024px\" \/><\/figure>\n<\/div>\n\n\n\n<div class=\"wp-block-column is-layout-flow wp-block-column-is-layout-flow\">\n<figure class=\"wp-block-image size-large\"><img loading=\"lazy\" decoding=\"async\" width=\"1024\" height=\"683\" src=\"https:\/\/conadi.gob.gt\/web\/wp-content\/uploads\/2025\/10\/IMG_3446-1024x683.jpg\" alt=\"\" class=\"wp-image-19214\" srcset=\"https:\/\/conadi.gob.gt\/web\/wp-content\/uploads\/2025\/10\/IMG_3446-1024x683.jpg 1024w, https:\/\/conadi.gob.gt\/web\/wp-content\/uploads\/2025\/10\/IMG_3446-300x200.jpg 300w, https:\/\/conadi.gob.gt\/web\/wp-content\/uploads\/2025\/10\/IMG_3446-768x512.jpg 768w, https:\/\/conadi.gob.gt\/web\/wp-content\/uploads\/2025\/10\/IMG_3446-1536x1024.jpg 1536w\" sizes=\"auto, (max-width: 1024px) 100vw, 1024px\" \/><\/figure>\n<\/div>\n<\/div>\n\n\n\n<div class=\"wp-block-columns is-layout-flex wp-container-core-columns-is-layout-28f84493 wp-block-columns-is-layout-flex\">\n<div class=\"wp-block-column is-layout-flow wp-block-column-is-layout-flow\">\n<figure class=\"wp-block-image size-large\"><img loading=\"lazy\" decoding=\"async\" width=\"1024\" height=\"683\" src=\"https:\/\/conadi.gob.gt\/web\/wp-content\/uploads\/2025\/10\/IMG_3446-1024x683.jpg\" alt=\"\" class=\"wp-image-19214\" srcset=\"https:\/\/conadi.gob.gt\/web\/wp-content\/uploads\/2025\/10\/IMG_3446-1024x683.jpg 1024w, https:\/\/conadi.gob.gt\/web\/wp-content\/uploads\/2025\/10\/IMG_3446-300x200.jpg 300w, https:\/\/conadi.gob.gt\/web\/wp-content\/uploads\/2025\/10\/IMG_3446-768x512.jpg 768w, https:\/\/conadi.gob.gt\/web\/wp-content\/uploads\/2025\/10\/IMG_3446-1536x1024.jpg 1536w\" sizes=\"auto, (max-width: 1024px) 100vw, 1024px\" \/><\/figure>\n<\/div>\n\n\n\n<div class=\"wp-block-column is-layout-flow wp-block-column-is-layout-flow\">\n<figure class=\"wp-block-image size-large\"><img loading=\"lazy\" decoding=\"async\" width=\"1024\" height=\"683\" src=\"https:\/\/conadi.gob.gt\/web\/wp-content\/uploads\/2025\/10\/IMG_3435-1024x683.jpg\" alt=\"\" class=\"wp-image-19222\" srcset=\"https:\/\/conadi.gob.gt\/web\/wp-content\/uploads\/2025\/10\/IMG_3435-1024x683.jpg 1024w, https:\/\/conadi.gob.gt\/web\/wp-content\/uploads\/2025\/10\/IMG_3435-300x200.jpg 300w, https:\/\/conadi.gob.gt\/web\/wp-content\/uploads\/2025\/10\/IMG_3435-768x512.jpg 768w, https:\/\/conadi.gob.gt\/web\/wp-content\/uploads\/2025\/10\/IMG_3435-1536x1024.jpg 1536w\" sizes=\"auto, (max-width: 1024px) 100vw, 1024px\" \/><\/figure>\n<\/div>\n<\/div>\n\n\n\n<p>La Procuradora Adjunta II Licda. Ana Gabriela Cruz Leal, mencion\u00f3 que las propuestas presentadas son producto del di\u00e1logo y del compromiso de los asistentes en las giras y que estos espacios son para construir un pa\u00eds mas incluyente y respetuoso, siendo \u00e9ste un esfuerzo que realizaron todos los participantes para aportar y as\u00ed poder llegar a una verdadera inclusi\u00f3n como pa\u00eds.<\/p>\n\n\n\n<figure class=\"wp-block-image size-large\"><img loading=\"lazy\" decoding=\"async\" width=\"1024\" height=\"683\" src=\"https:\/\/conadi.gob.gt\/web\/wp-content\/uploads\/2025\/10\/IMG_3399-1024x683.jpg\" alt=\"\" class=\"wp-image-19215\" srcset=\"https:\/\/conadi.gob.gt\/web\/wp-content\/uploads\/2025\/10\/IMG_3399-1024x683.jpg 1024w, https:\/\/conadi.gob.gt\/web\/wp-content\/uploads\/2025\/10\/IMG_3399-300x200.jpg 300w, https:\/\/conadi.gob.gt\/web\/wp-content\/uploads\/2025\/10\/IMG_3399-768x512.jpg 768w, https:\/\/conadi.gob.gt\/web\/wp-content\/uploads\/2025\/10\/IMG_3399-1536x1024.jpg 1536w\" sizes=\"auto, (max-width: 1024px) 100vw, 1024px\" \/><\/figure>\n\n\n\n<p>Jorge Tzun\u00fan, vocal de Junta Directiva del CONADI, manifest\u00f3 que las alianzas institucionales fortalecen los procesos de incidencia y de inclusi\u00f3n social de la poblaci\u00f3n con discapacidad, ya que, no se pueden realizar acciones aisladas debido a que todos buscan un fin com\u00fan que es, mejorar la calidad de vida del 10.2% de la poblaci\u00f3n con discapacidad, seg\u00fan la estad\u00edstica nacional realizada en 2016; tambi\u00e9n mencion\u00f3 que, el Estado de Guatemala al momento de ratificar la Convenci\u00f3n sobre los Derechos de las personas con discapacidad, se comprometi\u00f3 a asignar recursos para la inclusi\u00f3n social de este grupo poblacional.<\/p>\n\n\n\n<figure class=\"wp-block-image size-large\"><img loading=\"lazy\" decoding=\"async\" width=\"1024\" height=\"683\" src=\"https:\/\/conadi.gob.gt\/web\/wp-content\/uploads\/2025\/10\/IMG_3408-1024x683.jpg\" alt=\"\" class=\"wp-image-19216\" srcset=\"https:\/\/conadi.gob.gt\/web\/wp-content\/uploads\/2025\/10\/IMG_3408-1024x683.jpg 1024w, https:\/\/conadi.gob.gt\/web\/wp-content\/uploads\/2025\/10\/IMG_3408-300x200.jpg 300w, https:\/\/conadi.gob.gt\/web\/wp-content\/uploads\/2025\/10\/IMG_3408-768x512.jpg 768w, https:\/\/conadi.gob.gt\/web\/wp-content\/uploads\/2025\/10\/IMG_3408-1536x1024.jpg 1536w\" sizes=\"auto, (max-width: 1024px) 100vw, 1024px\" \/><\/figure>\n\n\n\n<p>Asimismo enfatizo que, como CONADI se sigue accionando y apoyando en los proceso interinstitucionales para poder lograr obtener objetivos que se tienen en com\u00fan; para finalizar agradeci\u00f3 a las personas de los departamentos, pues gracias a ellos se pudo escuchar las vivencias de las personas con discapacidad que viven en el \u00e1rea rural, asimismo, invito a otras instituciones a que se sumen a estos procesos que buscan una verdadera inclusi\u00f3n social.<\/p>\n\n\n\n<div class=\"wp-block-columns is-layout-flex wp-container-core-columns-is-layout-28f84493 wp-block-columns-is-layout-flex\">\n<div class=\"wp-block-column is-layout-flow wp-block-column-is-layout-flow\">\n<figure class=\"wp-block-image size-large\"><img loading=\"lazy\" decoding=\"async\" width=\"1024\" height=\"683\" src=\"https:\/\/conadi.gob.gt\/web\/wp-content\/uploads\/2025\/10\/IMG_3418-1024x683.jpg\" alt=\"\" class=\"wp-image-19217\" srcset=\"https:\/\/conadi.gob.gt\/web\/wp-content\/uploads\/2025\/10\/IMG_3418-1024x683.jpg 1024w, https:\/\/conadi.gob.gt\/web\/wp-content\/uploads\/2025\/10\/IMG_3418-300x200.jpg 300w, https:\/\/conadi.gob.gt\/web\/wp-content\/uploads\/2025\/10\/IMG_3418-768x512.jpg 768w, https:\/\/conadi.gob.gt\/web\/wp-content\/uploads\/2025\/10\/IMG_3418-1536x1024.jpg 1536w\" sizes=\"auto, (max-width: 1024px) 100vw, 1024px\" \/><\/figure>\n<\/div>\n\n\n\n<div class=\"wp-block-column is-layout-flow wp-block-column-is-layout-flow\">\n<figure class=\"wp-block-image size-large\"><img loading=\"lazy\" decoding=\"async\" width=\"1024\" height=\"683\" src=\"https:\/\/conadi.gob.gt\/web\/wp-content\/uploads\/2025\/10\/IMG_3420-1024x683.jpg\" alt=\"\" class=\"wp-image-19218\" srcset=\"https:\/\/conadi.gob.gt\/web\/wp-content\/uploads\/2025\/10\/IMG_3420-1024x683.jpg 1024w, https:\/\/conadi.gob.gt\/web\/wp-content\/uploads\/2025\/10\/IMG_3420-300x200.jpg 300w, https:\/\/conadi.gob.gt\/web\/wp-content\/uploads\/2025\/10\/IMG_3420-768x512.jpg 768w, https:\/\/conadi.gob.gt\/web\/wp-content\/uploads\/2025\/10\/IMG_3420-1536x1024.jpg 1536w\" sizes=\"auto, (max-width: 1024px) 100vw, 1024px\" \/><\/figure>\n<\/div>\n<\/div>\n\n\n\n<p>El Procurador de los Derechos Humanos, Jos\u00e9 Alejandro C\u00f3rdova, se refiri\u00f3 a la importancia de la creaci\u00f3n del mecanismo de supervisi\u00f3n independiente que esta impl\u00edcito en la Convenci\u00f3n de los Derechos de las Personas con Discapacidad, pues con la creaci\u00f3n de este se pretende observar, se\u00f1alar e instar las actuaciones de la administraci\u00f3n p\u00fablica en cuanto al cumplimiento de la Convenci\u00f3n y que, en coordinaci\u00f3n con el CONADI se espera continuar trabajando en beneficio de las personas con Discapacidad para el pleno cumplimiento de las pol\u00edticas, programas y servicios respondan a las necesidades y aspiraciones de las personas con discapacidad.<\/p>\n\n\n\n<figure class=\"wp-block-image size-large\"><img loading=\"lazy\" decoding=\"async\" width=\"1024\" height=\"683\" src=\"https:\/\/conadi.gob.gt\/web\/wp-content\/uploads\/2025\/10\/IMG_3422-1024x683.jpg\" alt=\"\" class=\"wp-image-19219\" srcset=\"https:\/\/conadi.gob.gt\/web\/wp-content\/uploads\/2025\/10\/IMG_3422-1024x683.jpg 1024w, https:\/\/conadi.gob.gt\/web\/wp-content\/uploads\/2025\/10\/IMG_3422-300x200.jpg 300w, https:\/\/conadi.gob.gt\/web\/wp-content\/uploads\/2025\/10\/IMG_3422-768x512.jpg 768w, https:\/\/conadi.gob.gt\/web\/wp-content\/uploads\/2025\/10\/IMG_3422-1536x1024.jpg 1536w\" sizes=\"auto, (max-width: 1024px) 100vw, 1024px\" \/><\/figure>\n\n\n\n<div class=\"wp-block-columns is-layout-flex wp-container-core-columns-is-layout-28f84493 wp-block-columns-is-layout-flex\">\n<div class=\"wp-block-column is-layout-flow wp-block-column-is-layout-flow\">\n<figure class=\"wp-block-image size-large\"><img loading=\"lazy\" decoding=\"async\" width=\"1024\" height=\"683\" src=\"https:\/\/conadi.gob.gt\/web\/wp-content\/uploads\/2025\/10\/IMG_3455-1024x683.jpg\" alt=\"\" class=\"wp-image-19220\" srcset=\"https:\/\/conadi.gob.gt\/web\/wp-content\/uploads\/2025\/10\/IMG_3455-1024x683.jpg 1024w, https:\/\/conadi.gob.gt\/web\/wp-content\/uploads\/2025\/10\/IMG_3455-300x200.jpg 300w, https:\/\/conadi.gob.gt\/web\/wp-content\/uploads\/2025\/10\/IMG_3455-768x512.jpg 768w, https:\/\/conadi.gob.gt\/web\/wp-content\/uploads\/2025\/10\/IMG_3455-1536x1024.jpg 1536w\" sizes=\"auto, (max-width: 1024px) 100vw, 1024px\" \/><\/figure>\n<\/div>\n\n\n\n<div class=\"wp-block-column is-layout-flow wp-block-column-is-layout-flow\">\n<figure class=\"wp-block-image size-large\"><img loading=\"lazy\" decoding=\"async\" width=\"1024\" height=\"683\" src=\"https:\/\/conadi.gob.gt\/web\/wp-content\/uploads\/2025\/10\/IMG_3464-1024x683.jpg\" alt=\"\" class=\"wp-image-19221\" srcset=\"https:\/\/conadi.gob.gt\/web\/wp-content\/uploads\/2025\/10\/IMG_3464-1024x683.jpg 1024w, https:\/\/conadi.gob.gt\/web\/wp-content\/uploads\/2025\/10\/IMG_3464-300x200.jpg 300w, https:\/\/conadi.gob.gt\/web\/wp-content\/uploads\/2025\/10\/IMG_3464-768x512.jpg 768w, https:\/\/conadi.gob.gt\/web\/wp-content\/uploads\/2025\/10\/IMG_3464-1536x1024.jpg 1536w\" sizes=\"auto, (max-width: 1024px) 100vw, 1024px\" \/><\/figure>\n<\/div>\n<\/div>\n\n\n\n<p><\/p>\n","protected":false},"excerpt":{"rendered":"<p>En el marco de las recomendaciones realizadas al Estado de Guatemala para el cumplimiento de la Convenci\u00f3n sobre los Derechos de las Personas con Discapacidad, la Procuradur\u00eda de los Derechos Humanos presento las propuestas realizadas por organizaciones de personas con discapacidad y tambi\u00e9n por personas de sociedad civil, para la Creaci\u00f3n del Mecanismo de Supervisi\u00f3n &hellip; <\/p>\n<p class=\"link-more\"><a href=\"https:\/\/conadi.gob.gt\/web\/presentan-resultados-de-las-jornadas-de-trabajo-internistitucional\/\" class=\"more-link\">Leer m\u00e1s<span class=\"screen-reader-text\"> \u00abPRESENTAN RESULTADOS DE LAS JORNADAS DE TRABAJO INTERNISTITUCIONAL\u00bb<\/span><\/a><\/p>\n","protected":false},"author":222,"featured_media":19212,"comment_status":"closed","ping_status":"closed","sticky":false,"template":"","format":"standard","meta":{"footnotes":""},"categories":[3],"tags":[],"class_list":["post-19211","post","type-post","status-publish","format-standard","has-post-thumbnail","hentry","category-noticias"],"_links":{"self":[{"href":"https:\/\/conadi.gob.gt\/web\/wp-json\/wp\/v2\/posts\/19211","targetHints":{"allow":["GET"]}}],"collection":[{"href":"https:\/\/conadi.gob.gt\/web\/wp-json\/wp\/v2\/posts"}],"about":[{"href":"https:\/\/conadi.gob.gt\/web\/wp-json\/wp\/v2\/types\/post"}],"author":[{"embeddable":true,"href":"https:\/\/conadi.gob.gt\/web\/wp-json\/wp\/v2\/users\/222"}],"replies":[{"embeddable":true,"href":"https:\/\/conadi.gob.gt\/web\/wp-json\/wp\/v2\/comments?post=19211"}],"version-history":[{"count":1,"href":"https:\/\/conadi.gob.gt\/web\/wp-json\/wp\/v2\/posts\/19211\/revisions"}],"predecessor-version":[{"id":19224,"href":"https:\/\/conadi.gob.gt\/web\/wp-json\/wp\/v2\/posts\/19211\/revisions\/19224"}],"wp:featuredmedia":[{"embeddable":true,"href":"https:\/\/conadi.gob.gt\/web\/wp-json\/wp\/v2\/media\/19212"}],"wp:attachment":[{"href":"https:\/\/conadi.gob.gt\/web\/wp-json\/wp\/v2\/media?parent=19211"}],"wp:term":[{"taxonomy":"category","embeddable":true,"href":"https:\/\/conadi.gob.gt\/web\/wp-json\/wp\/v2\/categories?post=19211"},{"taxonomy":"post_tag","embeddable":true,"href":"https:\/\/conadi.gob.gt\/web\/wp-json\/wp\/v2\/tags?post=19211"}],"curies":[{"name":"wp","href":"https:\/\/api.w.org\/{rel}","templated":true}]}}