{"id":19328,"date":"2025-10-31T19:54:29","date_gmt":"2025-10-31T19:54:29","guid":{"rendered":"https:\/\/conadi.gob.gt\/web\/?p=19328"},"modified":"2025-10-31T19:54:30","modified_gmt":"2025-10-31T19:54:30","slug":"capacitacion-sobre-derecho-laborales","status":"publish","type":"post","link":"https:\/\/conadi.gob.gt\/web\/capacitacion-sobre-derecho-laborales\/","title":{"rendered":"CAPACITACI\u00d3N SOBRE DERECHO LABORALES"},"content":{"rendered":"\n<p>En el municipio de Cob\u00e1n, Alta Verapaz, el Ministerio de Trabajo y Previsi\u00f3n Social (MINTRAB), a trav\u00e9s del programa Empl\u00e9ate Inclusivo, en coordinaci\u00f3n con Byron Villanueva, delegado departamental del CONADI, desarroll\u00f3 una jornada de capacitaci\u00f3n sobre Derechos Laborales con \u00e9nfasis en discapacidad, dirigida a empresarios, autoridades municipales y l\u00edderes de la sociedad civil.<\/p>\n\n\n\n<div class=\"wp-block-columns is-layout-flex wp-container-core-columns-is-layout-28f84493 wp-block-columns-is-layout-flex\">\n<div class=\"wp-block-column is-layout-flow wp-block-column-is-layout-flow\">\n<figure class=\"wp-block-image size-large\"><img loading=\"lazy\" decoding=\"async\" width=\"1024\" height=\"683\" src=\"https:\/\/conadi.gob.gt\/web\/wp-content\/uploads\/2025\/10\/WhatsApp-Image-2025-10-30-at-10.05.47-3-1024x683.jpeg\" alt=\"\" class=\"wp-image-19329\" srcset=\"https:\/\/conadi.gob.gt\/web\/wp-content\/uploads\/2025\/10\/WhatsApp-Image-2025-10-30-at-10.05.47-3-1024x683.jpeg 1024w, https:\/\/conadi.gob.gt\/web\/wp-content\/uploads\/2025\/10\/WhatsApp-Image-2025-10-30-at-10.05.47-3-300x200.jpeg 300w, https:\/\/conadi.gob.gt\/web\/wp-content\/uploads\/2025\/10\/WhatsApp-Image-2025-10-30-at-10.05.47-3-768x512.jpeg 768w, https:\/\/conadi.gob.gt\/web\/wp-content\/uploads\/2025\/10\/WhatsApp-Image-2025-10-30-at-10.05.47-3.jpeg 1500w\" sizes=\"auto, (max-width: 1024px) 100vw, 1024px\" \/><\/figure>\n<\/div>\n\n\n\n<div class=\"wp-block-column is-layout-flow wp-block-column-is-layout-flow\">\n<figure class=\"wp-block-image size-large\"><img loading=\"lazy\" decoding=\"async\" width=\"1024\" height=\"683\" src=\"https:\/\/conadi.gob.gt\/web\/wp-content\/uploads\/2025\/10\/WhatsApp-Image-2025-10-30-at-10.05.48-1-1024x683.jpeg\" alt=\"\" class=\"wp-image-19330\" srcset=\"https:\/\/conadi.gob.gt\/web\/wp-content\/uploads\/2025\/10\/WhatsApp-Image-2025-10-30-at-10.05.48-1-1024x683.jpeg 1024w, https:\/\/conadi.gob.gt\/web\/wp-content\/uploads\/2025\/10\/WhatsApp-Image-2025-10-30-at-10.05.48-1-300x200.jpeg 300w, https:\/\/conadi.gob.gt\/web\/wp-content\/uploads\/2025\/10\/WhatsApp-Image-2025-10-30-at-10.05.48-1-768x512.jpeg 768w, https:\/\/conadi.gob.gt\/web\/wp-content\/uploads\/2025\/10\/WhatsApp-Image-2025-10-30-at-10.05.48-1.jpeg 1500w\" sizes=\"auto, (max-width: 1024px) 100vw, 1024px\" \/><\/figure>\n<\/div>\n<\/div>\n\n\n\n<p>Durante la apertura, Maira Rivas, presidenta de Junta Directiva del CONADI, destac\u00f3 el compromiso institucional de promover la inclusi\u00f3n laboral como un derecho humano fundamental y llam\u00f3 a los asistentes a convertirse en actores activos para garantizar oportunidades laborales equitativas para las personas con discapacidad. La actividad fue oficialmente inaugurada por Dilia Margarita C\u00f3 Coy, Gobernadora Departamental de Alta Verapaz, quien resalt\u00f3 la importancia de fortalecer acciones interinstitucionales en beneficio de la poblaci\u00f3n.<\/p>\n\n\n\n<div class=\"wp-block-columns is-layout-flex wp-container-core-columns-is-layout-28f84493 wp-block-columns-is-layout-flex\">\n<div class=\"wp-block-column is-layout-flow wp-block-column-is-layout-flow\">\n<figure class=\"wp-block-image size-large\"><img loading=\"lazy\" decoding=\"async\" width=\"1024\" height=\"683\" src=\"https:\/\/conadi.gob.gt\/web\/wp-content\/uploads\/2025\/10\/WhatsApp-Image-2025-10-30-at-10.05.47-2-1024x683.jpeg\" alt=\"\" class=\"wp-image-19331\" srcset=\"https:\/\/conadi.gob.gt\/web\/wp-content\/uploads\/2025\/10\/WhatsApp-Image-2025-10-30-at-10.05.47-2-1024x683.jpeg 1024w, https:\/\/conadi.gob.gt\/web\/wp-content\/uploads\/2025\/10\/WhatsApp-Image-2025-10-30-at-10.05.47-2-300x200.jpeg 300w, https:\/\/conadi.gob.gt\/web\/wp-content\/uploads\/2025\/10\/WhatsApp-Image-2025-10-30-at-10.05.47-2-768x512.jpeg 768w, https:\/\/conadi.gob.gt\/web\/wp-content\/uploads\/2025\/10\/WhatsApp-Image-2025-10-30-at-10.05.47-2.jpeg 1500w\" sizes=\"auto, (max-width: 1024px) 100vw, 1024px\" \/><\/figure>\n<\/div>\n\n\n\n<div class=\"wp-block-column is-layout-flow wp-block-column-is-layout-flow\">\n<figure class=\"wp-block-image size-large\"><img loading=\"lazy\" decoding=\"async\" width=\"1024\" height=\"683\" src=\"https:\/\/conadi.gob.gt\/web\/wp-content\/uploads\/2025\/10\/WhatsApp-Image-2025-10-30-at-10.05.48-3-1024x683.jpeg\" alt=\"\" class=\"wp-image-19332\" srcset=\"https:\/\/conadi.gob.gt\/web\/wp-content\/uploads\/2025\/10\/WhatsApp-Image-2025-10-30-at-10.05.48-3-1024x683.jpeg 1024w, https:\/\/conadi.gob.gt\/web\/wp-content\/uploads\/2025\/10\/WhatsApp-Image-2025-10-30-at-10.05.48-3-300x200.jpeg 300w, https:\/\/conadi.gob.gt\/web\/wp-content\/uploads\/2025\/10\/WhatsApp-Image-2025-10-30-at-10.05.48-3-768x512.jpeg 768w, https:\/\/conadi.gob.gt\/web\/wp-content\/uploads\/2025\/10\/WhatsApp-Image-2025-10-30-at-10.05.48-3.jpeg 1500w\" sizes=\"auto, (max-width: 1024px) 100vw, 1024px\" \/><\/figure>\n<\/div>\n<\/div>\n\n\n\n<p>Como parte del programa, Jaime Pop, Gestor de Empleo de la delegaci\u00f3n departamental del MINTRAB, present\u00f3 los alcances y beneficios del programa Empl\u00e9ate Inclusivo. Posteriormente, Bayron Villanueva, delegado departamental del CONADI, expuso las funciones institucionales del CONADI y las acciones de coordinaci\u00f3n interinstitucional orientadas a promover los derechos de las personas con discapacidad. El espacio formativo concluy\u00f3 con la exposici\u00f3n de Glenda Jocabed Felipe y Rafael Ca\u00f1as, representantes del MINTRAB, quienes abordaron los Derechos Laborales con \u00e9nfasis en discapacidad.<\/p>\n\n\n\n<div class=\"wp-block-columns is-layout-flex wp-container-core-columns-is-layout-28f84493 wp-block-columns-is-layout-flex\">\n<div class=\"wp-block-column is-layout-flow wp-block-column-is-layout-flow\">\n<figure class=\"wp-block-image size-large\"><img loading=\"lazy\" decoding=\"async\" width=\"1024\" height=\"683\" src=\"https:\/\/conadi.gob.gt\/web\/wp-content\/uploads\/2025\/10\/WhatsApp-Image-2025-10-30-at-10.05.47-1024x683.jpeg\" alt=\"\" class=\"wp-image-19333\" srcset=\"https:\/\/conadi.gob.gt\/web\/wp-content\/uploads\/2025\/10\/WhatsApp-Image-2025-10-30-at-10.05.47-1024x683.jpeg 1024w, https:\/\/conadi.gob.gt\/web\/wp-content\/uploads\/2025\/10\/WhatsApp-Image-2025-10-30-at-10.05.47-300x200.jpeg 300w, https:\/\/conadi.gob.gt\/web\/wp-content\/uploads\/2025\/10\/WhatsApp-Image-2025-10-30-at-10.05.47-768x512.jpeg 768w, https:\/\/conadi.gob.gt\/web\/wp-content\/uploads\/2025\/10\/WhatsApp-Image-2025-10-30-at-10.05.47.jpeg 1500w\" sizes=\"auto, (max-width: 1024px) 100vw, 1024px\" \/><\/figure>\n<\/div>\n\n\n\n<div class=\"wp-block-column is-layout-flow wp-block-column-is-layout-flow\">\n<figure class=\"wp-block-image size-large\"><img loading=\"lazy\" decoding=\"async\" width=\"1024\" height=\"683\" src=\"https:\/\/conadi.gob.gt\/web\/wp-content\/uploads\/2025\/10\/WhatsApp-Image-2025-10-30-at-10.05.47-4-1024x683.jpeg\" alt=\"\" class=\"wp-image-19334\" srcset=\"https:\/\/conadi.gob.gt\/web\/wp-content\/uploads\/2025\/10\/WhatsApp-Image-2025-10-30-at-10.05.47-4-1024x683.jpeg 1024w, https:\/\/conadi.gob.gt\/web\/wp-content\/uploads\/2025\/10\/WhatsApp-Image-2025-10-30-at-10.05.47-4-300x200.jpeg 300w, https:\/\/conadi.gob.gt\/web\/wp-content\/uploads\/2025\/10\/WhatsApp-Image-2025-10-30-at-10.05.47-4-768x512.jpeg 768w, https:\/\/conadi.gob.gt\/web\/wp-content\/uploads\/2025\/10\/WhatsApp-Image-2025-10-30-at-10.05.47-4.jpeg 1500w\" sizes=\"auto, (max-width: 1024px) 100vw, 1024px\" \/><\/figure>\n<\/div>\n\n\n\n<div class=\"wp-block-column is-layout-flow wp-block-column-is-layout-flow\">\n<figure class=\"wp-block-image size-large\"><img loading=\"lazy\" decoding=\"async\" width=\"1024\" height=\"683\" src=\"https:\/\/conadi.gob.gt\/web\/wp-content\/uploads\/2025\/10\/WhatsApp-Image-2025-10-30-at-10.05.48-2-1024x683.jpeg\" alt=\"\" class=\"wp-image-19335\" srcset=\"https:\/\/conadi.gob.gt\/web\/wp-content\/uploads\/2025\/10\/WhatsApp-Image-2025-10-30-at-10.05.48-2-1024x683.jpeg 1024w, https:\/\/conadi.gob.gt\/web\/wp-content\/uploads\/2025\/10\/WhatsApp-Image-2025-10-30-at-10.05.48-2-300x200.jpeg 300w, https:\/\/conadi.gob.gt\/web\/wp-content\/uploads\/2025\/10\/WhatsApp-Image-2025-10-30-at-10.05.48-2-768x512.jpeg 768w, https:\/\/conadi.gob.gt\/web\/wp-content\/uploads\/2025\/10\/WhatsApp-Image-2025-10-30-at-10.05.48-2.jpeg 1500w\" sizes=\"auto, (max-width: 1024px) 100vw, 1024px\" \/><\/figure>\n<\/div>\n<\/div>\n\n\n\n<p>La jornada finaliz\u00f3 con un espacio de di\u00e1logo, durante el cual los participantes formularon preguntas que fueron atendidas por los expositores, fortaleciendo as\u00ed el intercambio de conocimientos y experiencias para avanzar en la construcci\u00f3n de entornos laborales inclusivos y accesibles.<\/p>\n\n\n\n<div class=\"wp-block-columns is-layout-flex wp-container-core-columns-is-layout-28f84493 wp-block-columns-is-layout-flex\">\n<div class=\"wp-block-column is-layout-flow wp-block-column-is-layout-flow\">\n<figure class=\"wp-block-image size-large\"><img loading=\"lazy\" decoding=\"async\" width=\"1024\" height=\"683\" src=\"https:\/\/conadi.gob.gt\/web\/wp-content\/uploads\/2025\/10\/WhatsApp-Image-2025-10-30-at-10.05.48-1024x683.jpeg\" alt=\"\" class=\"wp-image-19337\" srcset=\"https:\/\/conadi.gob.gt\/web\/wp-content\/uploads\/2025\/10\/WhatsApp-Image-2025-10-30-at-10.05.48-1024x683.jpeg 1024w, https:\/\/conadi.gob.gt\/web\/wp-content\/uploads\/2025\/10\/WhatsApp-Image-2025-10-30-at-10.05.48-300x200.jpeg 300w, https:\/\/conadi.gob.gt\/web\/wp-content\/uploads\/2025\/10\/WhatsApp-Image-2025-10-30-at-10.05.48-768x512.jpeg 768w, https:\/\/conadi.gob.gt\/web\/wp-content\/uploads\/2025\/10\/WhatsApp-Image-2025-10-30-at-10.05.48.jpeg 1500w\" sizes=\"auto, (max-width: 1024px) 100vw, 1024px\" \/><\/figure>\n<\/div>\n\n\n\n<div class=\"wp-block-column is-layout-flow wp-block-column-is-layout-flow\">\n<figure class=\"wp-block-image size-large\"><img loading=\"lazy\" decoding=\"async\" width=\"1024\" height=\"683\" src=\"https:\/\/conadi.gob.gt\/web\/wp-content\/uploads\/2025\/10\/WhatsApp-Image-2025-10-30-at-10.05.47-1-1024x683.jpeg\" alt=\"\" class=\"wp-image-19336\" srcset=\"https:\/\/conadi.gob.gt\/web\/wp-content\/uploads\/2025\/10\/WhatsApp-Image-2025-10-30-at-10.05.47-1-1024x683.jpeg 1024w, https:\/\/conadi.gob.gt\/web\/wp-content\/uploads\/2025\/10\/WhatsApp-Image-2025-10-30-at-10.05.47-1-300x200.jpeg 300w, https:\/\/conadi.gob.gt\/web\/wp-content\/uploads\/2025\/10\/WhatsApp-Image-2025-10-30-at-10.05.47-1-768x512.jpeg 768w, https:\/\/conadi.gob.gt\/web\/wp-content\/uploads\/2025\/10\/WhatsApp-Image-2025-10-30-at-10.05.47-1.jpeg 1500w\" sizes=\"auto, (max-width: 1024px) 100vw, 1024px\" \/><\/figure>\n<\/div>\n<\/div>\n","protected":false},"excerpt":{"rendered":"<p>En el municipio de Cob\u00e1n, Alta Verapaz, el Ministerio de Trabajo y Previsi\u00f3n Social (MINTRAB), a trav\u00e9s del programa Empl\u00e9ate Inclusivo, en coordinaci\u00f3n con Byron Villanueva, delegado departamental del CONADI, desarroll\u00f3 una jornada de capacitaci\u00f3n sobre Derechos Laborales con \u00e9nfasis en discapacidad, dirigida a empresarios, autoridades municipales y l\u00edderes de la sociedad civil. Durante la &hellip; <\/p>\n<p class=\"link-more\"><a href=\"https:\/\/conadi.gob.gt\/web\/capacitacion-sobre-derecho-laborales\/\" class=\"more-link\">Leer m\u00e1s<span class=\"screen-reader-text\"> \u00abCAPACITACI\u00d3N SOBRE DERECHO LABORALES\u00bb<\/span><\/a><\/p>\n","protected":false},"author":222,"featured_media":19329,"comment_status":"closed","ping_status":"closed","sticky":false,"template":"","format":"standard","meta":{"footnotes":""},"categories":[3],"tags":[],"class_list":["post-19328","post","type-post","status-publish","format-standard","has-post-thumbnail","hentry","category-noticias"],"_links":{"self":[{"href":"https:\/\/conadi.gob.gt\/web\/wp-json\/wp\/v2\/posts\/19328","targetHints":{"allow":["GET"]}}],"collection":[{"href":"https:\/\/conadi.gob.gt\/web\/wp-json\/wp\/v2\/posts"}],"about":[{"href":"https:\/\/conadi.gob.gt\/web\/wp-json\/wp\/v2\/types\/post"}],"author":[{"embeddable":true,"href":"https:\/\/conadi.gob.gt\/web\/wp-json\/wp\/v2\/users\/222"}],"replies":[{"embeddable":true,"href":"https:\/\/conadi.gob.gt\/web\/wp-json\/wp\/v2\/comments?post=19328"}],"version-history":[{"count":1,"href":"https:\/\/conadi.gob.gt\/web\/wp-json\/wp\/v2\/posts\/19328\/revisions"}],"predecessor-version":[{"id":19338,"href":"https:\/\/conadi.gob.gt\/web\/wp-json\/wp\/v2\/posts\/19328\/revisions\/19338"}],"wp:featuredmedia":[{"embeddable":true,"href":"https:\/\/conadi.gob.gt\/web\/wp-json\/wp\/v2\/media\/19329"}],"wp:attachment":[{"href":"https:\/\/conadi.gob.gt\/web\/wp-json\/wp\/v2\/media?parent=19328"}],"wp:term":[{"taxonomy":"category","embeddable":true,"href":"https:\/\/conadi.gob.gt\/web\/wp-json\/wp\/v2\/categories?post=19328"},{"taxonomy":"post_tag","embeddable":true,"href":"https:\/\/conadi.gob.gt\/web\/wp-json\/wp\/v2\/tags?post=19328"}],"curies":[{"name":"wp","href":"https:\/\/api.w.org\/{rel}","templated":true}]}}