{"id":19453,"date":"2025-12-05T15:27:22","date_gmt":"2025-12-05T15:27:22","guid":{"rendered":"https:\/\/conadi.gob.gt\/web\/?p=19453"},"modified":"2025-12-05T15:27:23","modified_gmt":"2025-12-05T15:27:23","slug":"taller-de-consulta-con-instituciones-publicas","status":"publish","type":"post","link":"https:\/\/conadi.gob.gt\/web\/taller-de-consulta-con-instituciones-publicas\/","title":{"rendered":"TALLER DE CONSULTA CON INSTITUCIONES P\u00daBLICAS"},"content":{"rendered":"\n<p>En el marco de la formulaci\u00f3n de la Pol\u00edtica Nacional de Discapacidad, se desarroll\u00f3 el Taller de consulta gubernamental para la construcci\u00f3n de \u00e1rbol de problemas; un espacio t\u00e9cnico y participativo orientado a identificar, analizar y priorizar los principales desaf\u00edos que enfrentan las personas con discapacidad en el pa\u00eds.<\/p>\n\n\n\n<p>Durante el taller se destac\u00f3 la importancia de la responsabilidad institucional y de la coordinaci\u00f3n intersectorial para avanzar hacia una pol\u00edtica nacional integral, alineada con la participaci\u00f3n de las propias personas con discapacidad y a los principios de derechos humanos, inclusi\u00f3n, accesibilidad y no discriminaci\u00f3n, as\u00ed como con los compromisos asumidos por el Estado, ante la ratificaci\u00f3n de la Convenci\u00f3n sobre los derechos de las personas con discapacidad.<\/p>\n\n\n\n<div class=\"wp-block-columns is-layout-flex wp-container-core-columns-is-layout-28f84493 wp-block-columns-is-layout-flex\">\n<div class=\"wp-block-column is-layout-flow wp-block-column-is-layout-flow\">\n<figure class=\"wp-block-image size-large\"><img loading=\"lazy\" decoding=\"async\" width=\"1024\" height=\"682\" src=\"https:\/\/conadi.gob.gt\/web\/wp-content\/uploads\/2025\/12\/WhatsApp-Image-2025-12-05-at-09.15.49-1-1024x682.jpeg\" alt=\"\" class=\"wp-image-19460\" srcset=\"https:\/\/conadi.gob.gt\/web\/wp-content\/uploads\/2025\/12\/WhatsApp-Image-2025-12-05-at-09.15.49-1-1024x682.jpeg 1024w, https:\/\/conadi.gob.gt\/web\/wp-content\/uploads\/2025\/12\/WhatsApp-Image-2025-12-05-at-09.15.49-1-300x200.jpeg 300w, https:\/\/conadi.gob.gt\/web\/wp-content\/uploads\/2025\/12\/WhatsApp-Image-2025-12-05-at-09.15.49-1-768x512.jpeg 768w, https:\/\/conadi.gob.gt\/web\/wp-content\/uploads\/2025\/12\/WhatsApp-Image-2025-12-05-at-09.15.49-1.jpeg 1280w\" sizes=\"auto, (max-width: 1024px) 100vw, 1024px\" \/><\/figure>\n<\/div>\n\n\n\n<div class=\"wp-block-column is-layout-flow wp-block-column-is-layout-flow\">\n<figure class=\"wp-block-image size-large\"><img loading=\"lazy\" decoding=\"async\" width=\"1024\" height=\"682\" src=\"https:\/\/conadi.gob.gt\/web\/wp-content\/uploads\/2025\/12\/WhatsApp-Image-2025-12-05-at-09.15.49-3-1024x682.jpeg\" alt=\"\" class=\"wp-image-19461\" srcset=\"https:\/\/conadi.gob.gt\/web\/wp-content\/uploads\/2025\/12\/WhatsApp-Image-2025-12-05-at-09.15.49-3-1024x682.jpeg 1024w, https:\/\/conadi.gob.gt\/web\/wp-content\/uploads\/2025\/12\/WhatsApp-Image-2025-12-05-at-09.15.49-3-300x200.jpeg 300w, https:\/\/conadi.gob.gt\/web\/wp-content\/uploads\/2025\/12\/WhatsApp-Image-2025-12-05-at-09.15.49-3-768x512.jpeg 768w, https:\/\/conadi.gob.gt\/web\/wp-content\/uploads\/2025\/12\/WhatsApp-Image-2025-12-05-at-09.15.49-3.jpeg 1280w\" sizes=\"auto, (max-width: 1024px) 100vw, 1024px\" \/><\/figure>\n<\/div>\n<\/div>\n\n\n\n<p>Este proceso de consulta reafirma el compromiso del CONADI y el Estado a trav\u00e9s del Ministerio de Desarrollo Social (MIDES) y la cooperaci\u00f3n internacional (Fondo de Poblaci\u00f3n de Naciones Unidas UNFPA Guatemala y ONU Mujeres). Quienes esperan que, con el fortalecimiento de pol\u00edticas p\u00fablicas inclusivas, construidas de manera participativa y con enfoque de derechos, que contribuyan a mejorar la calidad de vida y se pueda garantizar la participaci\u00f3n plena y efectiva de las personas con discapacidad en todos los \u00e1mbitos de la sociedad.<\/p>\n\n\n\n<div class=\"wp-block-columns is-layout-flex wp-container-core-columns-is-layout-28f84493 wp-block-columns-is-layout-flex\">\n<div class=\"wp-block-column is-layout-flow wp-block-column-is-layout-flow\">\n<figure class=\"wp-block-image size-large\"><img loading=\"lazy\" decoding=\"async\" width=\"1024\" height=\"682\" src=\"https:\/\/conadi.gob.gt\/web\/wp-content\/uploads\/2025\/12\/WhatsApp-Image-2025-12-05-at-09.19.43-1024x682.jpeg\" alt=\"\" class=\"wp-image-19462\" srcset=\"https:\/\/conadi.gob.gt\/web\/wp-content\/uploads\/2025\/12\/WhatsApp-Image-2025-12-05-at-09.19.43-1024x682.jpeg 1024w, https:\/\/conadi.gob.gt\/web\/wp-content\/uploads\/2025\/12\/WhatsApp-Image-2025-12-05-at-09.19.43-300x200.jpeg 300w, https:\/\/conadi.gob.gt\/web\/wp-content\/uploads\/2025\/12\/WhatsApp-Image-2025-12-05-at-09.19.43-768x512.jpeg 768w, https:\/\/conadi.gob.gt\/web\/wp-content\/uploads\/2025\/12\/WhatsApp-Image-2025-12-05-at-09.19.43.jpeg 1280w\" sizes=\"auto, (max-width: 1024px) 100vw, 1024px\" \/><\/figure>\n<\/div>\n\n\n\n<div class=\"wp-block-column is-layout-flow wp-block-column-is-layout-flow\">\n<figure class=\"wp-block-image size-large\"><img loading=\"lazy\" decoding=\"async\" width=\"1024\" height=\"682\" src=\"https:\/\/conadi.gob.gt\/web\/wp-content\/uploads\/2025\/12\/WhatsApp-Image-2025-12-05-at-09.19.43-1-1024x682.jpeg\" alt=\"\" class=\"wp-image-19463\" srcset=\"https:\/\/conadi.gob.gt\/web\/wp-content\/uploads\/2025\/12\/WhatsApp-Image-2025-12-05-at-09.19.43-1-1024x682.jpeg 1024w, https:\/\/conadi.gob.gt\/web\/wp-content\/uploads\/2025\/12\/WhatsApp-Image-2025-12-05-at-09.19.43-1-300x200.jpeg 300w, https:\/\/conadi.gob.gt\/web\/wp-content\/uploads\/2025\/12\/WhatsApp-Image-2025-12-05-at-09.19.43-1-768x512.jpeg 768w, https:\/\/conadi.gob.gt\/web\/wp-content\/uploads\/2025\/12\/WhatsApp-Image-2025-12-05-at-09.19.43-1.jpeg 1280w\" sizes=\"auto, (max-width: 1024px) 100vw, 1024px\" \/><\/figure>\n<\/div>\n<\/div>\n\n\n\n<p>El CONADI, agradece la participaci\u00f3n y el compromiso demostrado de los representantes de: Ministerio de Gobernaci\u00f3n (MINGOB); Comit\u00e9 Nacional de Alfabetizaci\u00f3n&nbsp; (CONALFA); Procuradur\u00eda de los Derechos Humanos (PDH); Ministerio de Ambiente y Recursos Naturales (MARN); Ministerio de Relaciones Exteriores (MINEX); Secretar\u00eda de Bienestar Social (SBS); Universidad de San Carlos de Guatemala (USAC); Direcci\u00f3n General de Educaci\u00f3n Especial (DIGEESP); Instituto de Fomento Municipal de Guatemala (IMFOM); Secretar\u00eda Presidencial de la Mujer (SEPREM); Secretar\u00eda de Obras Sociales de la Esposa del Presidente de la Rep\u00fablica de Guatemala (SOSEP); Ministerio de Agricultura, Ganader\u00eda y Alimentaci\u00f3n (MAGA); Unidad para la Prevenci\u00f3n Comunitaria de la Violencia (UPCV); Instituto Nacional de Estad\u00edstica Guatemala (INE); Centro de Educaci\u00f3n Especial Alida Espa\u00f1a de Arana; Secretar\u00eda de Coordinaci\u00f3n Ejecutiva de la Presidencia de la Rep\u00fablica de Guatemala (SCEP); Secretar\u00eda T\u00e9cnica del Consejo Nacional de Seguridad (STCNS); Centro De Atenci\u00f3n a Discapacitados Del Ej\u00e9rcito De Guatemala; del Ministerio P\u00fablico (MP); Secretar\u00eda de Comunicaci\u00f3n Social de la Presidencia; Instituto Guatemalteco de Migraci\u00f3n (IGM); Secretar\u00eda de Inteligencia Estrat\u00e9gica del Estado (SIE);  Consejo Nacional de la Juventud (CONJUVE); Secretaria de Seguridad Alimentaria y Nutricional (SESAN); Consejo Nacional para la Atenci\u00f3n del Migrante de Guatemala (CONAMIGUA); Ministerio de Educaci\u00f3n (MINEDUC); Ministerio de Trabajo y Previsi\u00f3n Social (MINTRAB); Registro Nacional de las Personas (RENAP); Vicepresidencia de la Rep\u00fablica de Guatemala; Ministerio de Salud y Asistencia Social (MSPAS); Secretar\u00eda de Planificaci\u00f3n y Programaci\u00f3n de la Presidencia (SEGEPLAN); Instituto Guatemalteco de Seguridad Social (IGSS); Secretar\u00eda Contra la Violencia Sexual, Explotaci\u00f3n y Trata de Personas (SVET); Superintendencia de Bancos de Guatemala (SIB); Comisi\u00f3n Presidencial Contra la Discriminaci\u00f3n y el Racismo Contra los Pueblos Ind\u00edgenas en Guatemala (CODISRA); Instituto de la Defensa Publica Penal (IDPP); Ministerio de Comunicaciones, Infraestructura y Vivienda (CIV); Ministerio de Cultura y Deportes de Guatemala (MCD); Oficina Nacional de Prevenci\u00f3n de la Tortura, Tratos Crueles, Inhumano o Degradantes (OPT); Tribunal Supremo Electoral (TSE); Instituto Guatemalteco de Turismo (INGUAT); Secretaria de Bienestar Social (SBS); de la Procuradur\u00eda General de la Naci\u00f3n (PGN), son actores claves para la construcci\u00f3n de una Pol\u00edtica Nacional integral y garante a los derechos de las personas con discapacidad.<\/p>\n\n\n\n<figure class=\"wp-block-image size-large\"><img loading=\"lazy\" decoding=\"async\" width=\"1024\" height=\"682\" src=\"https:\/\/conadi.gob.gt\/web\/wp-content\/uploads\/2025\/12\/WhatsApp-Image-2025-12-05-at-09.15.49-1024x682.jpeg\" alt=\"\" class=\"wp-image-19464\" srcset=\"https:\/\/conadi.gob.gt\/web\/wp-content\/uploads\/2025\/12\/WhatsApp-Image-2025-12-05-at-09.15.49-1024x682.jpeg 1024w, https:\/\/conadi.gob.gt\/web\/wp-content\/uploads\/2025\/12\/WhatsApp-Image-2025-12-05-at-09.15.49-300x200.jpeg 300w, https:\/\/conadi.gob.gt\/web\/wp-content\/uploads\/2025\/12\/WhatsApp-Image-2025-12-05-at-09.15.49-768x512.jpeg 768w, https:\/\/conadi.gob.gt\/web\/wp-content\/uploads\/2025\/12\/WhatsApp-Image-2025-12-05-at-09.15.49.jpeg 1280w\" sizes=\"auto, (max-width: 1024px) 100vw, 1024px\" \/><\/figure>\n","protected":false},"excerpt":{"rendered":"<p>En el marco de la formulaci\u00f3n de la Pol\u00edtica Nacional de Discapacidad, se desarroll\u00f3 el Taller de consulta gubernamental para la construcci\u00f3n de \u00e1rbol de problemas; un espacio t\u00e9cnico y participativo orientado a identificar, analizar y priorizar los principales desaf\u00edos que enfrentan las personas con discapacidad en el pa\u00eds. Durante el taller se destac\u00f3 la &hellip; <\/p>\n<p class=\"link-more\"><a href=\"https:\/\/conadi.gob.gt\/web\/taller-de-consulta-con-instituciones-publicas\/\" class=\"more-link\">Leer m\u00e1s<span class=\"screen-reader-text\"> \u00abTALLER DE CONSULTA CON INSTITUCIONES P\u00daBLICAS\u00bb<\/span><\/a><\/p>\n","protected":false},"author":222,"featured_media":0,"comment_status":"closed","ping_status":"closed","sticky":false,"template":"","format":"standard","meta":{"footnotes":""},"categories":[1],"tags":[],"class_list":["post-19453","post","type-post","status-publish","format-standard","hentry","category-sin-categoria"],"_links":{"self":[{"href":"https:\/\/conadi.gob.gt\/web\/wp-json\/wp\/v2\/posts\/19453","targetHints":{"allow":["GET"]}}],"collection":[{"href":"https:\/\/conadi.gob.gt\/web\/wp-json\/wp\/v2\/posts"}],"about":[{"href":"https:\/\/conadi.gob.gt\/web\/wp-json\/wp\/v2\/types\/post"}],"author":[{"embeddable":true,"href":"https:\/\/conadi.gob.gt\/web\/wp-json\/wp\/v2\/users\/222"}],"replies":[{"embeddable":true,"href":"https:\/\/conadi.gob.gt\/web\/wp-json\/wp\/v2\/comments?post=19453"}],"version-history":[{"count":3,"href":"https:\/\/conadi.gob.gt\/web\/wp-json\/wp\/v2\/posts\/19453\/revisions"}],"predecessor-version":[{"id":19465,"href":"https:\/\/conadi.gob.gt\/web\/wp-json\/wp\/v2\/posts\/19453\/revisions\/19465"}],"wp:attachment":[{"href":"https:\/\/conadi.gob.gt\/web\/wp-json\/wp\/v2\/media?parent=19453"}],"wp:term":[{"taxonomy":"category","embeddable":true,"href":"https:\/\/conadi.gob.gt\/web\/wp-json\/wp\/v2\/categories?post=19453"},{"taxonomy":"post_tag","embeddable":true,"href":"https:\/\/conadi.gob.gt\/web\/wp-json\/wp\/v2\/tags?post=19453"}],"curies":[{"name":"wp","href":"https:\/\/api.w.org\/{rel}","templated":true}]}}