{"id":19588,"date":"2026-01-19T12:53:00","date_gmt":"2026-01-19T12:53:00","guid":{"rendered":"https:\/\/conadi.gob.gt\/web\/?p=19588"},"modified":"2026-01-19T12:53:01","modified_gmt":"2026-01-19T12:53:01","slug":"comunicado-importante","status":"publish","type":"post","link":"https:\/\/conadi.gob.gt\/web\/comunicado-importante\/","title":{"rendered":"Comunicado Importante"},"content":{"rendered":"\n<p>El Consejo Nacional para la Atenci\u00f3n de las Personas con Discapacidad (CONADI), a trav\u00e9s de su Junta Directiva, informa que, en atenci\u00f3n a las recomendaciones giradas por el Gobierno de Guatemala, se ha decidido suspender las actividades a nivel nacional programadas para el lunes 19 de enero de 2026.<\/p>\n\n\n\n<p>Esto como medida preventiva ante los hechos de violencia registrados en las \u00faltimas horas y con el prop\u00f3sito de resguardar la integridad f\u00edsica de las y los trabajadores, as\u00ed como de los miembros de las organizaciones que forman parte del CONADI.<br \/>Se hace un llamado a mantenerse informados a trav\u00e9s de los canales oficiales.<br \/>CONADI, \u201cAcci\u00f3n Conjunta para una Participaci\u00f3n Plena\u201d.<\/p>\n\n\n\n<p>En la pantalla se muestra un dise\u00f1o digital del comunicado institucional. En la parte superior aparece el logotipo del CONADI acompa\u00f1ado del texto \u201cInformaci\u00f3n Importante\u201d, seguido se presenta el contenido informativo del comunicado y, en la parte inferior, se incluye el lema institucional del CONADI como cierre del dise\u00f1o.<\/p>\n\n\n\n<figure class=\"wp-block-image size-large\"><img loading=\"lazy\" decoding=\"async\" width=\"1024\" height=\"1024\" src=\"https:\/\/conadi.gob.gt\/web\/wp-content\/uploads\/2026\/01\/WhatsApp-Image-2026-01-18-at-9.16.12-PM-1024x1024.jpeg\" alt=\"Comunicado Importante\" class=\"wp-image-19589\" srcset=\"https:\/\/conadi.gob.gt\/web\/wp-content\/uploads\/2026\/01\/WhatsApp-Image-2026-01-18-at-9.16.12-PM-1024x1024.jpeg 1024w, https:\/\/conadi.gob.gt\/web\/wp-content\/uploads\/2026\/01\/WhatsApp-Image-2026-01-18-at-9.16.12-PM-300x300.jpeg 300w, https:\/\/conadi.gob.gt\/web\/wp-content\/uploads\/2026\/01\/WhatsApp-Image-2026-01-18-at-9.16.12-PM-150x150.jpeg 150w, https:\/\/conadi.gob.gt\/web\/wp-content\/uploads\/2026\/01\/WhatsApp-Image-2026-01-18-at-9.16.12-PM-768x768.jpeg 768w, https:\/\/conadi.gob.gt\/web\/wp-content\/uploads\/2026\/01\/WhatsApp-Image-2026-01-18-at-9.16.12-PM.jpeg 1280w\" sizes=\"auto, (max-width: 1024px) 100vw, 1024px\" \/><\/figure>\n","protected":false},"excerpt":{"rendered":"<p>El Consejo Nacional para la Atenci\u00f3n de las Personas con Discapacidad (CONADI), a trav\u00e9s de su Junta Directiva, informa que, en atenci\u00f3n a las recomendaciones giradas por el Gobierno de Guatemala, se ha decidido suspender las actividades a nivel nacional programadas para el lunes 19 de enero de 2026. Esto como medida preventiva ante los &hellip; <\/p>\n<p class=\"link-more\"><a href=\"https:\/\/conadi.gob.gt\/web\/comunicado-importante\/\" class=\"more-link\">Leer m\u00e1s<span class=\"screen-reader-text\"> \u00abComunicado Importante\u00bb<\/span><\/a><\/p>\n","protected":false},"author":672,"featured_media":19589,"comment_status":"closed","ping_status":"closed","sticky":false,"template":"","format":"standard","meta":{"footnotes":""},"categories":[3],"tags":[],"class_list":["post-19588","post","type-post","status-publish","format-standard","has-post-thumbnail","hentry","category-noticias"],"_links":{"self":[{"href":"https:\/\/conadi.gob.gt\/web\/wp-json\/wp\/v2\/posts\/19588","targetHints":{"allow":["GET"]}}],"collection":[{"href":"https:\/\/conadi.gob.gt\/web\/wp-json\/wp\/v2\/posts"}],"about":[{"href":"https:\/\/conadi.gob.gt\/web\/wp-json\/wp\/v2\/types\/post"}],"author":[{"embeddable":true,"href":"https:\/\/conadi.gob.gt\/web\/wp-json\/wp\/v2\/users\/672"}],"replies":[{"embeddable":true,"href":"https:\/\/conadi.gob.gt\/web\/wp-json\/wp\/v2\/comments?post=19588"}],"version-history":[{"count":1,"href":"https:\/\/conadi.gob.gt\/web\/wp-json\/wp\/v2\/posts\/19588\/revisions"}],"predecessor-version":[{"id":19590,"href":"https:\/\/conadi.gob.gt\/web\/wp-json\/wp\/v2\/posts\/19588\/revisions\/19590"}],"wp:featuredmedia":[{"embeddable":true,"href":"https:\/\/conadi.gob.gt\/web\/wp-json\/wp\/v2\/media\/19589"}],"wp:attachment":[{"href":"https:\/\/conadi.gob.gt\/web\/wp-json\/wp\/v2\/media?parent=19588"}],"wp:term":[{"taxonomy":"category","embeddable":true,"href":"https:\/\/conadi.gob.gt\/web\/wp-json\/wp\/v2\/categories?post=19588"},{"taxonomy":"post_tag","embeddable":true,"href":"https:\/\/conadi.gob.gt\/web\/wp-json\/wp\/v2\/tags?post=19588"}],"curies":[{"name":"wp","href":"https:\/\/api.w.org\/{rel}","templated":true}]}}