{"id":19915,"date":"2026-02-23T16:35:47","date_gmt":"2026-02-23T16:35:47","guid":{"rendered":"https:\/\/conadi.gob.gt\/web\/?p=19915"},"modified":"2026-02-23T16:45:25","modified_gmt":"2026-02-23T16:45:25","slug":"cierre-del-campamento-de-entrega-de-protesis","status":"publish","type":"post","link":"https:\/\/conadi.gob.gt\/web\/cierre-del-campamento-de-entrega-de-protesis\/","title":{"rendered":"Cierre del Campamento de Entrega de Pr\u00f3tesis"},"content":{"rendered":"\n<p>Como cierre del proceso del Campamento de Entrega de Pr\u00f3tesis para personas con discapacidad, se llevaron a cabo dos actividades conmemorativas destinadas a reconocer la labor del personal m\u00e9dico y t\u00e9cnico de la&nbsp;Rep\u00fablica de la India, quienes estuvieron a cargo de las evaluaciones, elaboraci\u00f3n y adaptaci\u00f3n de las pr\u00f3tesis entregadas a personas que no cuentan con los recursos econ\u00f3micos para acceder a una pr\u00f3tesis.<\/p>\n\n\n\n<div class=\"wp-block-columns is-layout-flex wp-container-core-columns-is-layout-28f84493 wp-block-columns-is-layout-flex\">\n<div class=\"wp-block-column is-layout-flow wp-block-column-is-layout-flow\">\n<figure class=\"wp-block-image size-large\"><img loading=\"lazy\" decoding=\"async\" width=\"1024\" height=\"682\" src=\"https:\/\/conadi.gob.gt\/web\/wp-content\/uploads\/2026\/02\/WhatsApp-Image-2026-02-20-at-12.31.21-PM-1024x682.jpeg\" alt=\"\" class=\"wp-image-19916\" srcset=\"https:\/\/conadi.gob.gt\/web\/wp-content\/uploads\/2026\/02\/WhatsApp-Image-2026-02-20-at-12.31.21-PM-1024x682.jpeg 1024w, https:\/\/conadi.gob.gt\/web\/wp-content\/uploads\/2026\/02\/WhatsApp-Image-2026-02-20-at-12.31.21-PM-300x200.jpeg 300w, https:\/\/conadi.gob.gt\/web\/wp-content\/uploads\/2026\/02\/WhatsApp-Image-2026-02-20-at-12.31.21-PM-768x512.jpeg 768w, https:\/\/conadi.gob.gt\/web\/wp-content\/uploads\/2026\/02\/WhatsApp-Image-2026-02-20-at-12.31.21-PM-1536x1023.jpeg 1536w, https:\/\/conadi.gob.gt\/web\/wp-content\/uploads\/2026\/02\/WhatsApp-Image-2026-02-20-at-12.31.21-PM.jpeg 1600w\" sizes=\"auto, (max-width: 1024px) 100vw, 1024px\" \/><\/figure>\n<\/div>\n\n\n\n<div class=\"wp-block-column is-layout-flow wp-block-column-is-layout-flow\">\n<figure class=\"wp-block-image size-large\"><img loading=\"lazy\" decoding=\"async\" width=\"1024\" height=\"683\" src=\"https:\/\/conadi.gob.gt\/web\/wp-content\/uploads\/2026\/02\/o-1024x683.jpg\" alt=\"\" class=\"wp-image-19917\" srcset=\"https:\/\/conadi.gob.gt\/web\/wp-content\/uploads\/2026\/02\/o-1024x683.jpg 1024w, https:\/\/conadi.gob.gt\/web\/wp-content\/uploads\/2026\/02\/o-300x200.jpg 300w, https:\/\/conadi.gob.gt\/web\/wp-content\/uploads\/2026\/02\/o-768x512.jpg 768w, https:\/\/conadi.gob.gt\/web\/wp-content\/uploads\/2026\/02\/o-1536x1024.jpg 1536w, https:\/\/conadi.gob.gt\/web\/wp-content\/uploads\/2026\/02\/o-2048x1365.jpg 2048w, https:\/\/conadi.gob.gt\/web\/wp-content\/uploads\/2026\/02\/o-2000x1333.jpg 2000w\" sizes=\"auto, (max-width: 1024px) 100vw, 1024px\" \/><\/figure>\n<\/div>\n<\/div>\n\n\n\n<p>Durante la jornada matutina del 19 de febrero, el&nbsp;Ministerio de la Defensa Nacional&nbsp;otorg\u00f3 la condecoraci\u00f3n Monja Blanca Segunda Clase como distintivo al servicio prestado en beneficio de la poblaci\u00f3n guatemalteca con discapacidad. En este acto particip\u00f3 William Zapeta, director t\u00e9cnico del&nbsp;CONADI, quien destac\u00f3 el esfuerzo conjunto del Estado, a trav\u00e9s del Ministerio de la Defensa Nacional y la&nbsp;CONRED para hacer posible este proyecto, el cual devolvi\u00f3 autonom\u00eda e independencia a las personas beneficiarias con esta entrega.<\/p>\n\n\n\n<div class=\"wp-block-columns is-layout-flex wp-container-core-columns-is-layout-28f84493 wp-block-columns-is-layout-flex\">\n<div class=\"wp-block-column is-layout-flow wp-block-column-is-layout-flow\">\n<figure class=\"wp-block-image size-large\"><img loading=\"lazy\" decoding=\"async\" width=\"1024\" height=\"682\" src=\"https:\/\/conadi.gob.gt\/web\/wp-content\/uploads\/2026\/02\/WhatsApp-Image-2026-02-20-at-12.31.22-PM-2-1024x682.jpeg\" alt=\"\" class=\"wp-image-19918\" srcset=\"https:\/\/conadi.gob.gt\/web\/wp-content\/uploads\/2026\/02\/WhatsApp-Image-2026-02-20-at-12.31.22-PM-2-1024x682.jpeg 1024w, https:\/\/conadi.gob.gt\/web\/wp-content\/uploads\/2026\/02\/WhatsApp-Image-2026-02-20-at-12.31.22-PM-2-300x200.jpeg 300w, https:\/\/conadi.gob.gt\/web\/wp-content\/uploads\/2026\/02\/WhatsApp-Image-2026-02-20-at-12.31.22-PM-2-768x512.jpeg 768w, https:\/\/conadi.gob.gt\/web\/wp-content\/uploads\/2026\/02\/WhatsApp-Image-2026-02-20-at-12.31.22-PM-2-1536x1023.jpeg 1536w, https:\/\/conadi.gob.gt\/web\/wp-content\/uploads\/2026\/02\/WhatsApp-Image-2026-02-20-at-12.31.22-PM-2.jpeg 1600w\" sizes=\"auto, (max-width: 1024px) 100vw, 1024px\" \/><\/figure>\n<\/div>\n\n\n\n<div class=\"wp-block-column is-layout-flow wp-block-column-is-layout-flow\">\n<figure class=\"wp-block-image size-large\"><img loading=\"lazy\" decoding=\"async\" width=\"1024\" height=\"682\" src=\"https:\/\/conadi.gob.gt\/web\/wp-content\/uploads\/2026\/02\/WhatsApp-Image-2026-02-20-at-12.31.22-PM-4-1024x682.jpeg\" alt=\"\" class=\"wp-image-19919\" srcset=\"https:\/\/conadi.gob.gt\/web\/wp-content\/uploads\/2026\/02\/WhatsApp-Image-2026-02-20-at-12.31.22-PM-4-1024x682.jpeg 1024w, https:\/\/conadi.gob.gt\/web\/wp-content\/uploads\/2026\/02\/WhatsApp-Image-2026-02-20-at-12.31.22-PM-4-300x200.jpeg 300w, https:\/\/conadi.gob.gt\/web\/wp-content\/uploads\/2026\/02\/WhatsApp-Image-2026-02-20-at-12.31.22-PM-4-768x512.jpeg 768w, https:\/\/conadi.gob.gt\/web\/wp-content\/uploads\/2026\/02\/WhatsApp-Image-2026-02-20-at-12.31.22-PM-4-1536x1023.jpeg 1536w, https:\/\/conadi.gob.gt\/web\/wp-content\/uploads\/2026\/02\/WhatsApp-Image-2026-02-20-at-12.31.22-PM-4.jpeg 1600w\" sizes=\"auto, (max-width: 1024px) 100vw, 1024px\" \/><\/figure>\n<\/div>\n<\/div>\n\n\n\n<p>Posteriormente, el CONADI reconocimiento el aporte realizado al ejercicio de los derechos de las personas con discapacidad mediante la entrega de pr\u00f3tesis durante estas jornadas, resaltando el trabajo interinstitucional que permiti\u00f3 su ejecuci\u00f3n.<\/p>\n\n\n\n<p>En este espacio, Indra Molina, representante de la Junta Directiva, enfatiz\u00f3 en sus palabras que este cierre marca, a la vez, el inicio de nuevas alianzas, mayores oportunidades de cooperaci\u00f3n y un compromiso renovado con la inclusi\u00f3n plena de las personas con discapacidad en Guatemala.<\/p>\n\n\n\n<div class=\"wp-block-columns is-layout-flex wp-container-core-columns-is-layout-28f84493 wp-block-columns-is-layout-flex\">\n<div class=\"wp-block-column is-layout-flow wp-block-column-is-layout-flow\">\n<figure class=\"wp-block-image size-large\"><img loading=\"lazy\" decoding=\"async\" width=\"1024\" height=\"682\" src=\"https:\/\/conadi.gob.gt\/web\/wp-content\/uploads\/2026\/02\/WhatsApp-Image-2026-02-20-at-12.31.53-PM-copia-1024x682.jpg\" alt=\"\" class=\"wp-image-19926\" srcset=\"https:\/\/conadi.gob.gt\/web\/wp-content\/uploads\/2026\/02\/WhatsApp-Image-2026-02-20-at-12.31.53-PM-copia-1024x682.jpg 1024w, https:\/\/conadi.gob.gt\/web\/wp-content\/uploads\/2026\/02\/WhatsApp-Image-2026-02-20-at-12.31.53-PM-copia-300x200.jpg 300w, https:\/\/conadi.gob.gt\/web\/wp-content\/uploads\/2026\/02\/WhatsApp-Image-2026-02-20-at-12.31.53-PM-copia-768x512.jpg 768w, https:\/\/conadi.gob.gt\/web\/wp-content\/uploads\/2026\/02\/WhatsApp-Image-2026-02-20-at-12.31.53-PM-copia-1536x1023.jpg 1536w, https:\/\/conadi.gob.gt\/web\/wp-content\/uploads\/2026\/02\/WhatsApp-Image-2026-02-20-at-12.31.53-PM-copia.jpg 1600w\" sizes=\"auto, (max-width: 1024px) 100vw, 1024px\" \/><\/figure>\n<\/div>\n\n\n\n<div class=\"wp-block-column is-layout-flow wp-block-column-is-layout-flow\">\n<figure class=\"wp-block-image size-large\"><img loading=\"lazy\" decoding=\"async\" width=\"1024\" height=\"683\" src=\"https:\/\/conadi.gob.gt\/web\/wp-content\/uploads\/2026\/02\/016-1024x683.jpg\" alt=\"\" class=\"wp-image-19921\" srcset=\"https:\/\/conadi.gob.gt\/web\/wp-content\/uploads\/2026\/02\/016-1024x683.jpg 1024w, https:\/\/conadi.gob.gt\/web\/wp-content\/uploads\/2026\/02\/016-300x200.jpg 300w, https:\/\/conadi.gob.gt\/web\/wp-content\/uploads\/2026\/02\/016-768x512.jpg 768w, https:\/\/conadi.gob.gt\/web\/wp-content\/uploads\/2026\/02\/016-1536x1024.jpg 1536w, https:\/\/conadi.gob.gt\/web\/wp-content\/uploads\/2026\/02\/016-2048x1365.jpg 2048w, https:\/\/conadi.gob.gt\/web\/wp-content\/uploads\/2026\/02\/016-2000x1333.jpg 2000w\" sizes=\"auto, (max-width: 1024px) 100vw, 1024px\" \/><\/figure>\n<\/div>\n<\/div>\n\n\n\n<p>Asimismo, expres\u00f3 su profunda gratitud por la apertura y colaboraci\u00f3n de las instituciones involucradas, de las organizaciones de y para personas con discapacidad, de las municipalidades y del personal del&nbsp;CONADI, que asumi\u00f3 extensas jornadas de trabajo para gestionar la entrega de estas ayudas t\u00e9cnicas, las cuales representan movilidad, autonom\u00eda, dignidad y nuevas oportunidades de participaci\u00f3n plena en la sociedad.<\/p>\n\n\n\n<p>Destac\u00f3 tambi\u00e9n que estas acciones constituyen un homenaje a cada persona beneficiaria y a sus familias, cuya resiliencia, esperanza y confianza recuerdan diariamente el sentido y la raz\u00f3n de la labor institucional del CONADI.<\/p>\n\n\n\n<div class=\"wp-block-columns is-layout-flex wp-container-core-columns-is-layout-28f84493 wp-block-columns-is-layout-flex\">\n<div class=\"wp-block-column is-layout-flow wp-block-column-is-layout-flow\">\n<figure class=\"wp-block-image size-large\"><img loading=\"lazy\" decoding=\"async\" width=\"1024\" height=\"683\" src=\"https:\/\/conadi.gob.gt\/web\/wp-content\/uploads\/2026\/02\/IMG_0093-1024x683.jpg\" alt=\"\" class=\"wp-image-19924\" srcset=\"https:\/\/conadi.gob.gt\/web\/wp-content\/uploads\/2026\/02\/IMG_0093-1024x683.jpg 1024w, https:\/\/conadi.gob.gt\/web\/wp-content\/uploads\/2026\/02\/IMG_0093-300x200.jpg 300w, https:\/\/conadi.gob.gt\/web\/wp-content\/uploads\/2026\/02\/IMG_0093-768x512.jpg 768w, https:\/\/conadi.gob.gt\/web\/wp-content\/uploads\/2026\/02\/IMG_0093-1536x1024.jpg 1536w, https:\/\/conadi.gob.gt\/web\/wp-content\/uploads\/2026\/02\/IMG_0093-2048x1365.jpg 2048w, https:\/\/conadi.gob.gt\/web\/wp-content\/uploads\/2026\/02\/IMG_0093-2000x1333.jpg 2000w\" sizes=\"auto, (max-width: 1024px) 100vw, 1024px\" \/><\/figure>\n<\/div>\n\n\n\n<div class=\"wp-block-column is-layout-flow wp-block-column-is-layout-flow\">\n<figure class=\"wp-block-image size-large\"><img loading=\"lazy\" decoding=\"async\" width=\"1024\" height=\"683\" src=\"https:\/\/conadi.gob.gt\/web\/wp-content\/uploads\/2026\/02\/IMG_0054-1024x683.jpg\" alt=\"\" class=\"wp-image-19923\" srcset=\"https:\/\/conadi.gob.gt\/web\/wp-content\/uploads\/2026\/02\/IMG_0054-1024x683.jpg 1024w, https:\/\/conadi.gob.gt\/web\/wp-content\/uploads\/2026\/02\/IMG_0054-300x200.jpg 300w, https:\/\/conadi.gob.gt\/web\/wp-content\/uploads\/2026\/02\/IMG_0054-768x512.jpg 768w, https:\/\/conadi.gob.gt\/web\/wp-content\/uploads\/2026\/02\/IMG_0054-1536x1024.jpg 1536w, https:\/\/conadi.gob.gt\/web\/wp-content\/uploads\/2026\/02\/IMG_0054-2048x1365.jpg 2048w, https:\/\/conadi.gob.gt\/web\/wp-content\/uploads\/2026\/02\/IMG_0054-2000x1333.jpg 2000w\" sizes=\"auto, (max-width: 1024px) 100vw, 1024px\" \/><\/figure>\n<\/div>\n<\/div>\n","protected":false},"excerpt":{"rendered":"<p>Como cierre del proceso del Campamento de Entrega de Pr\u00f3tesis para personas con discapacidad, se llevaron a cabo dos actividades conmemorativas destinadas a reconocer la labor del personal m\u00e9dico y t\u00e9cnico de la&nbsp;Rep\u00fablica de la India, quienes estuvieron a cargo de las evaluaciones, elaboraci\u00f3n y adaptaci\u00f3n de las pr\u00f3tesis entregadas a personas que no cuentan &hellip; <\/p>\n<p class=\"link-more\"><a href=\"https:\/\/conadi.gob.gt\/web\/cierre-del-campamento-de-entrega-de-protesis\/\" class=\"more-link\">Leer m\u00e1s<span class=\"screen-reader-text\"> \u00abCierre del Campamento de Entrega de Pr\u00f3tesis\u00bb<\/span><\/a><\/p>\n","protected":false},"author":672,"featured_media":19916,"comment_status":"closed","ping_status":"closed","sticky":false,"template":"","format":"standard","meta":{"footnotes":""},"categories":[3],"tags":[],"class_list":["post-19915","post","type-post","status-publish","format-standard","has-post-thumbnail","hentry","category-noticias"],"_links":{"self":[{"href":"https:\/\/conadi.gob.gt\/web\/wp-json\/wp\/v2\/posts\/19915","targetHints":{"allow":["GET"]}}],"collection":[{"href":"https:\/\/conadi.gob.gt\/web\/wp-json\/wp\/v2\/posts"}],"about":[{"href":"https:\/\/conadi.gob.gt\/web\/wp-json\/wp\/v2\/types\/post"}],"author":[{"embeddable":true,"href":"https:\/\/conadi.gob.gt\/web\/wp-json\/wp\/v2\/users\/672"}],"replies":[{"embeddable":true,"href":"https:\/\/conadi.gob.gt\/web\/wp-json\/wp\/v2\/comments?post=19915"}],"version-history":[{"count":2,"href":"https:\/\/conadi.gob.gt\/web\/wp-json\/wp\/v2\/posts\/19915\/revisions"}],"predecessor-version":[{"id":19928,"href":"https:\/\/conadi.gob.gt\/web\/wp-json\/wp\/v2\/posts\/19915\/revisions\/19928"}],"wp:featuredmedia":[{"embeddable":true,"href":"https:\/\/conadi.gob.gt\/web\/wp-json\/wp\/v2\/media\/19916"}],"wp:attachment":[{"href":"https:\/\/conadi.gob.gt\/web\/wp-json\/wp\/v2\/media?parent=19915"}],"wp:term":[{"taxonomy":"category","embeddable":true,"href":"https:\/\/conadi.gob.gt\/web\/wp-json\/wp\/v2\/categories?post=19915"},{"taxonomy":"post_tag","embeddable":true,"href":"https:\/\/conadi.gob.gt\/web\/wp-json\/wp\/v2\/tags?post=19915"}],"curies":[{"name":"wp","href":"https:\/\/api.w.org\/{rel}","templated":true}]}}