{"id":19934,"date":"2026-02-24T17:46:43","date_gmt":"2026-02-24T17:46:43","guid":{"rendered":"https:\/\/conadi.gob.gt\/web\/?p=19934"},"modified":"2026-02-24T17:46:43","modified_gmt":"2026-02-24T17:46:43","slug":"xix-consejo-intergubernamental-del-programa-iberoamericano-sobre-los-derechos-de-las-personas-con-discapacidad","status":"publish","type":"post","link":"https:\/\/conadi.gob.gt\/web\/xix-consejo-intergubernamental-del-programa-iberoamericano-sobre-los-derechos-de-las-personas-con-discapacidad\/","title":{"rendered":"XIX Consejo Intergubernamental del Programa Iberoamericano sobre los Derechos de las Personas con Discapacidad"},"content":{"rendered":"\n<div class=\"wp-block-columns is-layout-flex wp-container-core-columns-is-layout-28f84493 wp-block-columns-is-layout-flex\">\n<div class=\"wp-block-column is-layout-flow wp-block-column-is-layout-flow\">\n<p>El Consejo Nacional para la Atenci\u00f3n de las Personas con Discapacidad (CONADI) particip\u00f3 en el XIX Consejo Intergubernamental del Programa Iberoamericano sobre los Derechos de las Personas con Discapacidad (PID), desarrollado en la ciudad de Lisboa, Portugal.<\/p>\n<\/div>\n\n\n\n<div class=\"wp-block-column is-layout-flow wp-block-column-is-layout-flow\">\n<figure class=\"wp-block-image size-large\"><img loading=\"lazy\" decoding=\"async\" width=\"1024\" height=\"576\" src=\"https:\/\/conadi.gob.gt\/web\/wp-content\/uploads\/2026\/02\/WhatsApp-Image-2026-02-24-at-10.44.22-AM-2-1024x576.jpeg\" alt=\"\" class=\"wp-image-19938\" srcset=\"https:\/\/conadi.gob.gt\/web\/wp-content\/uploads\/2026\/02\/WhatsApp-Image-2026-02-24-at-10.44.22-AM-2-1024x576.jpeg 1024w, https:\/\/conadi.gob.gt\/web\/wp-content\/uploads\/2026\/02\/WhatsApp-Image-2026-02-24-at-10.44.22-AM-2-300x169.jpeg 300w, https:\/\/conadi.gob.gt\/web\/wp-content\/uploads\/2026\/02\/WhatsApp-Image-2026-02-24-at-10.44.22-AM-2-768x432.jpeg 768w, https:\/\/conadi.gob.gt\/web\/wp-content\/uploads\/2026\/02\/WhatsApp-Image-2026-02-24-at-10.44.22-AM-2.jpeg 1280w\" sizes=\"auto, (max-width: 1024px) 100vw, 1024px\" \/><\/figure>\n<\/div>\n<\/div>\n\n\n\n<div class=\"wp-block-columns is-layout-flex wp-container-core-columns-is-layout-28f84493 wp-block-columns-is-layout-flex\">\n<div class=\"wp-block-column is-layout-flow wp-block-column-is-layout-flow\">\n<figure class=\"wp-block-image size-large\"><img loading=\"lazy\" decoding=\"async\" width=\"1024\" height=\"576\" src=\"https:\/\/conadi.gob.gt\/web\/wp-content\/uploads\/2026\/02\/WhatsApp-Image-2026-02-24-at-10.44.23-AM-1024x576.jpeg\" alt=\"\" class=\"wp-image-19936\" srcset=\"https:\/\/conadi.gob.gt\/web\/wp-content\/uploads\/2026\/02\/WhatsApp-Image-2026-02-24-at-10.44.23-AM-1024x576.jpeg 1024w, https:\/\/conadi.gob.gt\/web\/wp-content\/uploads\/2026\/02\/WhatsApp-Image-2026-02-24-at-10.44.23-AM-300x169.jpeg 300w, https:\/\/conadi.gob.gt\/web\/wp-content\/uploads\/2026\/02\/WhatsApp-Image-2026-02-24-at-10.44.23-AM-768x432.jpeg 768w, https:\/\/conadi.gob.gt\/web\/wp-content\/uploads\/2026\/02\/WhatsApp-Image-2026-02-24-at-10.44.23-AM.jpeg 1280w\" sizes=\"auto, (max-width: 1024px) 100vw, 1024px\" \/><\/figure>\n<\/div>\n\n\n\n<div class=\"wp-block-column is-layout-flow wp-block-column-is-layout-flow\">\n<p>La instituci\u00f3n estuvo representada por la Lcda. Yaneth Garc\u00eda, vicepresidenta del CONADI, cuya participaci\u00f3n fortalece la presencia de Guatemala en los espacios regionales de coordinaci\u00f3n y cooperaci\u00f3n en materia de discapacidad.<\/p>\n<\/div>\n<\/div>\n\n\n\n<div class=\"wp-block-columns is-layout-flex wp-container-core-columns-is-layout-28f84493 wp-block-columns-is-layout-flex\">\n<div class=\"wp-block-column is-layout-flow wp-block-column-is-layout-flow\">\n<p>Durante el presente a\u00f1o, el CONADI integrar\u00e1 el \u201cGrupo Motor\u201d encargado del proceso de construcci\u00f3n e implementaci\u00f3n de la Tarjeta Iberoamericana de Discapacidad, una iniciativa orientada a fortalecer el reconocimiento y la garant\u00eda de derechos de las personas con discapacidad a nivel iberoamericano.<\/p>\n<\/div>\n\n\n\n<div class=\"wp-block-column is-layout-flow wp-block-column-is-layout-flow\">\n<figure class=\"wp-block-image size-large\"><img loading=\"lazy\" decoding=\"async\" width=\"1024\" height=\"576\" src=\"https:\/\/conadi.gob.gt\/web\/wp-content\/uploads\/2026\/02\/WhatsApp-Image-2026-02-24-at-10.44.52-AM-1024x576.jpeg\" alt=\"\" class=\"wp-image-19939\" srcset=\"https:\/\/conadi.gob.gt\/web\/wp-content\/uploads\/2026\/02\/WhatsApp-Image-2026-02-24-at-10.44.52-AM-1024x576.jpeg 1024w, https:\/\/conadi.gob.gt\/web\/wp-content\/uploads\/2026\/02\/WhatsApp-Image-2026-02-24-at-10.44.52-AM-300x169.jpeg 300w, https:\/\/conadi.gob.gt\/web\/wp-content\/uploads\/2026\/02\/WhatsApp-Image-2026-02-24-at-10.44.52-AM-768x432.jpeg 768w, https:\/\/conadi.gob.gt\/web\/wp-content\/uploads\/2026\/02\/WhatsApp-Image-2026-02-24-at-10.44.52-AM.jpeg 1280w\" sizes=\"auto, (max-width: 1024px) 100vw, 1024px\" \/><\/figure>\n<\/div>\n<\/div>\n","protected":false},"excerpt":{"rendered":"<p>El Consejo Nacional para la Atenci\u00f3n de las Personas con Discapacidad (CONADI) particip\u00f3 en el XIX Consejo Intergubernamental del Programa Iberoamericano sobre los Derechos de las Personas con Discapacidad (PID), desarrollado en la ciudad de Lisboa, Portugal. La instituci\u00f3n estuvo representada por la Lcda. Yaneth Garc\u00eda, vicepresidenta del CONADI, cuya participaci\u00f3n fortalece la presencia de &hellip; <\/p>\n<p class=\"link-more\"><a href=\"https:\/\/conadi.gob.gt\/web\/xix-consejo-intergubernamental-del-programa-iberoamericano-sobre-los-derechos-de-las-personas-con-discapacidad\/\" class=\"more-link\">Leer m\u00e1s<span class=\"screen-reader-text\"> \u00abXIX Consejo Intergubernamental del Programa Iberoamericano sobre los Derechos de las Personas con Discapacidad\u00bb<\/span><\/a><\/p>\n","protected":false},"author":672,"featured_media":19936,"comment_status":"closed","ping_status":"closed","sticky":false,"template":"","format":"standard","meta":{"footnotes":""},"categories":[3],"tags":[],"class_list":["post-19934","post","type-post","status-publish","format-standard","has-post-thumbnail","hentry","category-noticias"],"_links":{"self":[{"href":"https:\/\/conadi.gob.gt\/web\/wp-json\/wp\/v2\/posts\/19934","targetHints":{"allow":["GET"]}}],"collection":[{"href":"https:\/\/conadi.gob.gt\/web\/wp-json\/wp\/v2\/posts"}],"about":[{"href":"https:\/\/conadi.gob.gt\/web\/wp-json\/wp\/v2\/types\/post"}],"author":[{"embeddable":true,"href":"https:\/\/conadi.gob.gt\/web\/wp-json\/wp\/v2\/users\/672"}],"replies":[{"embeddable":true,"href":"https:\/\/conadi.gob.gt\/web\/wp-json\/wp\/v2\/comments?post=19934"}],"version-history":[{"count":1,"href":"https:\/\/conadi.gob.gt\/web\/wp-json\/wp\/v2\/posts\/19934\/revisions"}],"predecessor-version":[{"id":19940,"href":"https:\/\/conadi.gob.gt\/web\/wp-json\/wp\/v2\/posts\/19934\/revisions\/19940"}],"wp:featuredmedia":[{"embeddable":true,"href":"https:\/\/conadi.gob.gt\/web\/wp-json\/wp\/v2\/media\/19936"}],"wp:attachment":[{"href":"https:\/\/conadi.gob.gt\/web\/wp-json\/wp\/v2\/media?parent=19934"}],"wp:term":[{"taxonomy":"category","embeddable":true,"href":"https:\/\/conadi.gob.gt\/web\/wp-json\/wp\/v2\/categories?post=19934"},{"taxonomy":"post_tag","embeddable":true,"href":"https:\/\/conadi.gob.gt\/web\/wp-json\/wp\/v2\/tags?post=19934"}],"curies":[{"name":"wp","href":"https:\/\/api.w.org\/{rel}","templated":true}]}}