{"id":20030,"date":"2026-02-26T16:37:59","date_gmt":"2026-02-26T16:37:59","guid":{"rendered":"https:\/\/conadi.gob.gt\/web\/?p=20030"},"modified":"2026-02-26T16:38:00","modified_gmt":"2026-02-26T16:38:00","slug":"jornada-de-trabajo-junto-a-organizaciones","status":"publish","type":"post","link":"https:\/\/conadi.gob.gt\/web\/jornada-de-trabajo-junto-a-organizaciones\/","title":{"rendered":"Jornada de Trabajo Junto a Organizaciones"},"content":{"rendered":"\n<p>En el departamento de Quetzaltenango se desarroll\u00f3 una jornada de trabajo junto a organizaciones de y para personas con discapacidad, y representantes de la institucionalidad p\u00fablica, con el objetivo de llevar a cabo la elecci\u00f3n del equipo coordinador de la Comisi\u00f3n Departamental de Discapacidad (CODEDIS) para el per\u00edodo 2026.\u00a0 Este espacio fortaleci\u00f3 los mecanismos de participaci\u00f3n y representaci\u00f3n, promoviendo la articulaci\u00f3n entre sociedad civil organizada y entidades del Estado para avanzar en la agenda de derechos de las personas con discapacidad en el departamento.<\/p>\n\n\n\n<div class=\"wp-block-columns is-layout-flex wp-container-core-columns-is-layout-28f84493 wp-block-columns-is-layout-flex\">\n<div class=\"wp-block-column is-layout-flow wp-block-column-is-layout-flow\">\n<figure class=\"wp-block-image size-large\"><img loading=\"lazy\" decoding=\"async\" width=\"1024\" height=\"683\" src=\"https:\/\/conadi.gob.gt\/web\/wp-content\/uploads\/2026\/02\/01-1024x683.jpg\" alt=\"\" class=\"wp-image-20031\" srcset=\"https:\/\/conadi.gob.gt\/web\/wp-content\/uploads\/2026\/02\/01-1024x683.jpg 1024w, https:\/\/conadi.gob.gt\/web\/wp-content\/uploads\/2026\/02\/01-300x200.jpg 300w, https:\/\/conadi.gob.gt\/web\/wp-content\/uploads\/2026\/02\/01-768x512.jpg 768w, https:\/\/conadi.gob.gt\/web\/wp-content\/uploads\/2026\/02\/01-1536x1024.jpg 1536w, https:\/\/conadi.gob.gt\/web\/wp-content\/uploads\/2026\/02\/01-2048x1365.jpg 2048w, https:\/\/conadi.gob.gt\/web\/wp-content\/uploads\/2026\/02\/01-2000x1333.jpg 2000w\" sizes=\"auto, (max-width: 1024px) 100vw, 1024px\" \/><\/figure>\n<\/div>\n\n\n\n<div class=\"wp-block-column is-layout-flow wp-block-column-is-layout-flow\">\n<figure class=\"wp-block-image size-large\"><img loading=\"lazy\" decoding=\"async\" width=\"1024\" height=\"683\" src=\"https:\/\/conadi.gob.gt\/web\/wp-content\/uploads\/2026\/02\/02-1024x683.jpg\" alt=\"\" class=\"wp-image-20032\" srcset=\"https:\/\/conadi.gob.gt\/web\/wp-content\/uploads\/2026\/02\/02-1024x683.jpg 1024w, https:\/\/conadi.gob.gt\/web\/wp-content\/uploads\/2026\/02\/02-300x200.jpg 300w, https:\/\/conadi.gob.gt\/web\/wp-content\/uploads\/2026\/02\/02-768x512.jpg 768w, https:\/\/conadi.gob.gt\/web\/wp-content\/uploads\/2026\/02\/02-1536x1024.jpg 1536w, https:\/\/conadi.gob.gt\/web\/wp-content\/uploads\/2026\/02\/02-2048x1365.jpg 2048w, https:\/\/conadi.gob.gt\/web\/wp-content\/uploads\/2026\/02\/02-2000x1333.jpg 2000w\" sizes=\"auto, (max-width: 1024px) 100vw, 1024px\" \/><\/figure>\n<\/div>\n\n\n\n<div class=\"wp-block-column is-layout-flow wp-block-column-is-layout-flow\">\n<figure class=\"wp-block-image size-large\"><img loading=\"lazy\" decoding=\"async\" width=\"1024\" height=\"683\" src=\"https:\/\/conadi.gob.gt\/web\/wp-content\/uploads\/2026\/02\/03-1024x683.jpg\" alt=\"\" class=\"wp-image-20033\" srcset=\"https:\/\/conadi.gob.gt\/web\/wp-content\/uploads\/2026\/02\/03-1024x683.jpg 1024w, https:\/\/conadi.gob.gt\/web\/wp-content\/uploads\/2026\/02\/03-300x200.jpg 300w, https:\/\/conadi.gob.gt\/web\/wp-content\/uploads\/2026\/02\/03-768x512.jpg 768w, https:\/\/conadi.gob.gt\/web\/wp-content\/uploads\/2026\/02\/03-1536x1024.jpg 1536w, https:\/\/conadi.gob.gt\/web\/wp-content\/uploads\/2026\/02\/03-2048x1365.jpg 2048w, https:\/\/conadi.gob.gt\/web\/wp-content\/uploads\/2026\/02\/03-2000x1333.jpg 2000w\" sizes=\"auto, (max-width: 1024px) 100vw, 1024px\" \/><\/figure>\n<\/div>\n<\/div>\n\n\n\n<p>Como resultado del proceso el equipo coordinador de CODEDIS qued\u00f3 conformado por:<\/p>\n\n\n\n<ul class=\"wp-block-list\">\n<li>Coordinadora: Norma Corina de Le\u00f3n V\u00e1squez, representante de la Asociaci\u00f3n de Mujeres en Condici\u00f3n de Discapacidad de Quetzaltenango (AMUDIQ).<\/li>\n\n\n\n<li>Subcoordinadora: Irma Graciela de Le\u00f3n Ochoa, delegada de la Direcci\u00f3n General de Educaci\u00f3n Especial(DIGEESP) del Ministerio de Educaci\u00f3n de Guatemala.<\/li>\n\n\n\n<li>Secretaria: Aury Limpia Sandoval Herrera, representante de la Asociaci\u00f3n de Madres con Hijos con Discapacidad de Quetzaltenango (ASOMHIDIQ).<\/li>\n\n\n\n<li>Vocal I: Jorge Silin, delegado de la Secretar\u00eda de Obras Sociales de la Esposa del Presidente (SOSEP).}<\/li>\n\n\n\n<li>Vocal II: Carlos Enrique Mart\u00ednez Torres, representante de la Asociaci\u00f3n Civil No Lucrativa de Desarrollo de Sordos de Quetzaltenango (ADSQ).<\/li>\n<\/ul>\n\n\n\n<div class=\"wp-block-columns is-layout-flex wp-container-core-columns-is-layout-28f84493 wp-block-columns-is-layout-flex\">\n<div class=\"wp-block-column is-layout-flow wp-block-column-is-layout-flow\">\n<figure class=\"wp-block-image size-large\"><img loading=\"lazy\" decoding=\"async\" width=\"1024\" height=\"683\" src=\"https:\/\/conadi.gob.gt\/web\/wp-content\/uploads\/2026\/02\/04-1024x683.jpg\" alt=\"\" class=\"wp-image-20034\" srcset=\"https:\/\/conadi.gob.gt\/web\/wp-content\/uploads\/2026\/02\/04-1024x683.jpg 1024w, https:\/\/conadi.gob.gt\/web\/wp-content\/uploads\/2026\/02\/04-300x200.jpg 300w, https:\/\/conadi.gob.gt\/web\/wp-content\/uploads\/2026\/02\/04-768x512.jpg 768w, https:\/\/conadi.gob.gt\/web\/wp-content\/uploads\/2026\/02\/04-1536x1024.jpg 1536w, https:\/\/conadi.gob.gt\/web\/wp-content\/uploads\/2026\/02\/04-2048x1365.jpg 2048w, https:\/\/conadi.gob.gt\/web\/wp-content\/uploads\/2026\/02\/04-2000x1333.jpg 2000w\" sizes=\"auto, (max-width: 1024px) 100vw, 1024px\" \/><\/figure>\n<\/div>\n\n\n\n<div class=\"wp-block-column is-layout-flow wp-block-column-is-layout-flow\">\n<figure class=\"wp-block-image size-large\"><img loading=\"lazy\" decoding=\"async\" width=\"1024\" height=\"683\" src=\"https:\/\/conadi.gob.gt\/web\/wp-content\/uploads\/2026\/02\/05-1024x683.jpg\" alt=\"\" class=\"wp-image-20035\" srcset=\"https:\/\/conadi.gob.gt\/web\/wp-content\/uploads\/2026\/02\/05-1024x683.jpg 1024w, https:\/\/conadi.gob.gt\/web\/wp-content\/uploads\/2026\/02\/05-300x200.jpg 300w, https:\/\/conadi.gob.gt\/web\/wp-content\/uploads\/2026\/02\/05-768x512.jpg 768w, https:\/\/conadi.gob.gt\/web\/wp-content\/uploads\/2026\/02\/05-1536x1024.jpg 1536w, https:\/\/conadi.gob.gt\/web\/wp-content\/uploads\/2026\/02\/05-2048x1365.jpg 2048w, https:\/\/conadi.gob.gt\/web\/wp-content\/uploads\/2026\/02\/05-2000x1333.jpg 2000w\" sizes=\"auto, (max-width: 1024px) 100vw, 1024px\" \/><\/figure>\n<\/div>\n\n\n\n<div class=\"wp-block-column is-layout-flow wp-block-column-is-layout-flow\">\n<figure class=\"wp-block-image size-large\"><img loading=\"lazy\" decoding=\"async\" width=\"1024\" height=\"683\" src=\"https:\/\/conadi.gob.gt\/web\/wp-content\/uploads\/2026\/02\/06-1024x683.jpg\" alt=\"\" class=\"wp-image-20036\" srcset=\"https:\/\/conadi.gob.gt\/web\/wp-content\/uploads\/2026\/02\/06-1024x683.jpg 1024w, https:\/\/conadi.gob.gt\/web\/wp-content\/uploads\/2026\/02\/06-300x200.jpg 300w, https:\/\/conadi.gob.gt\/web\/wp-content\/uploads\/2026\/02\/06-768x512.jpg 768w, https:\/\/conadi.gob.gt\/web\/wp-content\/uploads\/2026\/02\/06-1536x1024.jpg 1536w, https:\/\/conadi.gob.gt\/web\/wp-content\/uploads\/2026\/02\/06-2048x1365.jpg 2048w, https:\/\/conadi.gob.gt\/web\/wp-content\/uploads\/2026\/02\/06-2000x1333.jpg 2000w\" sizes=\"auto, (max-width: 1024px) 100vw, 1024px\" \/><\/figure>\n<\/div>\n<\/div>\n\n\n\n<p>La conformaci\u00f3n de este equipo refleja el compromiso interinstitucional y multisectorial para impulsar acciones coordinadas que garanticen el ejercicio pleno de los derechos, la inclusi\u00f3n y la participaci\u00f3n activa de las personas con discapacidad en el departamento de Quetzaltenango.<\/p>\n\n\n\n<p><\/p>\n","protected":false},"excerpt":{"rendered":"<p>En el departamento de Quetzaltenango se desarroll\u00f3 una jornada de trabajo junto a organizaciones de y para personas con discapacidad, y representantes de la institucionalidad p\u00fablica, con el objetivo de llevar a cabo la elecci\u00f3n del equipo coordinador de la Comisi\u00f3n Departamental de Discapacidad (CODEDIS) para el per\u00edodo 2026.\u00a0 Este espacio fortaleci\u00f3 los mecanismos de &hellip; <\/p>\n<p class=\"link-more\"><a href=\"https:\/\/conadi.gob.gt\/web\/jornada-de-trabajo-junto-a-organizaciones\/\" class=\"more-link\">Leer m\u00e1s<span class=\"screen-reader-text\"> \u00abJornada de Trabajo Junto a Organizaciones\u00bb<\/span><\/a><\/p>\n","protected":false},"author":672,"featured_media":20035,"comment_status":"closed","ping_status":"closed","sticky":false,"template":"","format":"standard","meta":{"footnotes":""},"categories":[3],"tags":[],"class_list":["post-20030","post","type-post","status-publish","format-standard","has-post-thumbnail","hentry","category-noticias"],"_links":{"self":[{"href":"https:\/\/conadi.gob.gt\/web\/wp-json\/wp\/v2\/posts\/20030","targetHints":{"allow":["GET"]}}],"collection":[{"href":"https:\/\/conadi.gob.gt\/web\/wp-json\/wp\/v2\/posts"}],"about":[{"href":"https:\/\/conadi.gob.gt\/web\/wp-json\/wp\/v2\/types\/post"}],"author":[{"embeddable":true,"href":"https:\/\/conadi.gob.gt\/web\/wp-json\/wp\/v2\/users\/672"}],"replies":[{"embeddable":true,"href":"https:\/\/conadi.gob.gt\/web\/wp-json\/wp\/v2\/comments?post=20030"}],"version-history":[{"count":1,"href":"https:\/\/conadi.gob.gt\/web\/wp-json\/wp\/v2\/posts\/20030\/revisions"}],"predecessor-version":[{"id":20037,"href":"https:\/\/conadi.gob.gt\/web\/wp-json\/wp\/v2\/posts\/20030\/revisions\/20037"}],"wp:featuredmedia":[{"embeddable":true,"href":"https:\/\/conadi.gob.gt\/web\/wp-json\/wp\/v2\/media\/20035"}],"wp:attachment":[{"href":"https:\/\/conadi.gob.gt\/web\/wp-json\/wp\/v2\/media?parent=20030"}],"wp:term":[{"taxonomy":"category","embeddable":true,"href":"https:\/\/conadi.gob.gt\/web\/wp-json\/wp\/v2\/categories?post=20030"},{"taxonomy":"post_tag","embeddable":true,"href":"https:\/\/conadi.gob.gt\/web\/wp-json\/wp\/v2\/tags?post=20030"}],"curies":[{"name":"wp","href":"https:\/\/api.w.org\/{rel}","templated":true}]}}