{"id":20061,"date":"2026-03-11T17:01:35","date_gmt":"2026-03-11T17:01:35","guid":{"rendered":"https:\/\/conadi.gob.gt\/web\/?p=20061"},"modified":"2026-03-11T21:56:55","modified_gmt":"2026-03-11T21:56:55","slug":"conadi-impulsa-restructuracion-de-codedis-2026","status":"publish","type":"post","link":"https:\/\/conadi.gob.gt\/web\/conadi-impulsa-restructuracion-de-codedis-2026\/","title":{"rendered":"CONADI Impulsa Restructuraci\u00f3n de CODEDIS 2026"},"content":{"rendered":"\n<p>Del 2 al 5 de marzo el CONADI llevo acabo la coordinaci\u00f3n de Asamblea de Comisiones Departamentales de Discapacidad (CODEDIS), en los departamentos de Sacatep\u00e9quez, Retalhuleu y Suchitep\u00e9quez.<\/p>\n\n\n\n<p>Durante este espacio la participaci\u00f3n de organizaciones de y para personas con discapacidad de la Sociedad Civil y los representantes de la insitucionalidad p\u00fablica fue clave para la elecci\u00f3n de representantes que conformar\u00e1n los Equipos Coordinadores para el per\u00edodo 2026, quienes tendr\u00e1n la responsabilidad de orientar y dar seguimiento a las acciones en favor de las personas con discapacidad en dichos territorios.<\/p>\n\n\n\n<p><strong>LLAMADO INSTITUCIONAL:<\/strong><\/p>\n\n\n\n<p>William Guamuch, coordinador regional del Servicio Nacional de Discapacidad del CONADI, destac\u00f3 la importancia de mantener un equilibrio en la participaci\u00f3n tanto de las instituciones gubernamentales como de las organizaciones de sociedad civil, con el objetivo de lograr un balance que permita impulsar acciones efectivas en beneficio de las personas con discapacidad en la regi\u00f3n.<\/p>\n\n\n\n<p>Adem\u00e1s, reafirm\u00f3 el compromiso institucional de las y los delegados departamentales del CONADI de continuar coordinando acciones que fortalezcan el trabajo de las CODEDIS y permitan dar seguimiento a su misi\u00f3n en el \u00e1mbito territorial.<\/p>\n\n\n\n<p><strong>UN TRABAJO EN CONJUNTO:<\/strong><\/p>\n\n\n\n<p>Durante las jornadas, las y los participantes resaltaron la necesidad de fortalecer el trabajo interinstitucional y transversal entre los distintos sectores, a fin de comprender y atender de manera integral las necesidades que el Estado de Guatemala debe asumir para garantizar el cumplimiento de los derechos de las personas con discapacidad en condiciones de igualdad.<\/p>\n\n\n\n<p>Asimismo, en los distintos espacios de di\u00e1logo se reflexion\u00f3 sobre los desaf\u00edos que a\u00fan enfrentan las personas con discapacidad para acceder a necesidades b\u00e1sicas; no obstante, tambi\u00e9n se compartieron experiencias y avances que han permitido abrir oportunidades de participaci\u00f3n y desarrollo, representando un paso significativo hacia una sociedad m\u00e1s inclusiva.<\/p>\n\n\n\n<p><strong>CONFORMACI\u00d3N DE LOS EQUIPOS:<\/strong><\/p>\n\n\n\n<p>La elecci\u00f3n de los equipos coordinadores de las&nbsp;<strong> CODEDIS, <\/strong>representa un paso clave para fortalecer la articulaci\u00f3n interinstitucional y la participaci\u00f3n activa en la promoci\u00f3n y defensa de los derechos de las personas con discapacidad.&nbsp; Estos equipos asumen un papel fundamental en la coordinaci\u00f3n de acciones, el seguimiento a la agenda de inclusi\u00f3n y la generaci\u00f3n de espacios de di\u00e1logo entre instituciones p\u00fablicas, organizaciones de sociedad civil y actores locales.<\/p>\n\n\n\n<p>Los equipos Coordinadore de la CODEDIS, quedaron integrados de la siguiente manera:<\/p>\n\n\n\n<p><strong><u>Solol\u00e1:<\/u><\/strong><\/p>\n\n\n\n<ul class=\"wp-block-list\">\n<li><strong>Coordinadora:<\/strong>\u00a0Claudia Lorena Xoquic Poz, representante por la Asociaci\u00f3n Senderos de Ma\u00edz.<\/li>\n<\/ul>\n\n\n\n<ul class=\"wp-block-list\">\n<li><strong>Subcoordinadora:<\/strong>\u00a0Migdalia Gamnoa de Le\u00f3n, representante por la Fundaci\u00f3n Pro-Bienestar del Minusv\u00e1lido\u00a0(FUNDABIEM)\u00a0.<\/li>\n<\/ul>\n\n\n\n<ul class=\"wp-block-list\">\n<li><strong>Secretario:<\/strong>\u00a0Jerem\u00edas Buch Corox\u00f3n, delegado por el Ministerio de Trabajo y Previsi\u00f3n Social (MINTRAB).<\/li>\n<\/ul>\n\n\n\n<ul class=\"wp-block-list\">\n<li><strong>Vocal I:<\/strong>\u00a0Obed Isa\u00edas Samines Quech\u00e9, delegado por la Secretar\u00eda de Bienestar Social (SBS)<\/li>\n<\/ul>\n\n\n\n<ul class=\"wp-block-list\">\n<li><strong>Vocal II:<\/strong>\u00a0Marlen Daniela Ovalle Charar, representante de la Oficina Municipal de Discapacidad de Santa Luc\u00eda Utatl\u00e1n, Solol\u00e1.<\/li>\n<\/ul>\n\n\n\n<div class=\"wp-block-columns is-layout-flex wp-container-core-columns-is-layout-28f84493 wp-block-columns-is-layout-flex\">\n<div class=\"wp-block-column is-layout-flow wp-block-column-is-layout-flow\">\n<figure class=\"wp-block-image size-large\"><img loading=\"lazy\" decoding=\"async\" width=\"1024\" height=\"682\" src=\"https:\/\/conadi.gob.gt\/web\/wp-content\/uploads\/2026\/03\/01-1024x682.jpeg\" alt=\"\" class=\"wp-image-20068\" srcset=\"https:\/\/conadi.gob.gt\/web\/wp-content\/uploads\/2026\/03\/01-1024x682.jpeg 1024w, https:\/\/conadi.gob.gt\/web\/wp-content\/uploads\/2026\/03\/01-300x200.jpeg 300w, https:\/\/conadi.gob.gt\/web\/wp-content\/uploads\/2026\/03\/01-768x512.jpeg 768w, https:\/\/conadi.gob.gt\/web\/wp-content\/uploads\/2026\/03\/01-1536x1023.jpeg 1536w, https:\/\/conadi.gob.gt\/web\/wp-content\/uploads\/2026\/03\/01.jpeg 1600w\" sizes=\"auto, (max-width: 1024px) 100vw, 1024px\" \/><\/figure>\n<\/div>\n\n\n\n<div class=\"wp-block-column is-layout-flow wp-block-column-is-layout-flow\">\n<figure class=\"wp-block-image size-large\"><img loading=\"lazy\" decoding=\"async\" width=\"1024\" height=\"436\" src=\"https:\/\/conadi.gob.gt\/web\/wp-content\/uploads\/2026\/03\/04-1024x436.jpeg\" alt=\"\" class=\"wp-image-20069\" srcset=\"https:\/\/conadi.gob.gt\/web\/wp-content\/uploads\/2026\/03\/04-1024x436.jpeg 1024w, https:\/\/conadi.gob.gt\/web\/wp-content\/uploads\/2026\/03\/04-300x128.jpeg 300w, https:\/\/conadi.gob.gt\/web\/wp-content\/uploads\/2026\/03\/04-768x327.jpeg 768w, https:\/\/conadi.gob.gt\/web\/wp-content\/uploads\/2026\/03\/04-1536x655.jpeg 1536w, https:\/\/conadi.gob.gt\/web\/wp-content\/uploads\/2026\/03\/04.jpeg 1600w\" sizes=\"auto, (max-width: 1024px) 100vw, 1024px\" \/><\/figure>\n<\/div>\n\n\n\n<div class=\"wp-block-column is-layout-flow wp-block-column-is-layout-flow\">\n<figure class=\"wp-block-image size-large\"><img loading=\"lazy\" decoding=\"async\" width=\"1024\" height=\"682\" src=\"https:\/\/conadi.gob.gt\/web\/wp-content\/uploads\/2026\/03\/02-1024x682.jpeg\" alt=\"\" class=\"wp-image-20070\" srcset=\"https:\/\/conadi.gob.gt\/web\/wp-content\/uploads\/2026\/03\/02-1024x682.jpeg 1024w, https:\/\/conadi.gob.gt\/web\/wp-content\/uploads\/2026\/03\/02-300x200.jpeg 300w, https:\/\/conadi.gob.gt\/web\/wp-content\/uploads\/2026\/03\/02-768x512.jpeg 768w, https:\/\/conadi.gob.gt\/web\/wp-content\/uploads\/2026\/03\/02-1536x1023.jpeg 1536w, https:\/\/conadi.gob.gt\/web\/wp-content\/uploads\/2026\/03\/02.jpeg 1600w\" sizes=\"auto, (max-width: 1024px) 100vw, 1024px\" \/><\/figure>\n<\/div>\n<\/div>\n\n\n\n<p><strong><u>Sacatep\u00e9quez:<\/u><\/strong><\/p>\n\n\n\n<ul class=\"wp-block-list\">\n<li><strong>Coordinador:<\/strong>\u00a0Lic. Oscar Estrada, representante del Centro Universitario de Sacatep\u00e9quez de la Universidad de San Carlos de Guatemala (CUNSAC).<\/li>\n<\/ul>\n\n\n\n<ul class=\"wp-block-list\">\n<li><strong>Subcoordinadora:<\/strong>\u00a0Lcda. Leticia L\u00f3pez, representante de la Asociaci\u00f3n Brillo de Sol.<\/li>\n<\/ul>\n\n\n\n<ul class=\"wp-block-list\">\n<li><strong>Secretaria:<\/strong>\u00a0Lcda. Karen Navas, representante de la Direcci\u00f3n General de Educaci\u00f3n Especial (DIGEESP), del Ministerio de Educaci\u00f3n (MINEDUC).<\/li>\n<\/ul>\n\n\n\n<ul class=\"wp-block-list\">\n<li><strong>Vocal I:<\/strong>\u00a0Lic. Antonio Barrientos, representante de la Asociaci\u00f3n En-Se\u00f1as Guatemala.<\/li>\n<\/ul>\n\n\n\n<ul class=\"wp-block-list\">\n<li><strong>Vocal II:<\/strong>\u00a0Lcda. Liset Garc\u00eda, representante de la Secretar\u00eda de Bienestar Social de la Presidencia (SBS).<\/li>\n<\/ul>\n\n\n\n<div class=\"wp-block-columns is-layout-flex wp-container-core-columns-is-layout-28f84493 wp-block-columns-is-layout-flex\">\n<div class=\"wp-block-column is-layout-flow wp-block-column-is-layout-flow\">\n<figure class=\"wp-block-image size-large\"><img loading=\"lazy\" decoding=\"async\" width=\"1024\" height=\"681\" src=\"https:\/\/conadi.gob.gt\/web\/wp-content\/uploads\/2026\/03\/DSC0023-1024x681.jpg\" alt=\"\" class=\"wp-image-20073\" srcset=\"https:\/\/conadi.gob.gt\/web\/wp-content\/uploads\/2026\/03\/DSC0023-1024x681.jpg 1024w, https:\/\/conadi.gob.gt\/web\/wp-content\/uploads\/2026\/03\/DSC0023-300x199.jpg 300w, https:\/\/conadi.gob.gt\/web\/wp-content\/uploads\/2026\/03\/DSC0023-768x511.jpg 768w, https:\/\/conadi.gob.gt\/web\/wp-content\/uploads\/2026\/03\/DSC0023-1536x1021.jpg 1536w, https:\/\/conadi.gob.gt\/web\/wp-content\/uploads\/2026\/03\/DSC0023-2048x1362.jpg 2048w, https:\/\/conadi.gob.gt\/web\/wp-content\/uploads\/2026\/03\/DSC0023-2000x1330.jpg 2000w\" sizes=\"auto, (max-width: 1024px) 100vw, 1024px\" \/><\/figure>\n<\/div>\n\n\n\n<div class=\"wp-block-column is-layout-flow wp-block-column-is-layout-flow\">\n<figure class=\"wp-block-image size-large\"><img loading=\"lazy\" decoding=\"async\" width=\"1024\" height=\"681\" src=\"https:\/\/conadi.gob.gt\/web\/wp-content\/uploads\/2026\/03\/DSC_0099-1024x681.jpg\" alt=\"\" class=\"wp-image-20074\" srcset=\"https:\/\/conadi.gob.gt\/web\/wp-content\/uploads\/2026\/03\/DSC_0099-1024x681.jpg 1024w, https:\/\/conadi.gob.gt\/web\/wp-content\/uploads\/2026\/03\/DSC_0099-300x199.jpg 300w, https:\/\/conadi.gob.gt\/web\/wp-content\/uploads\/2026\/03\/DSC_0099-768x511.jpg 768w, https:\/\/conadi.gob.gt\/web\/wp-content\/uploads\/2026\/03\/DSC_0099-1536x1021.jpg 1536w, https:\/\/conadi.gob.gt\/web\/wp-content\/uploads\/2026\/03\/DSC_0099-2048x1362.jpg 2048w, https:\/\/conadi.gob.gt\/web\/wp-content\/uploads\/2026\/03\/DSC_0099-2000x1330.jpg 2000w\" sizes=\"auto, (max-width: 1024px) 100vw, 1024px\" \/><\/figure>\n<\/div>\n\n\n\n<div class=\"wp-block-column is-layout-flow wp-block-column-is-layout-flow\">\n<figure class=\"wp-block-image size-large\"><img loading=\"lazy\" decoding=\"async\" width=\"1024\" height=\"681\" src=\"https:\/\/conadi.gob.gt\/web\/wp-content\/uploads\/2026\/03\/DSC_0037-1024x681.jpg\" alt=\"\" class=\"wp-image-20075\" srcset=\"https:\/\/conadi.gob.gt\/web\/wp-content\/uploads\/2026\/03\/DSC_0037-1024x681.jpg 1024w, https:\/\/conadi.gob.gt\/web\/wp-content\/uploads\/2026\/03\/DSC_0037-300x199.jpg 300w, https:\/\/conadi.gob.gt\/web\/wp-content\/uploads\/2026\/03\/DSC_0037-768x511.jpg 768w, https:\/\/conadi.gob.gt\/web\/wp-content\/uploads\/2026\/03\/DSC_0037-1536x1021.jpg 1536w, https:\/\/conadi.gob.gt\/web\/wp-content\/uploads\/2026\/03\/DSC_0037-2048x1362.jpg 2048w, https:\/\/conadi.gob.gt\/web\/wp-content\/uploads\/2026\/03\/DSC_0037-2000x1330.jpg 2000w\" sizes=\"auto, (max-width: 1024px) 100vw, 1024px\" \/><\/figure>\n<\/div>\n<\/div>\n\n\n\n<p><strong><u>Retalhuleu:<\/u><\/strong><\/p>\n\n\n\n<ul class=\"wp-block-list\">\n<li><strong>Coordinadora:<\/strong> Lcda.\u00a0 Olga Mariela Esteban Maldonado, representante del Instituto Neurol\u00f3gico de Guatemala.<\/li>\n<\/ul>\n\n\n\n<ul class=\"wp-block-list\">\n<li><strong>Sub-Coordinadora :<\/strong> Lcda. Melani Alejandra Gonz\u00e1lez Gil representante de Ministerio de Trabajo y Previsi\u00f3n Social (MINTRAB),<\/li>\n<\/ul>\n\n\n\n<ul class=\"wp-block-list\">\n<li><strong>Secretaria:<\/strong> Lcda. Ruth Aracely Batres de Tambito, representante de la Direcci\u00f3n General de Educaci\u00f3n Especial (DIGEESP), del Ministerio de Educaci\u00f3n (MINEDUC).<\/li>\n<\/ul>\n\n\n\n<ul class=\"wp-block-list\">\n<li><strong>Vocal I:<\/strong> Lcda. Ulda Lisbeth Rodas Alonzo, representante de la Direcci\u00f3n Departamental de Redes Integradas de Servicios de Salud (DDRISS) del Ministerio de Salud y Asistencia Social (MSPAS)<\/li>\n<\/ul>\n\n\n\n<ul class=\"wp-block-list\">\n<li><strong>Vocal II:<\/strong> Lic. Pedro Jos\u00e9 Castillo Ram\u00edrez, representante de la Secretar\u00eda de Obras Sociales de la Esposa del Presidente\u00a0(SOSEP).<\/li>\n<\/ul>\n\n\n\n<div class=\"wp-block-columns is-layout-flex wp-container-core-columns-is-layout-28f84493 wp-block-columns-is-layout-flex\">\n<div class=\"wp-block-column is-layout-flow wp-block-column-is-layout-flow\">\n<figure class=\"wp-block-image size-large\"><img loading=\"lazy\" decoding=\"async\" width=\"1024\" height=\"681\" src=\"https:\/\/conadi.gob.gt\/web\/wp-content\/uploads\/2026\/03\/DSC_0293-1024x681.jpg\" alt=\"\" class=\"wp-image-20076\" srcset=\"https:\/\/conadi.gob.gt\/web\/wp-content\/uploads\/2026\/03\/DSC_0293-1024x681.jpg 1024w, https:\/\/conadi.gob.gt\/web\/wp-content\/uploads\/2026\/03\/DSC_0293-300x199.jpg 300w, https:\/\/conadi.gob.gt\/web\/wp-content\/uploads\/2026\/03\/DSC_0293-768x511.jpg 768w, https:\/\/conadi.gob.gt\/web\/wp-content\/uploads\/2026\/03\/DSC_0293-1536x1021.jpg 1536w, https:\/\/conadi.gob.gt\/web\/wp-content\/uploads\/2026\/03\/DSC_0293-2048x1362.jpg 2048w, https:\/\/conadi.gob.gt\/web\/wp-content\/uploads\/2026\/03\/DSC_0293-2000x1330.jpg 2000w\" sizes=\"auto, (max-width: 1024px) 100vw, 1024px\" \/><\/figure>\n<\/div>\n\n\n\n<div class=\"wp-block-column is-layout-flow wp-block-column-is-layout-flow\">\n<figure class=\"wp-block-image size-large\"><img loading=\"lazy\" decoding=\"async\" width=\"1024\" height=\"681\" src=\"https:\/\/conadi.gob.gt\/web\/wp-content\/uploads\/2026\/03\/DSC_0317-1024x681.jpg\" alt=\"\" class=\"wp-image-20077\" srcset=\"https:\/\/conadi.gob.gt\/web\/wp-content\/uploads\/2026\/03\/DSC_0317-1024x681.jpg 1024w, https:\/\/conadi.gob.gt\/web\/wp-content\/uploads\/2026\/03\/DSC_0317-300x199.jpg 300w, https:\/\/conadi.gob.gt\/web\/wp-content\/uploads\/2026\/03\/DSC_0317-768x511.jpg 768w, https:\/\/conadi.gob.gt\/web\/wp-content\/uploads\/2026\/03\/DSC_0317-1536x1021.jpg 1536w, https:\/\/conadi.gob.gt\/web\/wp-content\/uploads\/2026\/03\/DSC_0317-2048x1362.jpg 2048w, https:\/\/conadi.gob.gt\/web\/wp-content\/uploads\/2026\/03\/DSC_0317-2000x1330.jpg 2000w\" sizes=\"auto, (max-width: 1024px) 100vw, 1024px\" \/><\/figure>\n<\/div>\n\n\n\n<div class=\"wp-block-column is-layout-flow wp-block-column-is-layout-flow\">\n<figure class=\"wp-block-image size-large\"><img loading=\"lazy\" decoding=\"async\" width=\"1024\" height=\"681\" src=\"https:\/\/conadi.gob.gt\/web\/wp-content\/uploads\/2026\/03\/DSC_0295-1024x681.jpg\" alt=\"\" class=\"wp-image-20078\" srcset=\"https:\/\/conadi.gob.gt\/web\/wp-content\/uploads\/2026\/03\/DSC_0295-1024x681.jpg 1024w, https:\/\/conadi.gob.gt\/web\/wp-content\/uploads\/2026\/03\/DSC_0295-300x199.jpg 300w, https:\/\/conadi.gob.gt\/web\/wp-content\/uploads\/2026\/03\/DSC_0295-768x511.jpg 768w, https:\/\/conadi.gob.gt\/web\/wp-content\/uploads\/2026\/03\/DSC_0295-1536x1021.jpg 1536w, https:\/\/conadi.gob.gt\/web\/wp-content\/uploads\/2026\/03\/DSC_0295-2048x1362.jpg 2048w, https:\/\/conadi.gob.gt\/web\/wp-content\/uploads\/2026\/03\/DSC_0295-2000x1330.jpg 2000w\" sizes=\"auto, (max-width: 1024px) 100vw, 1024px\" \/><\/figure>\n<\/div>\n<\/div>\n\n\n\n<p><strong>Suchitep\u00e9quez:<\/strong><\/p>\n\n\n\n<ul class=\"wp-block-list\">\n<li><strong>Coordinadora: <\/strong>Mar\u00eda Dolores Dominguez, representante por la Fundaci\u00f3n Pro-Bienestar del Minusv\u00e1lido (FUNDABIEM).<\/li>\n<\/ul>\n\n\n\n<ul class=\"wp-block-list\">\n<li><strong>Sub Coordinadora: <\/strong>Deymi Fabiola P\u00e9rez Ort\u00edz, Direcci\u00f3n Departamental de Educaci\u00f3n (DIDEDUC) del Ministerio de Educaci\u00f3n.<\/li>\n<\/ul>\n\n\n\n<ul class=\"wp-block-list\">\n<li><strong>Secretaria:<\/strong> Lcda. Andrea Rodas G\u00f3mez, representante por la Procuradur\u00eda de los Derechos Humanos (PDH).<\/li>\n<\/ul>\n\n\n\n<ul class=\"wp-block-list\">\n<li><strong>Vocal I: <\/strong>Jose Guadalupe Hernandez Curruchich, de la Asociacion Guatemalteca de Personas Con Discapacidas AGPD Manuel Tot (ONG).<\/li>\n<\/ul>\n\n\n\n<ul class=\"wp-block-list\">\n<li><strong>Vocal II: <\/strong>Blanca Cuyuch, representante de la Oficina Municipal de Discapacidad de la Municipalidad de San Jos\u00e9 El Idolo.<\/li>\n<\/ul>\n\n\n\n<div class=\"wp-block-columns is-layout-flex wp-container-core-columns-is-layout-28f84493 wp-block-columns-is-layout-flex\">\n<div class=\"wp-block-column is-layout-flow wp-block-column-is-layout-flow\">\n<figure class=\"wp-block-image size-large\"><img loading=\"lazy\" decoding=\"async\" width=\"1024\" height=\"681\" src=\"https:\/\/conadi.gob.gt\/web\/wp-content\/uploads\/2026\/03\/DSC_0369-1024x681.jpg\" alt=\"\" class=\"wp-image-20079\" srcset=\"https:\/\/conadi.gob.gt\/web\/wp-content\/uploads\/2026\/03\/DSC_0369-1024x681.jpg 1024w, https:\/\/conadi.gob.gt\/web\/wp-content\/uploads\/2026\/03\/DSC_0369-300x199.jpg 300w, https:\/\/conadi.gob.gt\/web\/wp-content\/uploads\/2026\/03\/DSC_0369-768x511.jpg 768w, https:\/\/conadi.gob.gt\/web\/wp-content\/uploads\/2026\/03\/DSC_0369-1536x1021.jpg 1536w, https:\/\/conadi.gob.gt\/web\/wp-content\/uploads\/2026\/03\/DSC_0369-2048x1362.jpg 2048w, https:\/\/conadi.gob.gt\/web\/wp-content\/uploads\/2026\/03\/DSC_0369-2000x1330.jpg 2000w\" sizes=\"auto, (max-width: 1024px) 100vw, 1024px\" \/><\/figure>\n<\/div>\n\n\n\n<div class=\"wp-block-column is-layout-flow wp-block-column-is-layout-flow\">\n<figure class=\"wp-block-image size-large\"><img loading=\"lazy\" decoding=\"async\" width=\"1024\" height=\"681\" src=\"https:\/\/conadi.gob.gt\/web\/wp-content\/uploads\/2026\/03\/DSC_0461-1024x681.jpg\" alt=\"\" class=\"wp-image-20080\" srcset=\"https:\/\/conadi.gob.gt\/web\/wp-content\/uploads\/2026\/03\/DSC_0461-1024x681.jpg 1024w, https:\/\/conadi.gob.gt\/web\/wp-content\/uploads\/2026\/03\/DSC_0461-300x199.jpg 300w, https:\/\/conadi.gob.gt\/web\/wp-content\/uploads\/2026\/03\/DSC_0461-768x511.jpg 768w, https:\/\/conadi.gob.gt\/web\/wp-content\/uploads\/2026\/03\/DSC_0461-1536x1021.jpg 1536w, https:\/\/conadi.gob.gt\/web\/wp-content\/uploads\/2026\/03\/DSC_0461-2048x1362.jpg 2048w, https:\/\/conadi.gob.gt\/web\/wp-content\/uploads\/2026\/03\/DSC_0461-2000x1330.jpg 2000w\" sizes=\"auto, (max-width: 1024px) 100vw, 1024px\" \/><\/figure>\n<\/div>\n\n\n\n<div class=\"wp-block-column is-layout-flow wp-block-column-is-layout-flow\">\n<figure class=\"wp-block-image size-large\"><img loading=\"lazy\" decoding=\"async\" width=\"1024\" height=\"681\" src=\"https:\/\/conadi.gob.gt\/web\/wp-content\/uploads\/2026\/03\/DSC_0405-1024x681.jpg\" alt=\"\" class=\"wp-image-20081\" srcset=\"https:\/\/conadi.gob.gt\/web\/wp-content\/uploads\/2026\/03\/DSC_0405-1024x681.jpg 1024w, https:\/\/conadi.gob.gt\/web\/wp-content\/uploads\/2026\/03\/DSC_0405-300x199.jpg 300w, https:\/\/conadi.gob.gt\/web\/wp-content\/uploads\/2026\/03\/DSC_0405-768x511.jpg 768w, https:\/\/conadi.gob.gt\/web\/wp-content\/uploads\/2026\/03\/DSC_0405-1536x1021.jpg 1536w, https:\/\/conadi.gob.gt\/web\/wp-content\/uploads\/2026\/03\/DSC_0405-2048x1362.jpg 2048w, https:\/\/conadi.gob.gt\/web\/wp-content\/uploads\/2026\/03\/DSC_0405-2000x1330.jpg 2000w\" sizes=\"auto, (max-width: 1024px) 100vw, 1024px\" \/><\/figure>\n<\/div>\n<\/div>\n\n\n\n<p>Con la conformaci\u00f3n de estos Equipos Coordinadores, se fortalece un mecanismo estrat\u00e9gico para la gobernanza local en materia de discapacidad. Su integraci\u00f3n permitir\u00e1 impulsar iniciativas, dar seguimiento a compromisos y promover pol\u00edticas y programas orientados a mejorar las condiciones de vida y garantizar el ejercicio pleno de los derechos de las personas con discapacidad en cada departamento.<\/p>\n\n\n\n<p>Asimismo, en coordinaci\u00f3n con el Consejo Nacional para la Atenci\u00f3n de las Personas con Discapacidad (CONADI), estos equipos contribuir\u00e1n al cumplimiento de su misi\u00f3n institucional, promoviendo acciones articuladas que favorezcan la inclusi\u00f3n, la participaci\u00f3n y el desarrollo integral de este sector de la poblaci\u00f3n.<\/p>\n","protected":false},"excerpt":{"rendered":"<p>Del 2 al 5 de marzo el CONADI llevo acabo la coordinaci\u00f3n de Asamblea de Comisiones Departamentales de Discapacidad (CODEDIS), en los departamentos de Sacatep\u00e9quez, Retalhuleu y Suchitep\u00e9quez. Durante este espacio la participaci\u00f3n de organizaciones de y para personas con discapacidad de la Sociedad Civil y los representantes de la insitucionalidad p\u00fablica fue clave para &hellip; <\/p>\n<p class=\"link-more\"><a href=\"https:\/\/conadi.gob.gt\/web\/conadi-impulsa-restructuracion-de-codedis-2026\/\" class=\"more-link\">Leer m\u00e1s<span class=\"screen-reader-text\"> \u00abCONADI Impulsa Restructuraci\u00f3n de CODEDIS 2026\u00bb<\/span><\/a><\/p>\n","protected":false},"author":672,"featured_media":20079,"comment_status":"closed","ping_status":"closed","sticky":false,"template":"","format":"standard","meta":{"footnotes":""},"categories":[3],"tags":[],"class_list":["post-20061","post","type-post","status-publish","format-standard","has-post-thumbnail","hentry","category-noticias"],"_links":{"self":[{"href":"https:\/\/conadi.gob.gt\/web\/wp-json\/wp\/v2\/posts\/20061","targetHints":{"allow":["GET"]}}],"collection":[{"href":"https:\/\/conadi.gob.gt\/web\/wp-json\/wp\/v2\/posts"}],"about":[{"href":"https:\/\/conadi.gob.gt\/web\/wp-json\/wp\/v2\/types\/post"}],"author":[{"embeddable":true,"href":"https:\/\/conadi.gob.gt\/web\/wp-json\/wp\/v2\/users\/672"}],"replies":[{"embeddable":true,"href":"https:\/\/conadi.gob.gt\/web\/wp-json\/wp\/v2\/comments?post=20061"}],"version-history":[{"count":3,"href":"https:\/\/conadi.gob.gt\/web\/wp-json\/wp\/v2\/posts\/20061\/revisions"}],"predecessor-version":[{"id":20082,"href":"https:\/\/conadi.gob.gt\/web\/wp-json\/wp\/v2\/posts\/20061\/revisions\/20082"}],"wp:featuredmedia":[{"embeddable":true,"href":"https:\/\/conadi.gob.gt\/web\/wp-json\/wp\/v2\/media\/20079"}],"wp:attachment":[{"href":"https:\/\/conadi.gob.gt\/web\/wp-json\/wp\/v2\/media?parent=20061"}],"wp:term":[{"taxonomy":"category","embeddable":true,"href":"https:\/\/conadi.gob.gt\/web\/wp-json\/wp\/v2\/categories?post=20061"},{"taxonomy":"post_tag","embeddable":true,"href":"https:\/\/conadi.gob.gt\/web\/wp-json\/wp\/v2\/tags?post=20061"}],"curies":[{"name":"wp","href":"https:\/\/api.w.org\/{rel}","templated":true}]}}