{"id":20134,"date":"2026-03-20T22:51:20","date_gmt":"2026-03-20T22:51:20","guid":{"rendered":"https:\/\/conadi.gob.gt\/web\/?p=20134"},"modified":"2026-03-20T22:51:21","modified_gmt":"2026-03-20T22:51:21","slug":"conadi-reconoce-a-lideresas","status":"publish","type":"post","link":"https:\/\/conadi.gob.gt\/web\/conadi-reconoce-a-lideresas\/","title":{"rendered":"CONADI RECONOCE A LIDERESAS"},"content":{"rendered":"\n<p>En el marco de la conmemoraci\u00f3n del D\u00eda Internacional de la Mujer, el CONADI, reafirm\u00f3 su compromiso con la igualdad, la inclusi\u00f3n y el reconocimiento del papel transformador de las mujeres en la sociedad guatemalteca. A trav\u00e9s de su Departamento de Fortalecimiento y Fomento a la Participaci\u00f3n Ciudadana, desarroll\u00f3 la actividad \u201cReconocimiento al Liderazgo de Actoras Clave de Organizaciones de Personas con Discapacidad\u201d, un espacio dedicado a visibilizar el compromiso, la incidencia y el trabajo sostenido de mujeres que impulsan la defensa de derechos desde distintos sectores.<\/p>\n\n\n\n<div class=\"wp-block-columns is-layout-flex wp-container-core-columns-is-layout-28f84493 wp-block-columns-is-layout-flex\">\n<div class=\"wp-block-column is-layout-flow wp-block-column-is-layout-flow\">\n<figure class=\"wp-block-image size-large\"><img loading=\"lazy\" decoding=\"async\" width=\"1024\" height=\"683\" src=\"https:\/\/conadi.gob.gt\/web\/wp-content\/uploads\/2026\/03\/IMG_8162-1024x683.jpg\" alt=\"\" class=\"wp-image-20141\" srcset=\"https:\/\/conadi.gob.gt\/web\/wp-content\/uploads\/2026\/03\/IMG_8162-1024x683.jpg 1024w, https:\/\/conadi.gob.gt\/web\/wp-content\/uploads\/2026\/03\/IMG_8162-300x200.jpg 300w, https:\/\/conadi.gob.gt\/web\/wp-content\/uploads\/2026\/03\/IMG_8162-768x512.jpg 768w, https:\/\/conadi.gob.gt\/web\/wp-content\/uploads\/2026\/03\/IMG_8162-1536x1024.jpg 1536w, https:\/\/conadi.gob.gt\/web\/wp-content\/uploads\/2026\/03\/IMG_8162-2048x1365.jpg 2048w, https:\/\/conadi.gob.gt\/web\/wp-content\/uploads\/2026\/03\/IMG_8162-2000x1333.jpg 2000w\" sizes=\"auto, (max-width: 1024px) 100vw, 1024px\" \/><\/figure>\n<\/div>\n<\/div>\n\n\n\n<p>Durante la ceremonia, se reconoci\u00f3 a lideresas propuestas por los propios subsectores que integran el Consejo de Delegados del CONADI, siendo las condecoradas:<\/p>\n\n\n\n<p>\u2022 Mildred Ic\u00fa Tuct\u00fac, de la Asociaci\u00f3n Sonrisas Angelicales de Chimaltenango; por el subsector de Organizaciones de Padres, Madres y Familiares de Personas con Discapacidad.<\/p>\n\n\n\n<p>\u2022 Mar\u00eda Brito Santiago de Brito, de la Asociaci\u00f3n de Discapacitados Civiles de la Regi\u00f3n Norte de El Quich\u00e9 (ADCNQ), por el Subsector de Organizaciones de Personas con Discapacidad por Causa del Conflicto Armado.<\/p>\n\n\n\n<p>\u2022 Lcda. Lorena Francisca Arita Montufar, de la Asociaci\u00f3n Global de Personas con Discapacidad (AGLOPEDIS de Escuintla), por el subsector de Organismos que Brindan Atenci\u00f3n Directa.<\/p>\n\n\n\n<p>\u2022 Maira Virginia Rivas Car\u00edas, de la Asociaci\u00f3n de Ciegos para la Cultura y el Deporte (ACCD), por el subsector de Personas con Discapacidad Visual.<\/p>\n\n\n\n<p>\u2022 Marta Juliana de Acajab\u00f3n, de la Asociaci\u00f3n Guatemalteca de Apoyo al Limitado F\u00edsico (AGALFI), por el subsector de Personas con Discapacidad F\u00edsica.<\/p>\n\n\n\n<p>\u2022 Odilia Jerez de Le\u00f3n, de la Asociaci\u00f3n Civil Amigos Sordos de Suchitep\u00e9quez (ASORSUCHI), por el subsector de Personas con Discapacidad Auditiva.<\/p>\n\n\n\n<p>\u2022 Norma Corina de Le\u00f3n, de la Asociaci\u00f3n de Mujeres con Discapacidad de Quetzaltenango (AMUDIQ), por subsector de Organizaciones que Promueven Acciones a Favor de las Personas con Discapacidad.<\/p>\n\n\n\n<p>\u2022 Roc\u00edo del Carmen Alay Reina, delegada suplente del Ministerio de Trabajo y Previsi\u00f3n Social (MINTRAB), electa por el sector p\u00fablico ante la Asamblea General del Consejo de Delegados del CONADI.<\/p>\n\n\n\n<div class=\"wp-block-columns is-layout-flex wp-container-core-columns-is-layout-28f84493 wp-block-columns-is-layout-flex\">\n<div class=\"wp-block-column is-layout-flow wp-block-column-is-layout-flow\">\n<figure class=\"wp-block-image size-large\"><img loading=\"lazy\" decoding=\"async\" width=\"1024\" height=\"683\" src=\"https:\/\/conadi.gob.gt\/web\/wp-content\/uploads\/2026\/03\/IMG_8268-1024x683.jpg\" alt=\"\" class=\"wp-image-20142\" srcset=\"https:\/\/conadi.gob.gt\/web\/wp-content\/uploads\/2026\/03\/IMG_8268-1024x683.jpg 1024w, https:\/\/conadi.gob.gt\/web\/wp-content\/uploads\/2026\/03\/IMG_8268-300x200.jpg 300w, https:\/\/conadi.gob.gt\/web\/wp-content\/uploads\/2026\/03\/IMG_8268-768x512.jpg 768w, https:\/\/conadi.gob.gt\/web\/wp-content\/uploads\/2026\/03\/IMG_8268-1536x1024.jpg 1536w, https:\/\/conadi.gob.gt\/web\/wp-content\/uploads\/2026\/03\/IMG_8268-2048x1365.jpg 2048w, https:\/\/conadi.gob.gt\/web\/wp-content\/uploads\/2026\/03\/IMG_8268-2000x1333.jpg 2000w\" sizes=\"auto, (max-width: 1024px) 100vw, 1024px\" \/><\/figure>\n<\/div>\n\n\n\n<div class=\"wp-block-column is-layout-flow wp-block-column-is-layout-flow\">\n<figure class=\"wp-block-image size-large\"><img loading=\"lazy\" decoding=\"async\" width=\"1024\" height=\"683\" src=\"https:\/\/conadi.gob.gt\/web\/wp-content\/uploads\/2026\/03\/IMG_8300-1024x683.jpg\" alt=\"\" class=\"wp-image-20143\" srcset=\"https:\/\/conadi.gob.gt\/web\/wp-content\/uploads\/2026\/03\/IMG_8300-1024x683.jpg 1024w, https:\/\/conadi.gob.gt\/web\/wp-content\/uploads\/2026\/03\/IMG_8300-300x200.jpg 300w, https:\/\/conadi.gob.gt\/web\/wp-content\/uploads\/2026\/03\/IMG_8300-768x512.jpg 768w, https:\/\/conadi.gob.gt\/web\/wp-content\/uploads\/2026\/03\/IMG_8300-1536x1024.jpg 1536w, https:\/\/conadi.gob.gt\/web\/wp-content\/uploads\/2026\/03\/IMG_8300-2048x1365.jpg 2048w, https:\/\/conadi.gob.gt\/web\/wp-content\/uploads\/2026\/03\/IMG_8300-2000x1333.jpg 2000w\" sizes=\"auto, (max-width: 1024px) 100vw, 1024px\" \/><\/figure>\n<\/div>\n<\/div>\n\n\n\n<div class=\"wp-block-columns is-layout-flex wp-container-core-columns-is-layout-28f84493 wp-block-columns-is-layout-flex\">\n<div class=\"wp-block-column is-layout-flow wp-block-column-is-layout-flow\">\n<figure class=\"wp-block-image size-large\"><img loading=\"lazy\" decoding=\"async\" width=\"1024\" height=\"683\" src=\"https:\/\/conadi.gob.gt\/web\/wp-content\/uploads\/2026\/03\/IMG_8325-1024x683.jpg\" alt=\"\" class=\"wp-image-20144\" srcset=\"https:\/\/conadi.gob.gt\/web\/wp-content\/uploads\/2026\/03\/IMG_8325-1024x683.jpg 1024w, https:\/\/conadi.gob.gt\/web\/wp-content\/uploads\/2026\/03\/IMG_8325-300x200.jpg 300w, https:\/\/conadi.gob.gt\/web\/wp-content\/uploads\/2026\/03\/IMG_8325-768x512.jpg 768w, https:\/\/conadi.gob.gt\/web\/wp-content\/uploads\/2026\/03\/IMG_8325-1536x1024.jpg 1536w, https:\/\/conadi.gob.gt\/web\/wp-content\/uploads\/2026\/03\/IMG_8325-2048x1365.jpg 2048w, https:\/\/conadi.gob.gt\/web\/wp-content\/uploads\/2026\/03\/IMG_8325-2000x1333.jpg 2000w\" sizes=\"auto, (max-width: 1024px) 100vw, 1024px\" \/><\/figure>\n<\/div>\n\n\n\n<div class=\"wp-block-column is-layout-flow wp-block-column-is-layout-flow\">\n<figure class=\"wp-block-image size-large\"><img loading=\"lazy\" decoding=\"async\" width=\"1024\" height=\"683\" src=\"https:\/\/conadi.gob.gt\/web\/wp-content\/uploads\/2026\/03\/IMG_8348-1024x683.jpg\" alt=\"\" class=\"wp-image-20145\" srcset=\"https:\/\/conadi.gob.gt\/web\/wp-content\/uploads\/2026\/03\/IMG_8348-1024x683.jpg 1024w, https:\/\/conadi.gob.gt\/web\/wp-content\/uploads\/2026\/03\/IMG_8348-300x200.jpg 300w, https:\/\/conadi.gob.gt\/web\/wp-content\/uploads\/2026\/03\/IMG_8348-768x512.jpg 768w, https:\/\/conadi.gob.gt\/web\/wp-content\/uploads\/2026\/03\/IMG_8348-1536x1024.jpg 1536w, https:\/\/conadi.gob.gt\/web\/wp-content\/uploads\/2026\/03\/IMG_8348-2048x1365.jpg 2048w, https:\/\/conadi.gob.gt\/web\/wp-content\/uploads\/2026\/03\/IMG_8348-2000x1333.jpg 2000w\" sizes=\"auto, (max-width: 1024px) 100vw, 1024px\" \/><\/figure>\n<\/div>\n<\/div>\n\n\n\n<div class=\"wp-block-columns is-layout-flex wp-container-core-columns-is-layout-28f84493 wp-block-columns-is-layout-flex\">\n<div class=\"wp-block-column is-layout-flow wp-block-column-is-layout-flow\">\n<figure class=\"wp-block-image size-large\"><img loading=\"lazy\" decoding=\"async\" width=\"1024\" height=\"683\" src=\"https:\/\/conadi.gob.gt\/web\/wp-content\/uploads\/2026\/03\/IMG_8381-1024x683.jpg\" alt=\"\" class=\"wp-image-20146\" srcset=\"https:\/\/conadi.gob.gt\/web\/wp-content\/uploads\/2026\/03\/IMG_8381-1024x683.jpg 1024w, https:\/\/conadi.gob.gt\/web\/wp-content\/uploads\/2026\/03\/IMG_8381-300x200.jpg 300w, https:\/\/conadi.gob.gt\/web\/wp-content\/uploads\/2026\/03\/IMG_8381-768x512.jpg 768w, https:\/\/conadi.gob.gt\/web\/wp-content\/uploads\/2026\/03\/IMG_8381-1536x1024.jpg 1536w, https:\/\/conadi.gob.gt\/web\/wp-content\/uploads\/2026\/03\/IMG_8381-2048x1365.jpg 2048w, https:\/\/conadi.gob.gt\/web\/wp-content\/uploads\/2026\/03\/IMG_8381-2000x1333.jpg 2000w\" sizes=\"auto, (max-width: 1024px) 100vw, 1024px\" \/><\/figure>\n<\/div>\n\n\n\n<div class=\"wp-block-column is-layout-flow wp-block-column-is-layout-flow\">\n<figure class=\"wp-block-image size-large\"><img loading=\"lazy\" decoding=\"async\" width=\"1024\" height=\"683\" src=\"https:\/\/conadi.gob.gt\/web\/wp-content\/uploads\/2026\/03\/IMG_8420-1024x683.jpg\" alt=\"\" class=\"wp-image-20147\" srcset=\"https:\/\/conadi.gob.gt\/web\/wp-content\/uploads\/2026\/03\/IMG_8420-1024x683.jpg 1024w, https:\/\/conadi.gob.gt\/web\/wp-content\/uploads\/2026\/03\/IMG_8420-300x200.jpg 300w, https:\/\/conadi.gob.gt\/web\/wp-content\/uploads\/2026\/03\/IMG_8420-768x512.jpg 768w, https:\/\/conadi.gob.gt\/web\/wp-content\/uploads\/2026\/03\/IMG_8420-1536x1024.jpg 1536w, https:\/\/conadi.gob.gt\/web\/wp-content\/uploads\/2026\/03\/IMG_8420-2048x1365.jpg 2048w, https:\/\/conadi.gob.gt\/web\/wp-content\/uploads\/2026\/03\/IMG_8420-2000x1333.jpg 2000w\" sizes=\"auto, (max-width: 1024px) 100vw, 1024px\" \/><\/figure>\n<\/div>\n<\/div>\n\n\n\n<div class=\"wp-block-columns is-layout-flex wp-container-core-columns-is-layout-28f84493 wp-block-columns-is-layout-flex\">\n<div class=\"wp-block-column is-layout-flow wp-block-column-is-layout-flow\">\n<figure class=\"wp-block-image size-large\"><img loading=\"lazy\" decoding=\"async\" width=\"1024\" height=\"683\" src=\"https:\/\/conadi.gob.gt\/web\/wp-content\/uploads\/2026\/03\/IMG_8464-1024x683.jpg\" alt=\"\" class=\"wp-image-20148\" srcset=\"https:\/\/conadi.gob.gt\/web\/wp-content\/uploads\/2026\/03\/IMG_8464-1024x683.jpg 1024w, https:\/\/conadi.gob.gt\/web\/wp-content\/uploads\/2026\/03\/IMG_8464-300x200.jpg 300w, https:\/\/conadi.gob.gt\/web\/wp-content\/uploads\/2026\/03\/IMG_8464-768x512.jpg 768w, https:\/\/conadi.gob.gt\/web\/wp-content\/uploads\/2026\/03\/IMG_8464-1536x1024.jpg 1536w, https:\/\/conadi.gob.gt\/web\/wp-content\/uploads\/2026\/03\/IMG_8464-2048x1365.jpg 2048w, https:\/\/conadi.gob.gt\/web\/wp-content\/uploads\/2026\/03\/IMG_8464-2000x1333.jpg 2000w\" sizes=\"auto, (max-width: 1024px) 100vw, 1024px\" \/><\/figure>\n<\/div>\n\n\n\n<div class=\"wp-block-column is-layout-flow wp-block-column-is-layout-flow\">\n<figure class=\"wp-block-image size-large\"><img loading=\"lazy\" decoding=\"async\" width=\"1024\" height=\"683\" src=\"https:\/\/conadi.gob.gt\/web\/wp-content\/uploads\/2026\/03\/IMG_8501-1024x683.jpg\" alt=\"\" class=\"wp-image-20149\" srcset=\"https:\/\/conadi.gob.gt\/web\/wp-content\/uploads\/2026\/03\/IMG_8501-1024x683.jpg 1024w, https:\/\/conadi.gob.gt\/web\/wp-content\/uploads\/2026\/03\/IMG_8501-300x200.jpg 300w, https:\/\/conadi.gob.gt\/web\/wp-content\/uploads\/2026\/03\/IMG_8501-768x512.jpg 768w, https:\/\/conadi.gob.gt\/web\/wp-content\/uploads\/2026\/03\/IMG_8501-1536x1024.jpg 1536w, https:\/\/conadi.gob.gt\/web\/wp-content\/uploads\/2026\/03\/IMG_8501-2048x1365.jpg 2048w, https:\/\/conadi.gob.gt\/web\/wp-content\/uploads\/2026\/03\/IMG_8501-2000x1333.jpg 2000w\" sizes=\"auto, (max-width: 1024px) 100vw, 1024px\" \/><\/figure>\n<\/div>\n<\/div>\n\n\n\n<p>Cada reconocimiento simboliza no solo una trayectoria individual, sino tambi\u00e9n la fuerza colectiva de mujeres que han asumido el liderazgo como herramienta de transformaci\u00f3n social, enfrentando barreras estructurales y promoviendo la participaci\u00f3n plena en todos los \u00e1mbitos.<\/p>\n\n\n\n<p>El evento cont\u00f3 con la participaci\u00f3n de autoridades del CONADI: Janeth Garc\u00eda, vicepresidenta, e Indra Molina, secretaria de Junta Directiva, quienes destacaron la importancia de seguir fortaleciendo los espacios de participaci\u00f3n de las mujeres con discapacidad y sus organizaciones.<\/p>\n\n\n\n<div class=\"wp-block-columns is-layout-flex wp-container-core-columns-is-layout-28f84493 wp-block-columns-is-layout-flex\">\n<div class=\"wp-block-column is-layout-flow wp-block-column-is-layout-flow\">\n<figure class=\"wp-block-image size-large\"><img loading=\"lazy\" decoding=\"async\" width=\"1024\" height=\"683\" src=\"https:\/\/conadi.gob.gt\/web\/wp-content\/uploads\/2026\/03\/IMG_8162-1024x683.jpg\" alt=\"\" class=\"wp-image-20141\" srcset=\"https:\/\/conadi.gob.gt\/web\/wp-content\/uploads\/2026\/03\/IMG_8162-1024x683.jpg 1024w, https:\/\/conadi.gob.gt\/web\/wp-content\/uploads\/2026\/03\/IMG_8162-300x200.jpg 300w, https:\/\/conadi.gob.gt\/web\/wp-content\/uploads\/2026\/03\/IMG_8162-768x512.jpg 768w, https:\/\/conadi.gob.gt\/web\/wp-content\/uploads\/2026\/03\/IMG_8162-1536x1024.jpg 1536w, https:\/\/conadi.gob.gt\/web\/wp-content\/uploads\/2026\/03\/IMG_8162-2048x1365.jpg 2048w, https:\/\/conadi.gob.gt\/web\/wp-content\/uploads\/2026\/03\/IMG_8162-2000x1333.jpg 2000w\" sizes=\"auto, (max-width: 1024px) 100vw, 1024px\" \/><\/figure>\n<\/div>\n\n\n\n<div class=\"wp-block-column is-layout-flow wp-block-column-is-layout-flow\">\n<figure class=\"wp-block-image size-large\"><img loading=\"lazy\" decoding=\"async\" width=\"1024\" height=\"683\" src=\"https:\/\/conadi.gob.gt\/web\/wp-content\/uploads\/2026\/03\/IMG_8196-1024x683.jpg\" alt=\"\" class=\"wp-image-20139\" srcset=\"https:\/\/conadi.gob.gt\/web\/wp-content\/uploads\/2026\/03\/IMG_8196-1024x683.jpg 1024w, https:\/\/conadi.gob.gt\/web\/wp-content\/uploads\/2026\/03\/IMG_8196-300x200.jpg 300w, https:\/\/conadi.gob.gt\/web\/wp-content\/uploads\/2026\/03\/IMG_8196-768x512.jpg 768w, https:\/\/conadi.gob.gt\/web\/wp-content\/uploads\/2026\/03\/IMG_8196-1536x1024.jpg 1536w, https:\/\/conadi.gob.gt\/web\/wp-content\/uploads\/2026\/03\/IMG_8196-2048x1365.jpg 2048w, https:\/\/conadi.gob.gt\/web\/wp-content\/uploads\/2026\/03\/IMG_8196-2000x1333.jpg 2000w\" sizes=\"auto, (max-width: 1024px) 100vw, 1024px\" \/><\/figure>\n<\/div>\n\n\n\n<div class=\"wp-block-column is-layout-flow wp-block-column-is-layout-flow\">\n<figure class=\"wp-block-image size-large\"><img loading=\"lazy\" decoding=\"async\" width=\"1024\" height=\"683\" src=\"https:\/\/conadi.gob.gt\/web\/wp-content\/uploads\/2026\/03\/IMG_8218-1024x683.jpg\" alt=\"\" class=\"wp-image-20140\" srcset=\"https:\/\/conadi.gob.gt\/web\/wp-content\/uploads\/2026\/03\/IMG_8218-1024x683.jpg 1024w, https:\/\/conadi.gob.gt\/web\/wp-content\/uploads\/2026\/03\/IMG_8218-300x200.jpg 300w, https:\/\/conadi.gob.gt\/web\/wp-content\/uploads\/2026\/03\/IMG_8218-768x512.jpg 768w, https:\/\/conadi.gob.gt\/web\/wp-content\/uploads\/2026\/03\/IMG_8218-1536x1024.jpg 1536w, https:\/\/conadi.gob.gt\/web\/wp-content\/uploads\/2026\/03\/IMG_8218-2048x1365.jpg 2048w, https:\/\/conadi.gob.gt\/web\/wp-content\/uploads\/2026\/03\/IMG_8218-2000x1333.jpg 2000w\" sizes=\"auto, (max-width: 1024px) 100vw, 1024px\" \/><\/figure>\n<\/div>\n<\/div>\n\n\n\n<p>Durante sus intervenciones, ambas coincidieron en que el liderazgo de las mujeres dentro del movimiento de personas con discapacidad es clave para impulsar procesos de incidencia, promover cambios estructurales y garantizar el cumplimiento de sus derechos. Asimismo, resaltaron la necesidad de continuar generando oportunidades de formaci\u00f3n, empoderamiento y articulaci\u00f3n entre organizaciones, como base para una participaci\u00f3n activa y efectiva en la toma de decisiones a nivel local y nacional.<\/p>\n\n\n\n<p>Tambi\u00e9n subrayaron que estos espacios de reconocimiento no solo dignifican las trayectorias de las lideresas, sino que inspiran a nuevas generaciones a asumir roles protag\u00f3nicos en la construcci\u00f3n de una sociedad m\u00e1s inclusiva, equitativa y con igualdad de oportunidades para todas las personas.<\/p>\n\n\n\n<p>Adem\u00e1s, se cont\u00f3 con la presencia de Claudia Peneleu, Viceministra de Trabajo y Previsi\u00f3n Social, quien destac\u00f3 que el liderazgo de estas actoras clave constituye un ejemplo a seguir y resulta fundamental para avanzar hacia pol\u00edticas p\u00fablicas m\u00e1s inclusivas, as\u00ed como para garantizar el ejercicio pleno de los derechos humanos.<\/p>\n\n\n\n<div class=\"wp-block-columns is-layout-flex wp-container-core-columns-is-layout-28f84493 wp-block-columns-is-layout-flex\">\n<div class=\"wp-block-column is-layout-flow wp-block-column-is-layout-flow\">\n<figure class=\"wp-block-image size-large\"><img loading=\"lazy\" decoding=\"async\" width=\"1024\" height=\"683\" src=\"https:\/\/conadi.gob.gt\/web\/wp-content\/uploads\/2026\/03\/IMG_8532-1024x683.jpg\" alt=\"\" class=\"wp-image-20150\" srcset=\"https:\/\/conadi.gob.gt\/web\/wp-content\/uploads\/2026\/03\/IMG_8532-1024x683.jpg 1024w, https:\/\/conadi.gob.gt\/web\/wp-content\/uploads\/2026\/03\/IMG_8532-300x200.jpg 300w, https:\/\/conadi.gob.gt\/web\/wp-content\/uploads\/2026\/03\/IMG_8532-768x512.jpg 768w, https:\/\/conadi.gob.gt\/web\/wp-content\/uploads\/2026\/03\/IMG_8532-1536x1024.jpg 1536w, https:\/\/conadi.gob.gt\/web\/wp-content\/uploads\/2026\/03\/IMG_8532-2048x1365.jpg 2048w, https:\/\/conadi.gob.gt\/web\/wp-content\/uploads\/2026\/03\/IMG_8532-2000x1333.jpg 2000w\" sizes=\"auto, (max-width: 1024px) 100vw, 1024px\" \/><\/figure>\n<\/div>\n<\/div>\n\n\n\n<p>Asimismo, reconoci\u00f3 que la participaci\u00f3n de las mujeres en espacios de toma de decisi\u00f3n ; como la representaci\u00f3n de personas con discapacidad al frente del CONADI, es una muestra significativa de los avances hacia un cambio social, reflejado en una mayor presencia y protagonismo de las mujeres en la vida p\u00fablica.<\/p>\n\n\n\n<p>Con este reconocimiento, el CONADI reafirma su compromiso con la igualdad de g\u00e9nero, la inclusi\u00f3n y el fortalecimiento del movimiento de personas con discapacidad, destacando que el liderazgo de las mujeres no solo transforma realidades, sino que tambi\u00e9n abre caminos hacia un pa\u00eds m\u00e1s justo, participativo e incluyente.<\/p>\n","protected":false},"excerpt":{"rendered":"<p>En el marco de la conmemoraci\u00f3n del D\u00eda Internacional de la Mujer, el CONADI, reafirm\u00f3 su compromiso con la igualdad, la inclusi\u00f3n y el reconocimiento del papel transformador de las mujeres en la sociedad guatemalteca. A trav\u00e9s de su Departamento de Fortalecimiento y Fomento a la Participaci\u00f3n Ciudadana, desarroll\u00f3 la actividad \u201cReconocimiento al Liderazgo de &hellip; <\/p>\n<p class=\"link-more\"><a href=\"https:\/\/conadi.gob.gt\/web\/conadi-reconoce-a-lideresas\/\" class=\"more-link\">Leer m\u00e1s<span class=\"screen-reader-text\"> \u00abCONADI RECONOCE A LIDERESAS\u00bb<\/span><\/a><\/p>\n","protected":false},"author":222,"featured_media":20150,"comment_status":"closed","ping_status":"closed","sticky":false,"template":"","format":"standard","meta":{"footnotes":""},"categories":[3],"tags":[],"class_list":["post-20134","post","type-post","status-publish","format-standard","has-post-thumbnail","hentry","category-noticias"],"_links":{"self":[{"href":"https:\/\/conadi.gob.gt\/web\/wp-json\/wp\/v2\/posts\/20134","targetHints":{"allow":["GET"]}}],"collection":[{"href":"https:\/\/conadi.gob.gt\/web\/wp-json\/wp\/v2\/posts"}],"about":[{"href":"https:\/\/conadi.gob.gt\/web\/wp-json\/wp\/v2\/types\/post"}],"author":[{"embeddable":true,"href":"https:\/\/conadi.gob.gt\/web\/wp-json\/wp\/v2\/users\/222"}],"replies":[{"embeddable":true,"href":"https:\/\/conadi.gob.gt\/web\/wp-json\/wp\/v2\/comments?post=20134"}],"version-history":[{"count":1,"href":"https:\/\/conadi.gob.gt\/web\/wp-json\/wp\/v2\/posts\/20134\/revisions"}],"predecessor-version":[{"id":20151,"href":"https:\/\/conadi.gob.gt\/web\/wp-json\/wp\/v2\/posts\/20134\/revisions\/20151"}],"wp:featuredmedia":[{"embeddable":true,"href":"https:\/\/conadi.gob.gt\/web\/wp-json\/wp\/v2\/media\/20150"}],"wp:attachment":[{"href":"https:\/\/conadi.gob.gt\/web\/wp-json\/wp\/v2\/media?parent=20134"}],"wp:term":[{"taxonomy":"category","embeddable":true,"href":"https:\/\/conadi.gob.gt\/web\/wp-json\/wp\/v2\/categories?post=20134"},{"taxonomy":"post_tag","embeddable":true,"href":"https:\/\/conadi.gob.gt\/web\/wp-json\/wp\/v2\/tags?post=20134"}],"curies":[{"name":"wp","href":"https:\/\/api.w.org\/{rel}","templated":true}]}}