{"id":20375,"date":"2026-04-21T15:38:10","date_gmt":"2026-04-21T15:38:10","guid":{"rendered":"https:\/\/conadi.gob.gt\/web\/?p=20375"},"modified":"2026-04-21T15:38:10","modified_gmt":"2026-04-21T15:38:10","slug":"inician-los-registros-municipales-de-personas-con-discapacidad","status":"publish","type":"post","link":"https:\/\/conadi.gob.gt\/web\/inician-los-registros-municipales-de-personas-con-discapacidad\/","title":{"rendered":"INICIAN LOS REGISTROS MUNICIPALES DE PERSONAS CON DISCAPACIDAD"},"content":{"rendered":"\n<p>La alianza institucional para fortalecer los registros municipales de personas con discapacidad ha iniciado en los municipios de Pueblo Nuevo Vi\u00f1as, Santa Rosa, Fraijanes, Guatemala, Santa Cruz Verapaz, A.V. , y Moraz\u00e1n, El Progreso, donde en las \u00faltimas semanas se ha puesto en marcha un proceso de levantamiento de informaci\u00f3n a nivel local.<\/p>\n\n\n\n<div class=\"wp-block-columns is-layout-flex wp-container-core-columns-is-layout-28f84493 wp-block-columns-is-layout-flex\">\n<div class=\"wp-block-column is-layout-flow wp-block-column-is-layout-flow\">\n<figure class=\"wp-block-image size-large\"><img loading=\"lazy\" decoding=\"async\" width=\"1024\" height=\"473\" src=\"https:\/\/conadi.gob.gt\/web\/wp-content\/uploads\/2026\/04\/WhatsApp-Image-2026-04-21-at-09.29.33-1024x473.jpeg\" alt=\"\" class=\"wp-image-20376\" srcset=\"https:\/\/conadi.gob.gt\/web\/wp-content\/uploads\/2026\/04\/WhatsApp-Image-2026-04-21-at-09.29.33-1024x473.jpeg 1024w, https:\/\/conadi.gob.gt\/web\/wp-content\/uploads\/2026\/04\/WhatsApp-Image-2026-04-21-at-09.29.33-300x139.jpeg 300w, https:\/\/conadi.gob.gt\/web\/wp-content\/uploads\/2026\/04\/WhatsApp-Image-2026-04-21-at-09.29.33-768x355.jpeg 768w, https:\/\/conadi.gob.gt\/web\/wp-content\/uploads\/2026\/04\/WhatsApp-Image-2026-04-21-at-09.29.33.jpeg 1280w\" sizes=\"auto, (max-width: 1024px) 100vw, 1024px\" \/><\/figure>\n<\/div>\n\n\n\n<div class=\"wp-block-column is-layout-flow wp-block-column-is-layout-flow\">\n<figure class=\"wp-block-image size-large\"><img loading=\"lazy\" decoding=\"async\" width=\"1024\" height=\"472\" src=\"https:\/\/conadi.gob.gt\/web\/wp-content\/uploads\/2026\/04\/WhatsApp-Image-2026-04-21-at-09.29.57-1024x472.jpeg\" alt=\"\" class=\"wp-image-20378\" srcset=\"https:\/\/conadi.gob.gt\/web\/wp-content\/uploads\/2026\/04\/WhatsApp-Image-2026-04-21-at-09.29.57-1024x472.jpeg 1024w, https:\/\/conadi.gob.gt\/web\/wp-content\/uploads\/2026\/04\/WhatsApp-Image-2026-04-21-at-09.29.57-300x138.jpeg 300w, https:\/\/conadi.gob.gt\/web\/wp-content\/uploads\/2026\/04\/WhatsApp-Image-2026-04-21-at-09.29.57-768x354.jpeg 768w, https:\/\/conadi.gob.gt\/web\/wp-content\/uploads\/2026\/04\/WhatsApp-Image-2026-04-21-at-09.29.57-1536x708.jpeg 1536w, https:\/\/conadi.gob.gt\/web\/wp-content\/uploads\/2026\/04\/WhatsApp-Image-2026-04-21-at-09.29.57.jpeg 1600w\" sizes=\"auto, (max-width: 1024px) 100vw, 1024px\" \/><\/figure>\n<\/div>\n<\/div>\n\n\n\n<p>Para hacer posibles estos registros, cerca de 150 registradores municipales participaron en un proceso integral de formaci\u00f3n, orientado a fortalecer sus capacidades t\u00e9cnicas y metodol\u00f3gicas. Durante esta capacitaci\u00f3n, se abordaron aspectos clave como la correcta recolecci\u00f3n de datos, el enfoque de derechos, la atenci\u00f3n inclusiva y el manejo adecuado de la informaci\u00f3n, garantizando as\u00ed registros m\u00e1s precisos, confiables y sensibles a la realidad de las personas con discapacidad en cada territorio.<\/p>\n\n\n\n<div class=\"wp-block-columns is-layout-flex wp-container-core-columns-is-layout-28f84493 wp-block-columns-is-layout-flex\">\n<div class=\"wp-block-column is-layout-flow wp-block-column-is-layout-flow\">\n<figure class=\"wp-block-image size-large\"><img loading=\"lazy\" decoding=\"async\" width=\"1024\" height=\"472\" src=\"https:\/\/conadi.gob.gt\/web\/wp-content\/uploads\/2026\/04\/WhatsApp-Image-2026-04-21-at-09.30.38-1024x472.jpeg\" alt=\"\" class=\"wp-image-20379\" srcset=\"https:\/\/conadi.gob.gt\/web\/wp-content\/uploads\/2026\/04\/WhatsApp-Image-2026-04-21-at-09.30.38-1024x472.jpeg 1024w, https:\/\/conadi.gob.gt\/web\/wp-content\/uploads\/2026\/04\/WhatsApp-Image-2026-04-21-at-09.30.38-300x138.jpeg 300w, https:\/\/conadi.gob.gt\/web\/wp-content\/uploads\/2026\/04\/WhatsApp-Image-2026-04-21-at-09.30.38-768x354.jpeg 768w, https:\/\/conadi.gob.gt\/web\/wp-content\/uploads\/2026\/04\/WhatsApp-Image-2026-04-21-at-09.30.38-1536x708.jpeg 1536w, https:\/\/conadi.gob.gt\/web\/wp-content\/uploads\/2026\/04\/WhatsApp-Image-2026-04-21-at-09.30.38.jpeg 1600w\" sizes=\"auto, (max-width: 1024px) 100vw, 1024px\" \/><\/figure>\n<\/div>\n\n\n\n<div class=\"wp-block-column is-layout-flow wp-block-column-is-layout-flow\">\n<figure class=\"wp-block-image size-large\"><img loading=\"lazy\" decoding=\"async\" width=\"1024\" height=\"472\" src=\"https:\/\/conadi.gob.gt\/web\/wp-content\/uploads\/2026\/04\/WhatsApp-Image-2026-04-21-at-09.30.51-1024x472.jpeg\" alt=\"\" class=\"wp-image-20380\" srcset=\"https:\/\/conadi.gob.gt\/web\/wp-content\/uploads\/2026\/04\/WhatsApp-Image-2026-04-21-at-09.30.51-1024x472.jpeg 1024w, https:\/\/conadi.gob.gt\/web\/wp-content\/uploads\/2026\/04\/WhatsApp-Image-2026-04-21-at-09.30.51-300x138.jpeg 300w, https:\/\/conadi.gob.gt\/web\/wp-content\/uploads\/2026\/04\/WhatsApp-Image-2026-04-21-at-09.30.51-768x354.jpeg 768w, https:\/\/conadi.gob.gt\/web\/wp-content\/uploads\/2026\/04\/WhatsApp-Image-2026-04-21-at-09.30.51-1536x708.jpeg 1536w, https:\/\/conadi.gob.gt\/web\/wp-content\/uploads\/2026\/04\/WhatsApp-Image-2026-04-21-at-09.30.51.jpeg 1600w\" sizes=\"auto, (max-width: 1024px) 100vw, 1024px\" \/><\/figure>\n<\/div>\n<\/div>\n\n\n\n<p>El proceso forma parte de los esfuerzos institucionales de CONADI para consolidar los Registros Municipales de Discapacidad como una herramienta clave de gesti\u00f3n local, orientada a fortalecer la planificaci\u00f3n, la focalizaci\u00f3n y el acceso a servicios.<\/p>\n\n\n\n<figure class=\"wp-block-image size-large\"><img loading=\"lazy\" decoding=\"async\" width=\"1024\" height=\"576\" src=\"https:\/\/conadi.gob.gt\/web\/wp-content\/uploads\/2026\/04\/WhatsApp-Image-2026-04-21-at-09.29.44-1-1024x576.jpeg\" alt=\"\" class=\"wp-image-20381\" srcset=\"https:\/\/conadi.gob.gt\/web\/wp-content\/uploads\/2026\/04\/WhatsApp-Image-2026-04-21-at-09.29.44-1-1024x576.jpeg 1024w, https:\/\/conadi.gob.gt\/web\/wp-content\/uploads\/2026\/04\/WhatsApp-Image-2026-04-21-at-09.29.44-1-300x169.jpeg 300w, https:\/\/conadi.gob.gt\/web\/wp-content\/uploads\/2026\/04\/WhatsApp-Image-2026-04-21-at-09.29.44-1-768x432.jpeg 768w, https:\/\/conadi.gob.gt\/web\/wp-content\/uploads\/2026\/04\/WhatsApp-Image-2026-04-21-at-09.29.44-1-1536x864.jpeg 1536w, https:\/\/conadi.gob.gt\/web\/wp-content\/uploads\/2026\/04\/WhatsApp-Image-2026-04-21-at-09.29.44-1.jpeg 1599w\" sizes=\"auto, (max-width: 1024px) 100vw, 1024px\" \/><\/figure>\n\n\n\n<p>Esta iniciativa es liderada por el Consejo Nacional para la Atenci\u00f3n de las Personas con Discapacidad (CONADI), con el acompa\u00f1amiento t\u00e9cnico del Fondo de Poblaci\u00f3n de las Naciones Unidas (UNFPA), y tiene como objetivo mejorar la generaci\u00f3n de datos que permitan visibilizar a la poblaci\u00f3n con discapacidad en la toma de decisiones p\u00fablicas.<\/p>\n\n\n\n<div class=\"wp-block-columns is-layout-flex wp-container-core-columns-is-layout-28f84493 wp-block-columns-is-layout-flex\">\n<div class=\"wp-block-column is-layout-flow wp-block-column-is-layout-flow\">\n<figure class=\"wp-block-image size-large\"><img loading=\"lazy\" decoding=\"async\" width=\"1024\" height=\"575\" src=\"https:\/\/conadi.gob.gt\/web\/wp-content\/uploads\/2026\/04\/WhatsApp-Image-2026-04-21-at-09.32.36-1-1024x575.jpeg\" alt=\"\" class=\"wp-image-20382\" srcset=\"https:\/\/conadi.gob.gt\/web\/wp-content\/uploads\/2026\/04\/WhatsApp-Image-2026-04-21-at-09.32.36-1-1024x575.jpeg 1024w, https:\/\/conadi.gob.gt\/web\/wp-content\/uploads\/2026\/04\/WhatsApp-Image-2026-04-21-at-09.32.36-1-300x169.jpeg 300w, https:\/\/conadi.gob.gt\/web\/wp-content\/uploads\/2026\/04\/WhatsApp-Image-2026-04-21-at-09.32.36-1-768x432.jpeg 768w, https:\/\/conadi.gob.gt\/web\/wp-content\/uploads\/2026\/04\/WhatsApp-Image-2026-04-21-at-09.32.36-1.jpeg 1445w\" sizes=\"auto, (max-width: 1024px) 100vw, 1024px\" \/><\/figure>\n<\/div>\n<\/div>\n","protected":false},"excerpt":{"rendered":"<p>La alianza institucional para fortalecer los registros municipales de personas con discapacidad ha iniciado en los municipios de Pueblo Nuevo Vi\u00f1as, Santa Rosa, Fraijanes, Guatemala, Santa Cruz Verapaz, A.V. , y Moraz\u00e1n, El Progreso, donde en las \u00faltimas semanas se ha puesto en marcha un proceso de levantamiento de informaci\u00f3n a nivel local. Para hacer &hellip; <\/p>\n<p class=\"link-more\"><a href=\"https:\/\/conadi.gob.gt\/web\/inician-los-registros-municipales-de-personas-con-discapacidad\/\" class=\"more-link\">Leer m\u00e1s<span class=\"screen-reader-text\"> \u00abINICIAN LOS REGISTROS MUNICIPALES DE PERSONAS CON DISCAPACIDAD\u00bb<\/span><\/a><\/p>\n","protected":false},"author":222,"featured_media":20378,"comment_status":"closed","ping_status":"closed","sticky":false,"template":"","format":"standard","meta":{"footnotes":""},"categories":[3],"tags":[],"class_list":["post-20375","post","type-post","status-publish","format-standard","has-post-thumbnail","hentry","category-noticias"],"_links":{"self":[{"href":"https:\/\/conadi.gob.gt\/web\/wp-json\/wp\/v2\/posts\/20375","targetHints":{"allow":["GET"]}}],"collection":[{"href":"https:\/\/conadi.gob.gt\/web\/wp-json\/wp\/v2\/posts"}],"about":[{"href":"https:\/\/conadi.gob.gt\/web\/wp-json\/wp\/v2\/types\/post"}],"author":[{"embeddable":true,"href":"https:\/\/conadi.gob.gt\/web\/wp-json\/wp\/v2\/users\/222"}],"replies":[{"embeddable":true,"href":"https:\/\/conadi.gob.gt\/web\/wp-json\/wp\/v2\/comments?post=20375"}],"version-history":[{"count":1,"href":"https:\/\/conadi.gob.gt\/web\/wp-json\/wp\/v2\/posts\/20375\/revisions"}],"predecessor-version":[{"id":20383,"href":"https:\/\/conadi.gob.gt\/web\/wp-json\/wp\/v2\/posts\/20375\/revisions\/20383"}],"wp:featuredmedia":[{"embeddable":true,"href":"https:\/\/conadi.gob.gt\/web\/wp-json\/wp\/v2\/media\/20378"}],"wp:attachment":[{"href":"https:\/\/conadi.gob.gt\/web\/wp-json\/wp\/v2\/media?parent=20375"}],"wp:term":[{"taxonomy":"category","embeddable":true,"href":"https:\/\/conadi.gob.gt\/web\/wp-json\/wp\/v2\/categories?post=20375"},{"taxonomy":"post_tag","embeddable":true,"href":"https:\/\/conadi.gob.gt\/web\/wp-json\/wp\/v2\/tags?post=20375"}],"curies":[{"name":"wp","href":"https:\/\/api.w.org\/{rel}","templated":true}]}}