{"id":20384,"date":"2026-04-21T15:52:53","date_gmt":"2026-04-21T15:52:53","guid":{"rendered":"https:\/\/conadi.gob.gt\/web\/?p=20384"},"modified":"2026-04-21T15:52:53","modified_gmt":"2026-04-21T15:52:53","slug":"presentan-resultados-del-proyecto-alimentaccion","status":"publish","type":"post","link":"https:\/\/conadi.gob.gt\/web\/presentan-resultados-del-proyecto-alimentaccion\/","title":{"rendered":"PRESENTAN RESULTADOS DEL PROYECTO ALIMENTACCI\u00d3N"},"content":{"rendered":"\n<p>Despu\u00e9s de 36 meses de trabajo sostenido, el Proyecto AlimentAcci\u00f3n dio por cerradas sus actividades. Durante una presentaci\u00f3n realizada en el municipio de Panajachel, se llev\u00f3 a cabo el seminario \u00abHacia la seguridad alimentaria en las comunidades rurales e ind\u00edgenas mayas\u00bb, un espacio para la presentaci\u00f3n de resultados, aprendizajes y desaf\u00edos; evidenciando los avances significativos en la mejora de la disponibilidad, el acceso y el consumo de alimentos nutritivos en territorios hist\u00f3ricamente vulnerables del suroccidente de Guatemala.<\/p>\n\n\n\n<div class=\"wp-block-columns is-layout-flex wp-container-core-columns-is-layout-28f84493 wp-block-columns-is-layout-flex\">\n<div class=\"wp-block-column is-layout-flow wp-block-column-is-layout-flow\">\n<figure class=\"wp-block-image size-large\"><img loading=\"lazy\" decoding=\"async\" width=\"1024\" height=\"683\" src=\"https:\/\/conadi.gob.gt\/web\/wp-content\/uploads\/2026\/04\/IMG_9027-1024x683.jpg\" alt=\"\" class=\"wp-image-20395\" srcset=\"https:\/\/conadi.gob.gt\/web\/wp-content\/uploads\/2026\/04\/IMG_9027-1024x683.jpg 1024w, https:\/\/conadi.gob.gt\/web\/wp-content\/uploads\/2026\/04\/IMG_9027-300x200.jpg 300w, https:\/\/conadi.gob.gt\/web\/wp-content\/uploads\/2026\/04\/IMG_9027-768x512.jpg 768w, https:\/\/conadi.gob.gt\/web\/wp-content\/uploads\/2026\/04\/IMG_9027-1536x1024.jpg 1536w, https:\/\/conadi.gob.gt\/web\/wp-content\/uploads\/2026\/04\/IMG_9027-2048x1365.jpg 2048w, https:\/\/conadi.gob.gt\/web\/wp-content\/uploads\/2026\/04\/IMG_9027-2000x1333.jpg 2000w\" sizes=\"auto, (max-width: 1024px) 100vw, 1024px\" \/><\/figure>\n<\/div>\n\n\n\n<div class=\"wp-block-column is-layout-flow wp-block-column-is-layout-flow\">\n<figure class=\"wp-block-image size-large\"><img loading=\"lazy\" decoding=\"async\" width=\"1024\" height=\"683\" src=\"https:\/\/conadi.gob.gt\/web\/wp-content\/uploads\/2026\/04\/IMG_8929-1024x683.jpg\" alt=\"\" class=\"wp-image-20385\" srcset=\"https:\/\/conadi.gob.gt\/web\/wp-content\/uploads\/2026\/04\/IMG_8929-1024x683.jpg 1024w, https:\/\/conadi.gob.gt\/web\/wp-content\/uploads\/2026\/04\/IMG_8929-300x200.jpg 300w, https:\/\/conadi.gob.gt\/web\/wp-content\/uploads\/2026\/04\/IMG_8929-768x512.jpg 768w, https:\/\/conadi.gob.gt\/web\/wp-content\/uploads\/2026\/04\/IMG_8929-1536x1024.jpg 1536w, https:\/\/conadi.gob.gt\/web\/wp-content\/uploads\/2026\/04\/IMG_8929-2048x1365.jpg 2048w, https:\/\/conadi.gob.gt\/web\/wp-content\/uploads\/2026\/04\/IMG_8929-2000x1333.jpg 2000w\" sizes=\"auto, (max-width: 1024px) 100vw, 1024px\" \/><\/figure>\n<\/div>\n<\/div>\n\n\n\n<p><br \/>La intervenci\u00f3n se desarroll\u00f3 en los departamentos de Totonicap\u00e1n y Solol\u00e1, beneficiando directamente a 7,875 personas y fortaleciendo a m\u00e1s de 300 familias en distintos municipios. La iniciativa fue implementada por la Associazione Centro Orientamento Educativo, en articulaci\u00f3n con la Asociaci\u00f3n Vivamos Mejor Guatemala, la Asociaci\u00f3n de Cooperaci\u00f3n para el Desarrollo Rural de Occidente, la Asociaci\u00f3n Atz\u2019anem K\u2019oj, el Consejo Nacional para la Atenci\u00f3n de las Personas con Discapacidad y la Universidad de Mil\u00e1n, con el cofinanciamiento del Gobierno de Italia a trav\u00e9s de la Agencia Italiana de Cooperaci\u00f3n para el Desarrollo.<br \/>Como parte del cierre del proyecto , participaron autoridades como William Zapeta, director t\u00e9cnico del CONADI; Paolo Gallizioli, director de AICS; y Clara Carluzzo, directora de COE, quienes destacaron la importancia de fortalecer alianzas interinstitucionales para garantizar la sostenibilidad de los logros alcanzados.<\/p>\n\n\n\n<div class=\"wp-block-columns is-layout-flex wp-container-core-columns-is-layout-28f84493 wp-block-columns-is-layout-flex\">\n<div class=\"wp-block-column is-layout-flow wp-block-column-is-layout-flow\">\n<figure class=\"wp-block-image size-large\"><img loading=\"lazy\" decoding=\"async\" width=\"1024\" height=\"683\" src=\"https:\/\/conadi.gob.gt\/web\/wp-content\/uploads\/2026\/04\/IMG_8857-1024x683.jpg\" alt=\"\" class=\"wp-image-20387\" srcset=\"https:\/\/conadi.gob.gt\/web\/wp-content\/uploads\/2026\/04\/IMG_8857-1024x683.jpg 1024w, https:\/\/conadi.gob.gt\/web\/wp-content\/uploads\/2026\/04\/IMG_8857-300x200.jpg 300w, https:\/\/conadi.gob.gt\/web\/wp-content\/uploads\/2026\/04\/IMG_8857-768x512.jpg 768w, https:\/\/conadi.gob.gt\/web\/wp-content\/uploads\/2026\/04\/IMG_8857-1536x1024.jpg 1536w, https:\/\/conadi.gob.gt\/web\/wp-content\/uploads\/2026\/04\/IMG_8857-2048x1365.jpg 2048w\" sizes=\"auto, (max-width: 1024px) 100vw, 1024px\" \/><\/figure>\n<\/div>\n\n\n\n<div class=\"wp-block-column is-layout-flow wp-block-column-is-layout-flow\">\n<figure class=\"wp-block-image size-large\"><img loading=\"lazy\" decoding=\"async\" width=\"1024\" height=\"683\" src=\"https:\/\/conadi.gob.gt\/web\/wp-content\/uploads\/2026\/04\/IMG_8887-1024x683.jpg\" alt=\"\" class=\"wp-image-20388\" srcset=\"https:\/\/conadi.gob.gt\/web\/wp-content\/uploads\/2026\/04\/IMG_8887-1024x683.jpg 1024w, https:\/\/conadi.gob.gt\/web\/wp-content\/uploads\/2026\/04\/IMG_8887-300x200.jpg 300w, https:\/\/conadi.gob.gt\/web\/wp-content\/uploads\/2026\/04\/IMG_8887-768x512.jpg 768w, https:\/\/conadi.gob.gt\/web\/wp-content\/uploads\/2026\/04\/IMG_8887-1536x1024.jpg 1536w, https:\/\/conadi.gob.gt\/web\/wp-content\/uploads\/2026\/04\/IMG_8887-2048x1365.jpg 2048w\" sizes=\"auto, (max-width: 1024px) 100vw, 1024px\" \/><\/figure>\n<\/div>\n<\/div>\n\n\n\n<div class=\"wp-block-columns is-layout-flex wp-container-core-columns-is-layout-28f84493 wp-block-columns-is-layout-flex\">\n<div class=\"wp-block-column is-layout-flow wp-block-column-is-layout-flow\">\n<figure class=\"wp-block-image size-large\"><img loading=\"lazy\" decoding=\"async\" width=\"1024\" height=\"683\" src=\"https:\/\/conadi.gob.gt\/web\/wp-content\/uploads\/2026\/04\/IMG_8910-1024x683.jpg\" alt=\"\" class=\"wp-image-20389\" srcset=\"https:\/\/conadi.gob.gt\/web\/wp-content\/uploads\/2026\/04\/IMG_8910-1024x683.jpg 1024w, https:\/\/conadi.gob.gt\/web\/wp-content\/uploads\/2026\/04\/IMG_8910-300x200.jpg 300w, https:\/\/conadi.gob.gt\/web\/wp-content\/uploads\/2026\/04\/IMG_8910-768x512.jpg 768w, https:\/\/conadi.gob.gt\/web\/wp-content\/uploads\/2026\/04\/IMG_8910-1536x1024.jpg 1536w, https:\/\/conadi.gob.gt\/web\/wp-content\/uploads\/2026\/04\/IMG_8910-2048x1365.jpg 2048w\" sizes=\"auto, (max-width: 1024px) 100vw, 1024px\" \/><\/figure>\n<\/div>\n\n\n\n<div class=\"wp-block-column is-layout-flow wp-block-column-is-layout-flow\">\n<figure class=\"wp-block-image size-large\"><img loading=\"lazy\" decoding=\"async\" width=\"1024\" height=\"683\" src=\"https:\/\/conadi.gob.gt\/web\/wp-content\/uploads\/2026\/04\/IMG_8924-1024x683.jpg\" alt=\"\" class=\"wp-image-20391\" srcset=\"https:\/\/conadi.gob.gt\/web\/wp-content\/uploads\/2026\/04\/IMG_8924-1024x683.jpg 1024w, https:\/\/conadi.gob.gt\/web\/wp-content\/uploads\/2026\/04\/IMG_8924-300x200.jpg 300w, https:\/\/conadi.gob.gt\/web\/wp-content\/uploads\/2026\/04\/IMG_8924-768x512.jpg 768w, https:\/\/conadi.gob.gt\/web\/wp-content\/uploads\/2026\/04\/IMG_8924-1536x1024.jpg 1536w, https:\/\/conadi.gob.gt\/web\/wp-content\/uploads\/2026\/04\/IMG_8924-2048x1365.jpg 2048w\" sizes=\"auto, (max-width: 1024px) 100vw, 1024px\" \/><\/figure>\n<\/div>\n\n\n\n<div class=\"wp-block-column is-layout-flow wp-block-column-is-layout-flow\">\n<figure class=\"wp-block-image size-large\"><img loading=\"lazy\" decoding=\"async\" width=\"1024\" height=\"683\" src=\"https:\/\/conadi.gob.gt\/web\/wp-content\/uploads\/2026\/04\/IMG_8974-1024x683.jpg\" alt=\"\" class=\"wp-image-20392\" srcset=\"https:\/\/conadi.gob.gt\/web\/wp-content\/uploads\/2026\/04\/IMG_8974-1024x683.jpg 1024w, https:\/\/conadi.gob.gt\/web\/wp-content\/uploads\/2026\/04\/IMG_8974-300x200.jpg 300w, https:\/\/conadi.gob.gt\/web\/wp-content\/uploads\/2026\/04\/IMG_8974-768x512.jpg 768w, https:\/\/conadi.gob.gt\/web\/wp-content\/uploads\/2026\/04\/IMG_8974-1536x1024.jpg 1536w, https:\/\/conadi.gob.gt\/web\/wp-content\/uploads\/2026\/04\/IMG_8974-2048x1365.jpg 2048w\" sizes=\"auto, (max-width: 1024px) 100vw, 1024px\" \/><\/figure>\n<\/div>\n<\/div>\n\n\n\n<p><br \/>M\u00e1s all\u00e1 de las cifras, el proyecto promovi\u00f3 capacidades locales, pr\u00e1cticas alimentarias saludables y un enfoque integral que incorpor\u00f3 la inclusi\u00f3n de personas con discapacidad como eje transversal del desarrollo comunitario.<\/p>\n\n\n\n<div class=\"wp-block-columns is-layout-flex wp-container-core-columns-is-layout-28f84493 wp-block-columns-is-layout-flex\">\n<div class=\"wp-block-column is-layout-flow wp-block-column-is-layout-flow\">\n<figure class=\"wp-block-image size-large\"><img loading=\"lazy\" decoding=\"async\" width=\"1024\" height=\"683\" src=\"https:\/\/conadi.gob.gt\/web\/wp-content\/uploads\/2026\/04\/IMG_8930-1024x683.jpg\" alt=\"\" class=\"wp-image-20390\" srcset=\"https:\/\/conadi.gob.gt\/web\/wp-content\/uploads\/2026\/04\/IMG_8930-1024x683.jpg 1024w, https:\/\/conadi.gob.gt\/web\/wp-content\/uploads\/2026\/04\/IMG_8930-300x200.jpg 300w, https:\/\/conadi.gob.gt\/web\/wp-content\/uploads\/2026\/04\/IMG_8930-768x512.jpg 768w, https:\/\/conadi.gob.gt\/web\/wp-content\/uploads\/2026\/04\/IMG_8930-1536x1024.jpg 1536w, https:\/\/conadi.gob.gt\/web\/wp-content\/uploads\/2026\/04\/IMG_8930-2048x1365.jpg 2048w\" sizes=\"auto, (max-width: 1024px) 100vw, 1024px\" \/><\/figure>\n<\/div>\n\n\n\n<div class=\"wp-block-column is-layout-flow wp-block-column-is-layout-flow\">\n<figure class=\"wp-block-image size-large\"><img loading=\"lazy\" decoding=\"async\" width=\"1024\" height=\"683\" src=\"https:\/\/conadi.gob.gt\/web\/wp-content\/uploads\/2026\/04\/IMG_8976-1024x683.jpg\" alt=\"\" class=\"wp-image-20393\" srcset=\"https:\/\/conadi.gob.gt\/web\/wp-content\/uploads\/2026\/04\/IMG_8976-1024x683.jpg 1024w, https:\/\/conadi.gob.gt\/web\/wp-content\/uploads\/2026\/04\/IMG_8976-300x200.jpg 300w, https:\/\/conadi.gob.gt\/web\/wp-content\/uploads\/2026\/04\/IMG_8976-768x512.jpg 768w, https:\/\/conadi.gob.gt\/web\/wp-content\/uploads\/2026\/04\/IMG_8976-1536x1024.jpg 1536w, https:\/\/conadi.gob.gt\/web\/wp-content\/uploads\/2026\/04\/IMG_8976-2048x1365.jpg 2048w\" sizes=\"auto, (max-width: 1024px) 100vw, 1024px\" \/><\/figure>\n<\/div>\n\n\n\n<div class=\"wp-block-column is-layout-flow wp-block-column-is-layout-flow\">\n<figure class=\"wp-block-image size-large\"><img loading=\"lazy\" decoding=\"async\" width=\"1024\" height=\"683\" src=\"https:\/\/conadi.gob.gt\/web\/wp-content\/uploads\/2026\/04\/IMG_8996-1024x683.jpg\" alt=\"\" class=\"wp-image-20397\" srcset=\"https:\/\/conadi.gob.gt\/web\/wp-content\/uploads\/2026\/04\/IMG_8996-1024x683.jpg 1024w, https:\/\/conadi.gob.gt\/web\/wp-content\/uploads\/2026\/04\/IMG_8996-300x200.jpg 300w, https:\/\/conadi.gob.gt\/web\/wp-content\/uploads\/2026\/04\/IMG_8996-768x512.jpg 768w, https:\/\/conadi.gob.gt\/web\/wp-content\/uploads\/2026\/04\/IMG_8996-1536x1024.jpg 1536w, https:\/\/conadi.gob.gt\/web\/wp-content\/uploads\/2026\/04\/IMG_8996-2048x1365.jpg 2048w, https:\/\/conadi.gob.gt\/web\/wp-content\/uploads\/2026\/04\/IMG_8996-2000x1333.jpg 2000w\" sizes=\"auto, (max-width: 1024px) 100vw, 1024px\" \/><\/figure>\n<\/div>\n<\/div>\n\n\n\n<p><br \/>El cierre de AlimentAcci\u00f3n no solo marca el fin de una intervenci\u00f3n, sino tambi\u00e9n la consolidaci\u00f3n de un modelo de trabajo colaborativo que apuesta por la seguridad alimentaria, la inclusi\u00f3n y el desarrollo con enfoque territorial.<\/p>\n\n\n\n<div class=\"wp-block-columns is-layout-flex wp-container-core-columns-is-layout-28f84493 wp-block-columns-is-layout-flex\">\n<div class=\"wp-block-column is-layout-flow wp-block-column-is-layout-flow\">\n<figure class=\"wp-block-image size-large\"><img loading=\"lazy\" decoding=\"async\" width=\"1024\" height=\"683\" src=\"https:\/\/conadi.gob.gt\/web\/wp-content\/uploads\/2026\/04\/IMG_8875-1024x683.jpg\" alt=\"\" class=\"wp-image-20386\" srcset=\"https:\/\/conadi.gob.gt\/web\/wp-content\/uploads\/2026\/04\/IMG_8875-1024x683.jpg 1024w, https:\/\/conadi.gob.gt\/web\/wp-content\/uploads\/2026\/04\/IMG_8875-300x200.jpg 300w, https:\/\/conadi.gob.gt\/web\/wp-content\/uploads\/2026\/04\/IMG_8875-768x512.jpg 768w, https:\/\/conadi.gob.gt\/web\/wp-content\/uploads\/2026\/04\/IMG_8875-1536x1024.jpg 1536w, https:\/\/conadi.gob.gt\/web\/wp-content\/uploads\/2026\/04\/IMG_8875-2048x1365.jpg 2048w\" sizes=\"auto, (max-width: 1024px) 100vw, 1024px\" \/><\/figure>\n<\/div>\n\n\n\n<div class=\"wp-block-column is-layout-flow wp-block-column-is-layout-flow\">\n<figure class=\"wp-block-image size-large\"><img loading=\"lazy\" decoding=\"async\" width=\"1024\" height=\"683\" src=\"https:\/\/conadi.gob.gt\/web\/wp-content\/uploads\/2026\/04\/IMG_9037-1024x683.jpg\" alt=\"\" class=\"wp-image-20396\" srcset=\"https:\/\/conadi.gob.gt\/web\/wp-content\/uploads\/2026\/04\/IMG_9037-1024x683.jpg 1024w, https:\/\/conadi.gob.gt\/web\/wp-content\/uploads\/2026\/04\/IMG_9037-300x200.jpg 300w, https:\/\/conadi.gob.gt\/web\/wp-content\/uploads\/2026\/04\/IMG_9037-768x512.jpg 768w, https:\/\/conadi.gob.gt\/web\/wp-content\/uploads\/2026\/04\/IMG_9037-1536x1024.jpg 1536w, https:\/\/conadi.gob.gt\/web\/wp-content\/uploads\/2026\/04\/IMG_9037-2048x1365.jpg 2048w, https:\/\/conadi.gob.gt\/web\/wp-content\/uploads\/2026\/04\/IMG_9037-2000x1333.jpg 2000w\" sizes=\"auto, (max-width: 1024px) 100vw, 1024px\" \/><\/figure>\n<\/div>\n<\/div>\n","protected":false},"excerpt":{"rendered":"<p>Despu\u00e9s de 36 meses de trabajo sostenido, el Proyecto AlimentAcci\u00f3n dio por cerradas sus actividades. Durante una presentaci\u00f3n realizada en el municipio de Panajachel, se llev\u00f3 a cabo el seminario \u00abHacia la seguridad alimentaria en las comunidades rurales e ind\u00edgenas mayas\u00bb, un espacio para la presentaci\u00f3n de resultados, aprendizajes y desaf\u00edos; evidenciando los avances significativos &hellip; <\/p>\n<p class=\"link-more\"><a href=\"https:\/\/conadi.gob.gt\/web\/presentan-resultados-del-proyecto-alimentaccion\/\" class=\"more-link\">Leer m\u00e1s<span class=\"screen-reader-text\"> \u00abPRESENTAN RESULTADOS DEL PROYECTO ALIMENTACCI\u00d3N\u00bb<\/span><\/a><\/p>\n","protected":false},"author":222,"featured_media":20395,"comment_status":"closed","ping_status":"closed","sticky":false,"template":"","format":"standard","meta":{"footnotes":""},"categories":[3],"tags":[],"class_list":["post-20384","post","type-post","status-publish","format-standard","has-post-thumbnail","hentry","category-noticias"],"_links":{"self":[{"href":"https:\/\/conadi.gob.gt\/web\/wp-json\/wp\/v2\/posts\/20384","targetHints":{"allow":["GET"]}}],"collection":[{"href":"https:\/\/conadi.gob.gt\/web\/wp-json\/wp\/v2\/posts"}],"about":[{"href":"https:\/\/conadi.gob.gt\/web\/wp-json\/wp\/v2\/types\/post"}],"author":[{"embeddable":true,"href":"https:\/\/conadi.gob.gt\/web\/wp-json\/wp\/v2\/users\/222"}],"replies":[{"embeddable":true,"href":"https:\/\/conadi.gob.gt\/web\/wp-json\/wp\/v2\/comments?post=20384"}],"version-history":[{"count":1,"href":"https:\/\/conadi.gob.gt\/web\/wp-json\/wp\/v2\/posts\/20384\/revisions"}],"predecessor-version":[{"id":20398,"href":"https:\/\/conadi.gob.gt\/web\/wp-json\/wp\/v2\/posts\/20384\/revisions\/20398"}],"wp:featuredmedia":[{"embeddable":true,"href":"https:\/\/conadi.gob.gt\/web\/wp-json\/wp\/v2\/media\/20395"}],"wp:attachment":[{"href":"https:\/\/conadi.gob.gt\/web\/wp-json\/wp\/v2\/media?parent=20384"}],"wp:term":[{"taxonomy":"category","embeddable":true,"href":"https:\/\/conadi.gob.gt\/web\/wp-json\/wp\/v2\/categories?post=20384"},{"taxonomy":"post_tag","embeddable":true,"href":"https:\/\/conadi.gob.gt\/web\/wp-json\/wp\/v2\/tags?post=20384"}],"curies":[{"name":"wp","href":"https:\/\/api.w.org\/{rel}","templated":true}]}}