{"id":2425,"date":"2013-03-25T17:33:11","date_gmt":"2013-03-25T17:33:11","guid":{"rendered":"http:\/\/conadi.gob.gt\/1\/?p=2425"},"modified":"2013-03-25T17:33:11","modified_gmt":"2013-03-25T17:33:11","slug":"inauguran-centro-de-rehabilitacion-en-coatepeque-quetzaltenango","status":"publish","type":"post","link":"https:\/\/conadi.gob.gt\/web\/inauguran-centro-de-rehabilitacion-en-coatepeque-quetzaltenango\/","title":{"rendered":"Inauguran Centro de rehabilitaci\u00f3n en Coatepeque, Quetzaltenango."},"content":{"rendered":"<p><a attid=\"2427\"  href=\"http:\/\/conadi.gob.gt\/1\/wp-content\/uploads\/2013\/04\/INAUGURACION-CENTRO-DE-REHABILITACION.jpg\"><img loading=\"lazy\" decoding=\"async\" src=\"http:\/\/conadi.gob.gt\/1\/wp-content\/uploads\/2013\/04\/INAUGURACION-CENTRO-DE-REHABILITACION.jpg\" alt=\"INAUGURACION CENTRO DE REHABILITACION\" width=\"352\" height=\"234\" class=\"aligncenter size-full wp-image-2427\" \/><\/a><br \/>\nLa Fundaci\u00f3n para el Bienestar del Ni\u00f1o Minusv\u00e1lido \u2013FUNDABIEM, inaugur\u00f3 un nuevo centro de rehabilitaci\u00f3n en el municipio de Coatepeque, Quetzaltenango, donde se atender\u00e1n a personas con discapacidad f\u00edsica del \u00e1rea sur-occidental del pa\u00eds.<br \/>\nEl acto estuvo a cargo de la se\u00f1ora vicepresidente de la Rep\u00fablica, Licenciada   Roxana Baldetti, quien exhort\u00f3 a la poblaci\u00f3n a obtener el mejor provecho del centro n\u00famero 24 de FUNDABIEM.<\/p>\n","protected":false},"excerpt":{"rendered":"<p>La Fundaci\u00f3n para el Bienestar del Ni\u00f1o Minusv\u00e1lido \u2013FUNDABIEM, inaugur\u00f3 un nuevo centro de rehabilitaci\u00f3n en el municipio de Coatepeque, Quetzaltenango, donde se atender\u00e1n a personas con discapacidad f\u00edsica del \u00e1rea sur-occidental del pa\u00eds. El acto estuvo a cargo de la se\u00f1ora vicepresidente de la Rep\u00fablica, Licenciada Roxana Baldetti, quien exhort\u00f3 a la poblaci\u00f3n a &hellip; <\/p>\n<p class=\"link-more\"><a href=\"https:\/\/conadi.gob.gt\/web\/inauguran-centro-de-rehabilitacion-en-coatepeque-quetzaltenango\/\" class=\"more-link\">Leer m\u00e1s<span class=\"screen-reader-text\"> \u00abInauguran Centro de rehabilitaci\u00f3n en Coatepeque, Quetzaltenango.\u00bb<\/span><\/a><\/p>\n","protected":false},"author":12,"featured_media":0,"comment_status":"open","ping_status":"closed","sticky":false,"template":"","format":"standard","meta":{"footnotes":""},"categories":[4],"tags":[],"class_list":["post-2425","post","type-post","status-publish","format-standard","hentry","category-uncategorized"],"_links":{"self":[{"href":"https:\/\/conadi.gob.gt\/web\/wp-json\/wp\/v2\/posts\/2425","targetHints":{"allow":["GET"]}}],"collection":[{"href":"https:\/\/conadi.gob.gt\/web\/wp-json\/wp\/v2\/posts"}],"about":[{"href":"https:\/\/conadi.gob.gt\/web\/wp-json\/wp\/v2\/types\/post"}],"author":[{"embeddable":true,"href":"https:\/\/conadi.gob.gt\/web\/wp-json\/wp\/v2\/users\/12"}],"replies":[{"embeddable":true,"href":"https:\/\/conadi.gob.gt\/web\/wp-json\/wp\/v2\/comments?post=2425"}],"version-history":[{"count":0,"href":"https:\/\/conadi.gob.gt\/web\/wp-json\/wp\/v2\/posts\/2425\/revisions"}],"wp:attachment":[{"href":"https:\/\/conadi.gob.gt\/web\/wp-json\/wp\/v2\/media?parent=2425"}],"wp:term":[{"taxonomy":"category","embeddable":true,"href":"https:\/\/conadi.gob.gt\/web\/wp-json\/wp\/v2\/categories?post=2425"},{"taxonomy":"post_tag","embeddable":true,"href":"https:\/\/conadi.gob.gt\/web\/wp-json\/wp\/v2\/tags?post=2425"}],"curies":[{"name":"wp","href":"https:\/\/api.w.org\/{rel}","templated":true}]}}