{"id":3953,"date":"2015-06-02T04:58:21","date_gmt":"2015-06-02T04:58:21","guid":{"rendered":"http:\/\/conadi.gob.gt\/web\/?p=3953"},"modified":"2015-06-02T05:11:06","modified_gmt":"2015-06-02T05:11:06","slug":"benemerito-comite-pro-ciegos-y-sordos-de-guatemala","status":"publish","type":"post","link":"https:\/\/conadi.gob.gt\/web\/benemerito-comite-pro-ciegos-y-sordos-de-guatemala\/","title":{"rendered":"Benem\u00e9rito Comit\u00e9 Pro Ciegos y Sordos de Guatemala"},"content":{"rendered":"<p><a href=\"https:\/\/conadi.gob.gt\/web\/wp-content\/uploads\/2015\/05\/logo-1.png\"><img loading=\"lazy\" decoding=\"async\" class=\"alignnone size-full wp-image-3938\" src=\"https:\/\/conadi.gob.gt\/web\/wp-content\/uploads\/2015\/05\/logo-1.png\" alt=\"logo-1\" width=\"166\" height=\"113\" srcset=\"https:\/\/conadi.gob.gt\/web\/wp-content\/uploads\/2015\/05\/logo-1.png 166w, https:\/\/conadi.gob.gt\/web\/wp-content\/uploads\/2015\/05\/logo-1-90x60.png 90w, https:\/\/conadi.gob.gt\/web\/wp-content\/uploads\/2015\/05\/logo-1-95x64.png 95w\" sizes=\"auto, (max-width: 166px) 100vw, 166px\" \/><\/a><\/p>\n<p>El Benem\u00e9rito Comit\u00e9 Pro Ciegos y Sordos de Guatemala, es una Instituci\u00f3n privada no lucrativa, social y educativa, fundada el 3 de diciembre de 1945.<\/p>\n<p>El Congreso de la Rep\u00fablica de Guatemala le otorg\u00f3 el t\u00edtulo y dignidad de Benem\u00e9rita Instituci\u00f3n el 27 de octubre de 1998. \u201cPor su encomiable labor que ha beneficiado ampliamente, sin discriminaci\u00f3n alguna a la poblaci\u00f3n guatemalteca.\u201d<\/p>\n<p>http:\/\/www.prociegosysordos.org.gt<\/p>\n","protected":false},"excerpt":{"rendered":"<p>El Benem\u00e9rito Comit\u00e9 Pro Ciegos y Sordos de Guatemala, es una Instituci\u00f3n privada no lucrativa, social y educativa, fundada el 3 de diciembre de 1945. El Congreso de la Rep\u00fablica de Guatemala le otorg\u00f3 el t\u00edtulo y dignidad de Benem\u00e9rita Instituci\u00f3n el 27 de octubre de 1998. \u201cPor su encomiable labor que ha beneficiado ampliamente, &hellip; <\/p>\n<p class=\"link-more\"><a href=\"https:\/\/conadi.gob.gt\/web\/benemerito-comite-pro-ciegos-y-sordos-de-guatemala\/\" class=\"more-link\">Leer m\u00e1s<span class=\"screen-reader-text\"> \u00abBenem\u00e9rito Comit\u00e9 Pro Ciegos y Sordos de Guatemala\u00bb<\/span><\/a><\/p>\n","protected":false},"author":12,"featured_media":0,"comment_status":"closed","ping_status":"closed","sticky":false,"template":"","format":"standard","meta":{"footnotes":""},"categories":[14],"tags":[],"class_list":["post-3953","post","type-post","status-publish","format-standard","hentry","category-organizaciones"],"_links":{"self":[{"href":"https:\/\/conadi.gob.gt\/web\/wp-json\/wp\/v2\/posts\/3953","targetHints":{"allow":["GET"]}}],"collection":[{"href":"https:\/\/conadi.gob.gt\/web\/wp-json\/wp\/v2\/posts"}],"about":[{"href":"https:\/\/conadi.gob.gt\/web\/wp-json\/wp\/v2\/types\/post"}],"author":[{"embeddable":true,"href":"https:\/\/conadi.gob.gt\/web\/wp-json\/wp\/v2\/users\/12"}],"replies":[{"embeddable":true,"href":"https:\/\/conadi.gob.gt\/web\/wp-json\/wp\/v2\/comments?post=3953"}],"version-history":[{"count":1,"href":"https:\/\/conadi.gob.gt\/web\/wp-json\/wp\/v2\/posts\/3953\/revisions"}],"predecessor-version":[{"id":3954,"href":"https:\/\/conadi.gob.gt\/web\/wp-json\/wp\/v2\/posts\/3953\/revisions\/3954"}],"wp:attachment":[{"href":"https:\/\/conadi.gob.gt\/web\/wp-json\/wp\/v2\/media?parent=3953"}],"wp:term":[{"taxonomy":"category","embeddable":true,"href":"https:\/\/conadi.gob.gt\/web\/wp-json\/wp\/v2\/categories?post=3953"},{"taxonomy":"post_tag","embeddable":true,"href":"https:\/\/conadi.gob.gt\/web\/wp-json\/wp\/v2\/tags?post=3953"}],"curies":[{"name":"wp","href":"https:\/\/api.w.org\/{rel}","templated":true}]}}