{"id":3959,"date":"2015-06-02T05:03:20","date_gmt":"2015-06-02T05:03:20","guid":{"rendered":"http:\/\/conadi.gob.gt\/web\/?p=3959"},"modified":"2015-06-02T05:10:26","modified_gmt":"2015-06-02T05:10:26","slug":"fundal","status":"publish","type":"post","link":"https:\/\/conadi.gob.gt\/web\/fundal\/","title":{"rendered":"FUNDAL"},"content":{"rendered":"<p><a href=\"https:\/\/conadi.gob.gt\/web\/wp-content\/uploads\/2015\/05\/logo-4.png\"><img loading=\"lazy\" decoding=\"async\" class=\"alignnone size-full wp-image-3941\" src=\"https:\/\/conadi.gob.gt\/web\/wp-content\/uploads\/2015\/05\/logo-4.png\" alt=\"logo-4\" width=\"166\" height=\"113\" srcset=\"https:\/\/conadi.gob.gt\/web\/wp-content\/uploads\/2015\/05\/logo-4.png 166w, https:\/\/conadi.gob.gt\/web\/wp-content\/uploads\/2015\/05\/logo-4-90x60.png 90w, https:\/\/conadi.gob.gt\/web\/wp-content\/uploads\/2015\/05\/logo-4-95x64.png 95w\" sizes=\"auto, (max-width: 166px) 100vw, 166px\" \/><\/a><\/p>\n<p><strong>FUNDAL<\/strong>\u00a0es una organizaci\u00f3n privada, no\u00a0lucrativa, que desde 1998 brinda servicios\u00a0educativos a beb\u00e9s, ni\u00f1as, ni\u00f1os y j\u00f3venes con\u00a0sordoceguera y discapacidad m\u00faltiple con\u00a0componente sensorial.<\/p>\n<blockquote class=\"wp-embedded-content\" data-secret=\"pF8X5JNu5I\"><p><a href=\"https:\/\/fundal.org.gt\/\">Home<\/a><\/p><\/blockquote>\n<p><iframe loading=\"lazy\" class=\"wp-embedded-content\" sandbox=\"allow-scripts\" security=\"restricted\" style=\"position: absolute; clip: rect(1px, 1px, 1px, 1px);\" title=\"\u00abHome\u00bb \u2014 Fundal\" src=\"https:\/\/fundal.org.gt\/embed\/#?secret=pF8X5JNu5I\" data-secret=\"pF8X5JNu5I\" width=\"600\" height=\"338\" frameborder=\"0\" marginwidth=\"0\" marginheight=\"0\" scrolling=\"no\"><\/iframe><\/p>\n","protected":false},"excerpt":{"rendered":"<p>FUNDAL\u00a0es una organizaci\u00f3n privada, no\u00a0lucrativa, que desde 1998 brinda servicios\u00a0educativos a beb\u00e9s, ni\u00f1as, ni\u00f1os y j\u00f3venes con\u00a0sordoceguera y discapacidad m\u00faltiple con\u00a0componente sensorial. Home<\/p>\n","protected":false},"author":12,"featured_media":0,"comment_status":"closed","ping_status":"closed","sticky":false,"template":"","format":"standard","meta":{"footnotes":""},"categories":[14],"tags":[],"class_list":["post-3959","post","type-post","status-publish","format-standard","hentry","category-organizaciones"],"_links":{"self":[{"href":"https:\/\/conadi.gob.gt\/web\/wp-json\/wp\/v2\/posts\/3959","targetHints":{"allow":["GET"]}}],"collection":[{"href":"https:\/\/conadi.gob.gt\/web\/wp-json\/wp\/v2\/posts"}],"about":[{"href":"https:\/\/conadi.gob.gt\/web\/wp-json\/wp\/v2\/types\/post"}],"author":[{"embeddable":true,"href":"https:\/\/conadi.gob.gt\/web\/wp-json\/wp\/v2\/users\/12"}],"replies":[{"embeddable":true,"href":"https:\/\/conadi.gob.gt\/web\/wp-json\/wp\/v2\/comments?post=3959"}],"version-history":[{"count":1,"href":"https:\/\/conadi.gob.gt\/web\/wp-json\/wp\/v2\/posts\/3959\/revisions"}],"predecessor-version":[{"id":3960,"href":"https:\/\/conadi.gob.gt\/web\/wp-json\/wp\/v2\/posts\/3959\/revisions\/3960"}],"wp:attachment":[{"href":"https:\/\/conadi.gob.gt\/web\/wp-json\/wp\/v2\/media?parent=3959"}],"wp:term":[{"taxonomy":"category","embeddable":true,"href":"https:\/\/conadi.gob.gt\/web\/wp-json\/wp\/v2\/categories?post=3959"},{"taxonomy":"post_tag","embeddable":true,"href":"https:\/\/conadi.gob.gt\/web\/wp-json\/wp\/v2\/tags?post=3959"}],"curies":[{"name":"wp","href":"https:\/\/api.w.org\/{rel}","templated":true}]}}