{"id":3961,"date":"2015-06-02T05:07:14","date_gmt":"2015-06-02T05:07:14","guid":{"rendered":"http:\/\/conadi.gob.gt\/web\/?p=3961"},"modified":"2015-09-28T15:56:12","modified_gmt":"2015-09-28T15:56:12","slug":"asorgua","status":"publish","type":"post","link":"https:\/\/conadi.gob.gt\/web\/asorgua\/","title":{"rendered":"ASORGUA"},"content":{"rendered":"<p><a href=\"https:\/\/conadi.gob.gt\/web\/wp-content\/uploads\/2015\/05\/logo-8.png\"><img loading=\"lazy\" decoding=\"async\" class=\"alignnone size-full wp-image-3945\" src=\"https:\/\/conadi.gob.gt\/web\/wp-content\/uploads\/2015\/05\/logo-8.png\" alt=\"logo-8\" width=\"166\" height=\"113\" srcset=\"https:\/\/conadi.gob.gt\/web\/wp-content\/uploads\/2015\/05\/logo-8.png 166w, https:\/\/conadi.gob.gt\/web\/wp-content\/uploads\/2015\/05\/logo-8-90x60.png 90w, https:\/\/conadi.gob.gt\/web\/wp-content\/uploads\/2015\/05\/logo-8-95x64.png 95w\" sizes=\"auto, (max-width: 166px) 100vw, 166px\" \/><\/a><\/p>\n<p>Instituci\u00f3n afiliada a la Federaci\u00f3n Mundial de Sordos (FMS), con fecha de fundaci\u00f3n a\u00f1o 1994; en el a\u00f1o 2009 llegamos a celebrar 15 a\u00f1os de trayectoria, gracias a Elisa Molina de Stahl, emancipando la discapacidad auditiva.<\/p>\n","protected":false},"excerpt":{"rendered":"<p>Instituci\u00f3n afiliada a la Federaci\u00f3n Mundial de Sordos (FMS), con fecha de fundaci\u00f3n a\u00f1o 1994; en el a\u00f1o 2009 llegamos a celebrar 15 a\u00f1os de trayectoria, gracias a Elisa Molina de Stahl, emancipando la discapacidad auditiva.<\/p>\n","protected":false},"author":12,"featured_media":0,"comment_status":"open","ping_status":"closed","sticky":false,"template":"","format":"standard","meta":{"footnotes":""},"categories":[14],"tags":[],"class_list":["post-3961","post","type-post","status-publish","format-standard","hentry","category-organizaciones"],"_links":{"self":[{"href":"https:\/\/conadi.gob.gt\/web\/wp-json\/wp\/v2\/posts\/3961","targetHints":{"allow":["GET"]}}],"collection":[{"href":"https:\/\/conadi.gob.gt\/web\/wp-json\/wp\/v2\/posts"}],"about":[{"href":"https:\/\/conadi.gob.gt\/web\/wp-json\/wp\/v2\/types\/post"}],"author":[{"embeddable":true,"href":"https:\/\/conadi.gob.gt\/web\/wp-json\/wp\/v2\/users\/12"}],"replies":[{"embeddable":true,"href":"https:\/\/conadi.gob.gt\/web\/wp-json\/wp\/v2\/comments?post=3961"}],"version-history":[{"count":2,"href":"https:\/\/conadi.gob.gt\/web\/wp-json\/wp\/v2\/posts\/3961\/revisions"}],"predecessor-version":[{"id":4074,"href":"https:\/\/conadi.gob.gt\/web\/wp-json\/wp\/v2\/posts\/3961\/revisions\/4074"}],"wp:attachment":[{"href":"https:\/\/conadi.gob.gt\/web\/wp-json\/wp\/v2\/media?parent=3961"}],"wp:term":[{"taxonomy":"category","embeddable":true,"href":"https:\/\/conadi.gob.gt\/web\/wp-json\/wp\/v2\/categories?post=3961"},{"taxonomy":"post_tag","embeddable":true,"href":"https:\/\/conadi.gob.gt\/web\/wp-json\/wp\/v2\/tags?post=3961"}],"curies":[{"name":"wp","href":"https:\/\/api.w.org\/{rel}","templated":true}]}}