{"id":4383,"date":"2016-02-11T14:28:38","date_gmt":"2016-02-11T14:28:38","guid":{"rendered":"http:\/\/conadi.gob.gt\/web\/?p=4383"},"modified":"2016-02-11T14:28:38","modified_gmt":"2016-02-11T14:28:38","slug":"municipalidad-de-la-esperanza-de-quetzaltenango-senaliza-por-la-discapacidad","status":"publish","type":"post","link":"https:\/\/conadi.gob.gt\/web\/municipalidad-de-la-esperanza-de-quetzaltenango-senaliza-por-la-discapacidad\/","title":{"rendered":"MUNICIPALIDAD DE LA ESPERANZA DE QUETZALTENANGO SE\u00d1ALIZA POR LA DISCAPACIDAD"},"content":{"rendered":"<p>La municipalidad de la Esperanza de Quetzaltenango contempla en sus proyectos la se\u00f1alizaci\u00f3n por la discapacidad, ha habilitado varios parqueos para personas con discapacidad pitando la se\u00f1alizaci\u00f3n universal. Esta es una iniciativa por parte de esa comuna con conjunto con el departamento de tr\u00e1nsito con el esfuerzo del sector de discapacidad del departamento. Fotos Patricia Fuentes<\/p>\n<figure id=\"attachment_4384\" aria-describedby=\"caption-attachment-4384\" style=\"width: 300px\" class=\"wp-caption aligncenter\"><a href=\"https:\/\/conadi.gob.gt\/web\/wp-content\/uploads\/2016\/02\/IMG-20160210-WA0004.jpg\"><img loading=\"lazy\" decoding=\"async\" class=\"size-medium wp-image-4384\" src=\"https:\/\/conadi.gob.gt\/web\/wp-content\/uploads\/2016\/02\/IMG-20160210-WA0004-300x169.jpg\" alt=\"MUNI LA ESPERANZA \" width=\"300\" height=\"169\" srcset=\"https:\/\/conadi.gob.gt\/web\/wp-content\/uploads\/2016\/02\/IMG-20160210-WA0004-300x169.jpg 300w, https:\/\/conadi.gob.gt\/web\/wp-content\/uploads\/2016\/02\/IMG-20160210-WA0004.jpg 1024w\" sizes=\"auto, (max-width: 300px) 100vw, 300px\" \/><\/a><figcaption id=\"caption-attachment-4384\" class=\"wp-caption-text\">MUNI LA ESPERANZA<\/figcaption><\/figure>\n<p>&nbsp;<\/p>\n<p>&nbsp;<\/p>\n<figure id=\"attachment_4385\" aria-describedby=\"caption-attachment-4385\" style=\"width: 300px\" class=\"wp-caption aligncenter\"><a href=\"https:\/\/conadi.gob.gt\/web\/wp-content\/uploads\/2016\/02\/IMG-20160210-WA0014.jpg\"><img loading=\"lazy\" decoding=\"async\" class=\"size-medium wp-image-4385\" src=\"https:\/\/conadi.gob.gt\/web\/wp-content\/uploads\/2016\/02\/IMG-20160210-WA0014-300x169.jpg\" alt=\"MUNI LA ESPERANZA \" width=\"300\" height=\"169\" srcset=\"https:\/\/conadi.gob.gt\/web\/wp-content\/uploads\/2016\/02\/IMG-20160210-WA0014-300x169.jpg 300w, https:\/\/conadi.gob.gt\/web\/wp-content\/uploads\/2016\/02\/IMG-20160210-WA0014.jpg 1024w\" sizes=\"auto, (max-width: 300px) 100vw, 300px\" \/><\/a><figcaption id=\"caption-attachment-4385\" class=\"wp-caption-text\">MUNI LA ESPERANZA<\/figcaption><\/figure>\n<p>&nbsp;<\/p>\n<p>&nbsp;<\/p>\n<p>&nbsp;<\/p>\n<p>&nbsp;<\/p>\n<p>&nbsp;<\/p>\n<p>&nbsp;<\/p>\n<p>&nbsp;<\/p>\n<p>&nbsp;<\/p>\n<p>&nbsp;<\/p>\n<p>&nbsp;<\/p>\n<p>&nbsp;<\/p>\n","protected":false},"excerpt":{"rendered":"<p>La municipalidad de la Esperanza de Quetzaltenango contempla en sus proyectos la se\u00f1alizaci\u00f3n por la discapacidad, ha habilitado varios parqueos para personas con discapacidad pitando la se\u00f1alizaci\u00f3n universal. Esta es una iniciativa por parte de esa comuna con conjunto con el departamento de tr\u00e1nsito con el esfuerzo del sector de discapacidad del departamento. Fotos Patricia &hellip; <\/p>\n<p class=\"link-more\"><a href=\"https:\/\/conadi.gob.gt\/web\/municipalidad-de-la-esperanza-de-quetzaltenango-senaliza-por-la-discapacidad\/\" class=\"more-link\">Leer m\u00e1s<span class=\"screen-reader-text\"> \u00abMUNICIPALIDAD DE LA ESPERANZA DE QUETZALTENANGO SE\u00d1ALIZA POR LA DISCAPACIDAD\u00bb<\/span><\/a><\/p>\n","protected":false},"author":7,"featured_media":0,"comment_status":"open","ping_status":"closed","sticky":false,"template":"","format":"standard","meta":{"footnotes":""},"categories":[3],"tags":[],"class_list":["post-4383","post","type-post","status-publish","format-standard","hentry","category-noticias"],"_links":{"self":[{"href":"https:\/\/conadi.gob.gt\/web\/wp-json\/wp\/v2\/posts\/4383","targetHints":{"allow":["GET"]}}],"collection":[{"href":"https:\/\/conadi.gob.gt\/web\/wp-json\/wp\/v2\/posts"}],"about":[{"href":"https:\/\/conadi.gob.gt\/web\/wp-json\/wp\/v2\/types\/post"}],"author":[{"embeddable":true,"href":"https:\/\/conadi.gob.gt\/web\/wp-json\/wp\/v2\/users\/7"}],"replies":[{"embeddable":true,"href":"https:\/\/conadi.gob.gt\/web\/wp-json\/wp\/v2\/comments?post=4383"}],"version-history":[{"count":1,"href":"https:\/\/conadi.gob.gt\/web\/wp-json\/wp\/v2\/posts\/4383\/revisions"}],"predecessor-version":[{"id":4386,"href":"https:\/\/conadi.gob.gt\/web\/wp-json\/wp\/v2\/posts\/4383\/revisions\/4386"}],"wp:attachment":[{"href":"https:\/\/conadi.gob.gt\/web\/wp-json\/wp\/v2\/media?parent=4383"}],"wp:term":[{"taxonomy":"category","embeddable":true,"href":"https:\/\/conadi.gob.gt\/web\/wp-json\/wp\/v2\/categories?post=4383"},{"taxonomy":"post_tag","embeddable":true,"href":"https:\/\/conadi.gob.gt\/web\/wp-json\/wp\/v2\/tags?post=4383"}],"curies":[{"name":"wp","href":"https:\/\/api.w.org\/{rel}","templated":true}]}}