{"id":4387,"date":"2016-02-11T14:31:47","date_gmt":"2016-02-11T14:31:47","guid":{"rendered":"http:\/\/conadi.gob.gt\/web\/?p=4387"},"modified":"2016-02-11T14:32:40","modified_gmt":"2016-02-11T14:32:40","slug":"conadi-en-busca-de-abrir-mas-oficinas-municipales-de-atencion-a-la-poblacion-con-discapacidad","status":"publish","type":"post","link":"https:\/\/conadi.gob.gt\/web\/conadi-en-busca-de-abrir-mas-oficinas-municipales-de-atencion-a-la-poblacion-con-discapacidad\/","title":{"rendered":"CONADI EN BUSCA DE ABRIR M\u00c1S OFICINAS MUNICIPALES DE ATENCI\u00d3N A LA POBLACI\u00d3N CON DISCAPACIDAD"},"content":{"rendered":"<p><span style=\"color: #141823; font-family: 'Helvetica','sans-serif'; font-size: 10.5pt;\">A trav\u00e9s de la promotora del departamento de Quetzaltenango, Patricia Fuentes, se hace los acercamientos con la Alcald\u00eda de Salcaja y la Esperanza para poder reunirse y plantear la apertura de Oficina Municipal de la Discapacidad, con el objetivo de atender a esta poblaci\u00f3n.<\/span><\/p>\n<p><span style=\"color: #141823; font-family: 'Helvetica','sans-serif'; font-size: 10.5pt;\">Para el CONADI es importante que los alcaldes especialmente del departamento de Quetzal tengo puedan incluir en sus pol\u00edticas de trabajo la tem\u00e1tica de la discapacidad de esa manera contribuir a su desarrollo y de esa manera ser incluidas. La promotora se reunir\u00e1 en los pr\u00f3ximos d\u00edas con m\u00e1s autoridades municipales de Quetzaltenango FOTOS Patricia Fuentes<\/span><\/p>\n<figure id=\"attachment_4388\" aria-describedby=\"caption-attachment-4388\" style=\"width: 300px\" class=\"wp-caption alignleft\"><a href=\"https:\/\/conadi.gob.gt\/web\/wp-content\/uploads\/2016\/02\/IMG-20160210-WA0006.jpg\"><img loading=\"lazy\" decoding=\"async\" class=\"size-medium wp-image-4388\" src=\"https:\/\/conadi.gob.gt\/web\/wp-content\/uploads\/2016\/02\/IMG-20160210-WA0006-300x169.jpg\" alt=\"OFI MUNICIPALES \" width=\"300\" height=\"169\" srcset=\"https:\/\/conadi.gob.gt\/web\/wp-content\/uploads\/2016\/02\/IMG-20160210-WA0006-300x169.jpg 300w, https:\/\/conadi.gob.gt\/web\/wp-content\/uploads\/2016\/02\/IMG-20160210-WA0006.jpg 1024w\" sizes=\"auto, (max-width: 300px) 100vw, 300px\" \/><\/a><figcaption id=\"caption-attachment-4388\" class=\"wp-caption-text\">OFI MUNICIPALES<\/figcaption><\/figure>\n<p>&nbsp;<\/p>\n<p>&nbsp;<\/p>\n<p>&nbsp;<\/p>\n<p>&nbsp;<\/p>\n<p>&nbsp;<\/p>\n<figure id=\"attachment_4389\" aria-describedby=\"caption-attachment-4389\" style=\"width: 300px\" class=\"wp-caption alignright\"><a href=\"https:\/\/conadi.gob.gt\/web\/wp-content\/uploads\/2016\/02\/IMG-20160210-WA0013.jpg\"><img loading=\"lazy\" decoding=\"async\" class=\"size-medium wp-image-4389\" src=\"https:\/\/conadi.gob.gt\/web\/wp-content\/uploads\/2016\/02\/IMG-20160210-WA0013-300x169.jpg\" alt=\"OFI MUNICIPALES \" width=\"300\" height=\"169\" srcset=\"https:\/\/conadi.gob.gt\/web\/wp-content\/uploads\/2016\/02\/IMG-20160210-WA0013-300x169.jpg 300w, https:\/\/conadi.gob.gt\/web\/wp-content\/uploads\/2016\/02\/IMG-20160210-WA0013.jpg 1024w\" sizes=\"auto, (max-width: 300px) 100vw, 300px\" \/><\/a><figcaption id=\"caption-attachment-4389\" class=\"wp-caption-text\">OFI MUNICIPALES<\/figcaption><\/figure>\n<p>&nbsp;<\/p>\n<p>&nbsp;<\/p>\n<p>&nbsp;<\/p>\n<p>&nbsp;<\/p>\n<p>&nbsp;<\/p>\n<p>&nbsp;<\/p>\n<p>&nbsp;<\/p>\n<p>&nbsp;<\/p>\n<p>&nbsp;<\/p>\n<p>&nbsp;<\/p>\n<p>&nbsp;<\/p>\n<p>&nbsp;<\/p>\n<p>&nbsp;<\/p>\n","protected":false},"excerpt":{"rendered":"<p>A trav\u00e9s de la promotora del departamento de Quetzaltenango, Patricia Fuentes, se hace los acercamientos con la Alcald\u00eda de Salcaja y la Esperanza para poder reunirse y plantear la apertura de Oficina Municipal de la Discapacidad, con el objetivo de atender a esta poblaci\u00f3n. Para el CONADI es importante que los alcaldes especialmente del departamento &hellip; <\/p>\n<p class=\"link-more\"><a href=\"https:\/\/conadi.gob.gt\/web\/conadi-en-busca-de-abrir-mas-oficinas-municipales-de-atencion-a-la-poblacion-con-discapacidad\/\" class=\"more-link\">Leer m\u00e1s<span class=\"screen-reader-text\"> \u00abCONADI EN BUSCA DE ABRIR M\u00c1S OFICINAS MUNICIPALES DE ATENCI\u00d3N A LA POBLACI\u00d3N CON DISCAPACIDAD\u00bb<\/span><\/a><\/p>\n","protected":false},"author":7,"featured_media":0,"comment_status":"open","ping_status":"closed","sticky":false,"template":"","format":"standard","meta":{"footnotes":""},"categories":[3],"tags":[],"class_list":["post-4387","post","type-post","status-publish","format-standard","hentry","category-noticias"],"_links":{"self":[{"href":"https:\/\/conadi.gob.gt\/web\/wp-json\/wp\/v2\/posts\/4387","targetHints":{"allow":["GET"]}}],"collection":[{"href":"https:\/\/conadi.gob.gt\/web\/wp-json\/wp\/v2\/posts"}],"about":[{"href":"https:\/\/conadi.gob.gt\/web\/wp-json\/wp\/v2\/types\/post"}],"author":[{"embeddable":true,"href":"https:\/\/conadi.gob.gt\/web\/wp-json\/wp\/v2\/users\/7"}],"replies":[{"embeddable":true,"href":"https:\/\/conadi.gob.gt\/web\/wp-json\/wp\/v2\/comments?post=4387"}],"version-history":[{"count":2,"href":"https:\/\/conadi.gob.gt\/web\/wp-json\/wp\/v2\/posts\/4387\/revisions"}],"predecessor-version":[{"id":4391,"href":"https:\/\/conadi.gob.gt\/web\/wp-json\/wp\/v2\/posts\/4387\/revisions\/4391"}],"wp:attachment":[{"href":"https:\/\/conadi.gob.gt\/web\/wp-json\/wp\/v2\/media?parent=4387"}],"wp:term":[{"taxonomy":"category","embeddable":true,"href":"https:\/\/conadi.gob.gt\/web\/wp-json\/wp\/v2\/categories?post=4387"},{"taxonomy":"post_tag","embeddable":true,"href":"https:\/\/conadi.gob.gt\/web\/wp-json\/wp\/v2\/tags?post=4387"}],"curies":[{"name":"wp","href":"https:\/\/api.w.org\/{rel}","templated":true}]}}