{"id":4392,"date":"2016-02-11T14:35:29","date_gmt":"2016-02-11T14:35:29","guid":{"rendered":"http:\/\/conadi.gob.gt\/web\/?p=4392"},"modified":"2016-02-11T14:41:51","modified_gmt":"2016-02-11T14:41:51","slug":"solola-se-organiza-para-trabajar-el-tema-de-discapacidad","status":"publish","type":"post","link":"https:\/\/conadi.gob.gt\/web\/solola-se-organiza-para-trabajar-el-tema-de-discapacidad\/","title":{"rendered":"SOLOL\u00c1 SE ORGANIZA PARA TRABAJAR EL TEMA DE DISCAPACIDAD"},"content":{"rendered":"<p>Este mi\u00e9rcoles 10 de febrero representantes de la CODEDIS del departamento de Solol\u00e1 se reunieron en una mesa organizativa para planificar el trabajo en favor de las personas con discapacidad. Entre los temas tratado es la atenci\u00f3n de la salud y rehabilitaci\u00f3n de los ni\u00f1os y ni\u00f1as con discapacidad. Fotos Claudia Peneleu<\/p>\n<p>&nbsp;<\/p>\n<figure id=\"attachment_4393\" aria-describedby=\"caption-attachment-4393\" style=\"width: 300px\" class=\"wp-caption aligncenter\"><a href=\"https:\/\/conadi.gob.gt\/web\/wp-content\/uploads\/2016\/02\/IMG-20160210-WA0019.jpg\"><img loading=\"lazy\" decoding=\"async\" class=\"wp-image-4393 size-medium\" src=\"https:\/\/conadi.gob.gt\/web\/wp-content\/uploads\/2016\/02\/IMG-20160210-WA0019-300x180.jpg\" alt=\"CODEDIS SOLOL\u00c1\" width=\"300\" height=\"180\" srcset=\"https:\/\/conadi.gob.gt\/web\/wp-content\/uploads\/2016\/02\/IMG-20160210-WA0019-300x180.jpg 300w, https:\/\/conadi.gob.gt\/web\/wp-content\/uploads\/2016\/02\/IMG-20160210-WA0019.jpg 1024w\" sizes=\"auto, (max-width: 300px) 100vw, 300px\" \/><\/a><figcaption id=\"caption-attachment-4393\" class=\"wp-caption-text\">CODEDIS SOLOL\u00c1<\/figcaption><\/figure>\n<p>&nbsp;<\/p>\n<figure id=\"attachment_4394\" aria-describedby=\"caption-attachment-4394\" style=\"width: 300px\" class=\"wp-caption aligncenter\"><a href=\"https:\/\/conadi.gob.gt\/web\/wp-content\/uploads\/2016\/02\/IMG-20160210-WA0020.jpg\"><img loading=\"lazy\" decoding=\"async\" class=\"wp-image-4394 size-medium\" src=\"https:\/\/conadi.gob.gt\/web\/wp-content\/uploads\/2016\/02\/IMG-20160210-WA0020-300x180.jpg\" alt=\"CODEDIS SOLOL\u00c1\" width=\"300\" height=\"180\" srcset=\"https:\/\/conadi.gob.gt\/web\/wp-content\/uploads\/2016\/02\/IMG-20160210-WA0020-300x180.jpg 300w, https:\/\/conadi.gob.gt\/web\/wp-content\/uploads\/2016\/02\/IMG-20160210-WA0020.jpg 1024w\" sizes=\"auto, (max-width: 300px) 100vw, 300px\" \/><\/a><figcaption id=\"caption-attachment-4394\" class=\"wp-caption-text\">CODEDIS SOLOL\u00c1<\/figcaption><\/figure>\n<p>&nbsp;<\/p>\n<p>&nbsp;<\/p>\n<p>&nbsp;<\/p>\n<p>&nbsp;<\/p>\n<p>&nbsp;<\/p>\n<p>&nbsp;<\/p>\n<p>&nbsp;<\/p>\n<p>&nbsp;<\/p>\n<p>&nbsp;<\/p>\n<p>&nbsp;<\/p>\n<p>&nbsp;<\/p>\n<p>&nbsp;<\/p>\n<p>&nbsp;<\/p>\n","protected":false},"excerpt":{"rendered":"<p>Este mi\u00e9rcoles 10 de febrero representantes de la CODEDIS del departamento de Solol\u00e1 se reunieron en una mesa organizativa para planificar el trabajo en favor de las personas con discapacidad. Entre los temas tratado es la atenci\u00f3n de la salud y rehabilitaci\u00f3n de los ni\u00f1os y ni\u00f1as con discapacidad. Fotos Claudia Peneleu &nbsp; &nbsp; &nbsp; &hellip; <\/p>\n<p class=\"link-more\"><a href=\"https:\/\/conadi.gob.gt\/web\/solola-se-organiza-para-trabajar-el-tema-de-discapacidad\/\" class=\"more-link\">Leer m\u00e1s<span class=\"screen-reader-text\"> \u00abSOLOL\u00c1 SE ORGANIZA PARA TRABAJAR EL TEMA DE DISCAPACIDAD\u00bb<\/span><\/a><\/p>\n","protected":false},"author":7,"featured_media":0,"comment_status":"open","ping_status":"closed","sticky":false,"template":"","format":"standard","meta":{"footnotes":""},"categories":[3],"tags":[],"class_list":["post-4392","post","type-post","status-publish","format-standard","hentry","category-noticias"],"_links":{"self":[{"href":"https:\/\/conadi.gob.gt\/web\/wp-json\/wp\/v2\/posts\/4392","targetHints":{"allow":["GET"]}}],"collection":[{"href":"https:\/\/conadi.gob.gt\/web\/wp-json\/wp\/v2\/posts"}],"about":[{"href":"https:\/\/conadi.gob.gt\/web\/wp-json\/wp\/v2\/types\/post"}],"author":[{"embeddable":true,"href":"https:\/\/conadi.gob.gt\/web\/wp-json\/wp\/v2\/users\/7"}],"replies":[{"embeddable":true,"href":"https:\/\/conadi.gob.gt\/web\/wp-json\/wp\/v2\/comments?post=4392"}],"version-history":[{"count":3,"href":"https:\/\/conadi.gob.gt\/web\/wp-json\/wp\/v2\/posts\/4392\/revisions"}],"predecessor-version":[{"id":4397,"href":"https:\/\/conadi.gob.gt\/web\/wp-json\/wp\/v2\/posts\/4392\/revisions\/4397"}],"wp:attachment":[{"href":"https:\/\/conadi.gob.gt\/web\/wp-json\/wp\/v2\/media?parent=4392"}],"wp:term":[{"taxonomy":"category","embeddable":true,"href":"https:\/\/conadi.gob.gt\/web\/wp-json\/wp\/v2\/categories?post=4392"},{"taxonomy":"post_tag","embeddable":true,"href":"https:\/\/conadi.gob.gt\/web\/wp-json\/wp\/v2\/tags?post=4392"}],"curies":[{"name":"wp","href":"https:\/\/api.w.org\/{rel}","templated":true}]}}