{"id":4417,"date":"2016-02-26T13:11:15","date_gmt":"2016-02-26T13:11:15","guid":{"rendered":"http:\/\/conadi.gob.gt\/web\/?p=4417"},"modified":"2016-02-26T13:11:15","modified_gmt":"2016-02-26T13:11:15","slug":"el-conadi-y-sus-organizaciones-solicitan-al-congreso-de-la-republica-reformas-de-ley-fiscalizaciones-y-seguimientos-a-normativas-para-su-aprobacion","status":"publish","type":"post","link":"https:\/\/conadi.gob.gt\/web\/el-conadi-y-sus-organizaciones-solicitan-al-congreso-de-la-republica-reformas-de-ley-fiscalizaciones-y-seguimientos-a-normativas-para-su-aprobacion\/","title":{"rendered":"EL CONADI Y SUS ORGANIZACIONES SOLICITAN AL CONGRESO DE LA REP\u00daBLICA REFORMAS DE LEY, FISCALIZACIONES Y SEGUIMIENTOS A NORMATIVAS PARA SU APROBACI\u00d3N"},"content":{"rendered":"<p>El Consejo Nacional para la Atenci\u00f3n de las Personas con Discapacidad \u2013CONADI- y sus organizaciones entregaremos a los diputados del Congreso de la Rep\u00fablica, a trav\u00e9s de la Comisi\u00f3n sobre Asuntos de Discapacidad del Congreso de la Rep\u00fablica ahora permanente, varias propuestas para el acompa\u00f1amiento del proceso de reformas, seguimiento a normativas de ley y fiscalizaciones en favor de las personas con discapacidad.<\/p>\n<p>Los legisladores que conforman la comisi\u00f3n de trabajo, deber\u00e1n recibir propuestas de las organizaciones que nos representan, ya que nadie mejor que nosotros conoce las necesidades que a diario enfrentamos, por lo que en seguimiento a la agenda electoral 2015, formulada en consulta y di\u00e1logo con m\u00e1s de 100 grupos a nivel nacional, el CONADI hizo entrega a los miembros de la referida comisi\u00f3n las principales demandas del sector discapacidad en materia legislativa.<\/p>\n<p>Se menciona en la agenda de propuestas entregada 3 ejes b\u00e1sicos: la armonizaci\u00f3n legislativa en funci\u00f3n de las necesidades y demandas de la poblaci\u00f3n con discapacidad; la fiscalizaci\u00f3n de las instituciones que ejecutan programas para este sector con fondos p\u00fablicos y; el fortalecimiento de la institucionalidad que hasta ahora se ha logrado establecer en el pa\u00eds en la tem\u00e1tica, agenda que se deber\u00e1 desarrollar en consulta con los dirigentes del movimiento.<\/p>\n<figure id=\"attachment_4413\" aria-describedby=\"caption-attachment-4413\" style=\"width: 1024px\" class=\"wp-caption aligncenter\"><a href=\"https:\/\/conadi.gob.gt\/web\/wp-content\/uploads\/2016\/02\/20160215_094714.jpg\"><img loading=\"lazy\" decoding=\"async\" class=\"wp-image-4413 size-large\" src=\"https:\/\/conadi.gob.gt\/web\/wp-content\/uploads\/2016\/02\/20160215_094714-1024x616.jpg\" alt=\"Conferencia\" width=\"1024\" height=\"616\" srcset=\"https:\/\/conadi.gob.gt\/web\/wp-content\/uploads\/2016\/02\/20160215_094714-1024x616.jpg 1024w, https:\/\/conadi.gob.gt\/web\/wp-content\/uploads\/2016\/02\/20160215_094714-300x180.jpg 300w, https:\/\/conadi.gob.gt\/web\/wp-content\/uploads\/2016\/02\/20160215_094714.jpg 2048w\" sizes=\"auto, (max-width: 1024px) 100vw, 1024px\" \/><\/a><figcaption id=\"caption-attachment-4413\" class=\"wp-caption-text\">Conferencia<\/figcaption><\/figure>\n<p>&nbsp;<\/p>\n<p>&nbsp;<\/p>\n<p>&nbsp;<\/p>\n<p>&nbsp;<\/p>\n<p>&nbsp;<\/p>\n<p>&nbsp;<\/p>\n<p>&nbsp;<\/p>\n<p>&nbsp;<\/p>\n<p>&nbsp;<\/p>\n<p>&nbsp;<\/p>\n<p>&nbsp;<\/p>\n<p>&nbsp;<\/p>\n<p>&nbsp;<\/p>\n<p>&nbsp;<\/p>\n","protected":false},"excerpt":{"rendered":"<p>El Consejo Nacional para la Atenci\u00f3n de las Personas con Discapacidad \u2013CONADI- y sus organizaciones entregaremos a los diputados del Congreso de la Rep\u00fablica, a trav\u00e9s de la Comisi\u00f3n sobre Asuntos de Discapacidad del Congreso de la Rep\u00fablica ahora permanente, varias propuestas para el acompa\u00f1amiento del proceso de reformas, seguimiento a normativas de ley y &hellip; <\/p>\n<p class=\"link-more\"><a href=\"https:\/\/conadi.gob.gt\/web\/el-conadi-y-sus-organizaciones-solicitan-al-congreso-de-la-republica-reformas-de-ley-fiscalizaciones-y-seguimientos-a-normativas-para-su-aprobacion\/\" class=\"more-link\">Leer m\u00e1s<span class=\"screen-reader-text\"> \u00abEL CONADI Y SUS ORGANIZACIONES SOLICITAN AL CONGRESO DE LA REP\u00daBLICA REFORMAS DE LEY, FISCALIZACIONES Y SEGUIMIENTOS A NORMATIVAS PARA SU APROBACI\u00d3N\u00bb<\/span><\/a><\/p>\n","protected":false},"author":7,"featured_media":0,"comment_status":"open","ping_status":"closed","sticky":false,"template":"","format":"standard","meta":{"footnotes":""},"categories":[3],"tags":[],"class_list":["post-4417","post","type-post","status-publish","format-standard","hentry","category-noticias"],"_links":{"self":[{"href":"https:\/\/conadi.gob.gt\/web\/wp-json\/wp\/v2\/posts\/4417","targetHints":{"allow":["GET"]}}],"collection":[{"href":"https:\/\/conadi.gob.gt\/web\/wp-json\/wp\/v2\/posts"}],"about":[{"href":"https:\/\/conadi.gob.gt\/web\/wp-json\/wp\/v2\/types\/post"}],"author":[{"embeddable":true,"href":"https:\/\/conadi.gob.gt\/web\/wp-json\/wp\/v2\/users\/7"}],"replies":[{"embeddable":true,"href":"https:\/\/conadi.gob.gt\/web\/wp-json\/wp\/v2\/comments?post=4417"}],"version-history":[{"count":1,"href":"https:\/\/conadi.gob.gt\/web\/wp-json\/wp\/v2\/posts\/4417\/revisions"}],"predecessor-version":[{"id":4418,"href":"https:\/\/conadi.gob.gt\/web\/wp-json\/wp\/v2\/posts\/4417\/revisions\/4418"}],"wp:attachment":[{"href":"https:\/\/conadi.gob.gt\/web\/wp-json\/wp\/v2\/media?parent=4417"}],"wp:term":[{"taxonomy":"category","embeddable":true,"href":"https:\/\/conadi.gob.gt\/web\/wp-json\/wp\/v2\/categories?post=4417"},{"taxonomy":"post_tag","embeddable":true,"href":"https:\/\/conadi.gob.gt\/web\/wp-json\/wp\/v2\/tags?post=4417"}],"curies":[{"name":"wp","href":"https:\/\/api.w.org\/{rel}","templated":true}]}}