{"id":4445,"date":"2016-04-05T13:41:46","date_gmt":"2016-04-05T13:41:46","guid":{"rendered":"http:\/\/conadi.gob.gt\/web\/?p=4445"},"modified":"2016-04-05T13:41:47","modified_gmt":"2016-04-05T13:41:47","slug":"comunicado-de-prensa","status":"publish","type":"post","link":"https:\/\/conadi.gob.gt\/web\/comunicado-de-prensa\/","title":{"rendered":"COMUNICADO DE PRENSA"},"content":{"rendered":"<p>Guatemala, 1 de abril del 2016<\/p>\n<p>EL CONADI EXIGE A LA MUNICIPALIDAD CAPITALINA ATENDER LA SOLICITUD DE INSTALACI\u00d3N DE DISPOSITIVOS DE ACCESIBILIDAD UNIVERSAL Y SEGURIDAD VIAL EN UNA CONFERENCIA DE PRENSA<\/p>\n<p>El Consejo Nacional para la Atenci\u00f3n de las Personas con Discapacidad solicita a la Municipalidad de Guatemala, la implementaci\u00f3n de medidas de seguridad en los pasos peatonales en distintos puntos de la ciudad capital, especialmente en aquellos lugares de mayor tr\u00e1nsito de veh\u00edculos, debido a que la falta de \u00e9stos no solo ponen en peligro la integridad f\u00edsica de las personas con discapacidad, sino tambi\u00e9n han llegado a ocasionar accidentes con lamentables consecuencias.<\/p>\n<p>Con el objetivo de promover la construcci\u00f3n y desarrollo de ciudades m\u00e1s amigables, el CONADI ha realizado propuestas a las distintas municipalidades del pa\u00eds para la implementaci\u00f3n de medidas de accesibilidad universal, alcanz\u00e1ndose varios resultados en las diferentes regiones del pa\u00eds.<\/p>\n<p>En la ciudad capital, se cuenta con pasos peatonales accesibles como la 6TA. Avenida de la zona 1, el encaminamiento de ingreso a la Universidad de San Carlos de Guatemala, la diagonal 6 de la zona 10 y las \u00e1reas donde se han habilitado las rutas del Transmetro, aunque debe indicarse que no son accesibles en un 100%. Asimismo, se ha logrado incidir en autoridades municipales del pa\u00eds, donde tambi\u00e9n se han impulsado algunos esfuerzos.<\/p>\n<p>Sin embargo, debe tenerse claro que las personas con discapacidad viven y se movilizan en todas las \u00e1reas de Guatemala, por lo que las iniciativas en este sentido tienen que hacerse a nivel nacional, para dar cumplimiento a uno de los compromisos que nuestro pa\u00eds asumi\u00f3 en el momento de la ratificaci\u00f3n de la Convenci\u00f3n Sobre los Derechos de las Personas con Discapacidad.<\/p>\n<p>Para garantizar la libre y segura movilidad de las personas con discapacidad, deben instalarse reductores de velocidad, se\u00f1alizaciones de tr\u00e1nsito lo suficientemente visibles, rampas, pasos peatonales libres de obst\u00e1culos, semaforizaci\u00f3n con sonido, entre otros en todas las ciudades del pa\u00eds.<\/p>\n<p>Tras este prop\u00f3sito, a requerimiento de los distintos grupos de personas con discapacidad, el CONADI solicit\u00f3 a la comuna la instalaci\u00f3n de reductores de velocidad, paso de cebra y otras se\u00f1alizaciones sobre la 1\u00aa avenida de la zona 1, desde la 1\u00aa a la 13 calle; en los alrededores del Ministerio de Educaci\u00f3n; en la 11 AVE. Y 32 calle de la zonas 5, lugares donde a diario transitan muchas personas con discapacidad, quienes se exponen a serios peligros por la falta de medidas de seguridad.<\/p>\n<p>A la fecha se han presentado tres solicitudes a la comuna capitalina desde el a\u00f1o 2013, sin embargo las mismas no han sido atendidas. se envi\u00f3 una carta el 22 de marzo del 2013, donde se solicit\u00f3 la ubicaci\u00f3n de medidas de seguridad vial en los alrededores de la sede del CONADI; en las v\u00edas cercanas al Ministerio de Educaci\u00f3n entre 6ta calle 1-87 zona 10 y en la 11 avenida \u00abA\u00bb 32 calle zona 5, donde se encuentran las instalaciones del Centro de Atenci\u00f3n a Discapacitados del Ej\u00e9rcito de Guatemala, CADEG.<\/p>\n<p>El 11 de febrero del presente a\u00f1o se hicieron acercamientos con la Procuradur\u00eda de los Derechos Humanos, con la finalidad de solicitar su acompa\u00f1amiento en las gestiones sobre el derecho de las personas con discapacidad a contar con dispositivos universales y de seguridad vial.<\/p>\n<p>Por lo que nuevamente reiteramos nuestra solicitud a la Municipalidad de Guatemala, a trav\u00e9s de los medios de comunicaci\u00f3n de prensa, los que han sido aliados de las personas con discapacidad para dignificar sus derechos.<\/p>\n<p>CONADI ACCI\u00d3N CONJUNTA PARA UNA PARTICIACI\u00d3N PLENA<\/p>\n<p>&nbsp;<\/p>\n<figure id=\"attachment_4446\" aria-describedby=\"caption-attachment-4446\" style=\"width: 1024px\" class=\"wp-caption aligncenter\"><a href=\"https:\/\/conadi.gob.gt\/web\/wp-content\/uploads\/2016\/04\/IMG_8131.jpg\"><img loading=\"lazy\" decoding=\"async\" class=\"wp-image-4446 size-large\" src=\"https:\/\/conadi.gob.gt\/web\/wp-content\/uploads\/2016\/04\/IMG_8131-1024x683.jpg\" alt=\"Accesibilidad Peatonal \" width=\"1024\" height=\"683\" srcset=\"https:\/\/conadi.gob.gt\/web\/wp-content\/uploads\/2016\/04\/IMG_8131-1024x683.jpg 1024w, https:\/\/conadi.gob.gt\/web\/wp-content\/uploads\/2016\/04\/IMG_8131-300x200.jpg 300w, https:\/\/conadi.gob.gt\/web\/wp-content\/uploads\/2016\/04\/IMG_8131-90x60.jpg 90w, https:\/\/conadi.gob.gt\/web\/wp-content\/uploads\/2016\/04\/IMG_8131-180x120.jpg 180w, https:\/\/conadi.gob.gt\/web\/wp-content\/uploads\/2016\/04\/IMG_8131-95x64.jpg 95w\" sizes=\"auto, (max-width: 1024px) 100vw, 1024px\" \/><\/a><figcaption id=\"caption-attachment-4446\" class=\"wp-caption-text\">Accesibilidad Peatonal<\/figcaption><\/figure>\n<p>&nbsp;<\/p>\n<p>&nbsp;<\/p>\n<figure id=\"attachment_4447\" aria-describedby=\"caption-attachment-4447\" style=\"width: 300px\" class=\"wp-caption alignleft\"><a href=\"https:\/\/conadi.gob.gt\/web\/wp-content\/uploads\/2016\/04\/IMG_8111.jpg\"><img loading=\"lazy\" decoding=\"async\" class=\"wp-image-4447 size-medium\" src=\"https:\/\/conadi.gob.gt\/web\/wp-content\/uploads\/2016\/04\/IMG_8111-300x200.jpg\" alt=\"Conferencia \" width=\"300\" height=\"200\" srcset=\"https:\/\/conadi.gob.gt\/web\/wp-content\/uploads\/2016\/04\/IMG_8111-300x200.jpg 300w, https:\/\/conadi.gob.gt\/web\/wp-content\/uploads\/2016\/04\/IMG_8111-1024x683.jpg 1024w, https:\/\/conadi.gob.gt\/web\/wp-content\/uploads\/2016\/04\/IMG_8111-90x60.jpg 90w, https:\/\/conadi.gob.gt\/web\/wp-content\/uploads\/2016\/04\/IMG_8111-180x120.jpg 180w, https:\/\/conadi.gob.gt\/web\/wp-content\/uploads\/2016\/04\/IMG_8111-95x64.jpg 95w\" sizes=\"auto, (max-width: 300px) 100vw, 300px\" \/><\/a><figcaption id=\"caption-attachment-4447\" class=\"wp-caption-text\">Conferencia<\/figcaption><\/figure>\n<p>&nbsp;<\/p>\n<p>&nbsp;<\/p>\n<p>&nbsp;<\/p>\n<p>&nbsp;<\/p>\n<p>&nbsp;<\/p>\n<p>&nbsp;<\/p>\n<p>&nbsp;<\/p>\n<figure id=\"attachment_4448\" aria-describedby=\"caption-attachment-4448\" style=\"width: 300px\" class=\"wp-caption aligncenter\"><a href=\"https:\/\/conadi.gob.gt\/web\/wp-content\/uploads\/2016\/04\/IMG_8117.jpg\"><img loading=\"lazy\" decoding=\"async\" class=\"size-medium wp-image-4448\" src=\"https:\/\/conadi.gob.gt\/web\/wp-content\/uploads\/2016\/04\/IMG_8117-300x200.jpg\" alt=\"Prensa \" width=\"300\" height=\"200\" srcset=\"https:\/\/conadi.gob.gt\/web\/wp-content\/uploads\/2016\/04\/IMG_8117-300x200.jpg 300w, https:\/\/conadi.gob.gt\/web\/wp-content\/uploads\/2016\/04\/IMG_8117-1024x683.jpg 1024w, https:\/\/conadi.gob.gt\/web\/wp-content\/uploads\/2016\/04\/IMG_8117-90x60.jpg 90w, https:\/\/conadi.gob.gt\/web\/wp-content\/uploads\/2016\/04\/IMG_8117-180x120.jpg 180w, https:\/\/conadi.gob.gt\/web\/wp-content\/uploads\/2016\/04\/IMG_8117-95x64.jpg 95w\" sizes=\"auto, (max-width: 300px) 100vw, 300px\" \/><\/a><figcaption id=\"caption-attachment-4448\" class=\"wp-caption-text\">Prensa<\/figcaption><\/figure>\n<p>&nbsp;<\/p>\n<p>&nbsp;<\/p>\n<figure id=\"attachment_4449\" aria-describedby=\"caption-attachment-4449\" style=\"width: 300px\" class=\"wp-caption alignright\"><a href=\"https:\/\/conadi.gob.gt\/web\/wp-content\/uploads\/2016\/04\/IMG_8129.jpg\"><img loading=\"lazy\" decoding=\"async\" class=\"size-medium wp-image-4449\" src=\"https:\/\/conadi.gob.gt\/web\/wp-content\/uploads\/2016\/04\/IMG_8129-300x200.jpg\" alt=\"Persona con Silla de Ruedas \" width=\"300\" height=\"200\" srcset=\"https:\/\/conadi.gob.gt\/web\/wp-content\/uploads\/2016\/04\/IMG_8129-300x200.jpg 300w, https:\/\/conadi.gob.gt\/web\/wp-content\/uploads\/2016\/04\/IMG_8129-1024x683.jpg 1024w, https:\/\/conadi.gob.gt\/web\/wp-content\/uploads\/2016\/04\/IMG_8129-90x60.jpg 90w, https:\/\/conadi.gob.gt\/web\/wp-content\/uploads\/2016\/04\/IMG_8129-180x120.jpg 180w, https:\/\/conadi.gob.gt\/web\/wp-content\/uploads\/2016\/04\/IMG_8129-95x64.jpg 95w\" sizes=\"auto, (max-width: 300px) 100vw, 300px\" \/><\/a><figcaption id=\"caption-attachment-4449\" class=\"wp-caption-text\">Persona con Silla de Ruedas<\/figcaption><\/figure>\n<p>&nbsp;<\/p>\n<p>&nbsp;<\/p>\n<p>&nbsp;<\/p>\n<p>&nbsp;<\/p>\n<p>&nbsp;<\/p>\n<p>&nbsp;<\/p>\n<p>&nbsp;<\/p>\n<p>&nbsp;<\/p>\n<p>&nbsp;<\/p>\n<p>&nbsp;<\/p>\n<p>&nbsp;<\/p>\n<p>&nbsp;<\/p>\n<p>&nbsp;<\/p>\n<p>&nbsp;<\/p>\n<p>&nbsp;<\/p>\n<p>&nbsp;<\/p>\n<p>&nbsp;<\/p>\n<p>&nbsp;<\/p>\n<p>&nbsp;<\/p>\n<p>&nbsp;<\/p>\n<p>&nbsp;<\/p>\n<p>&nbsp;<\/p>\n<p>&nbsp;<\/p>\n<p>&nbsp;<\/p>\n","protected":false},"excerpt":{"rendered":"<p>Guatemala, 1 de abril del 2016 EL CONADI EXIGE A LA MUNICIPALIDAD CAPITALINA ATENDER LA SOLICITUD DE INSTALACI\u00d3N DE DISPOSITIVOS DE ACCESIBILIDAD UNIVERSAL Y SEGURIDAD VIAL EN UNA CONFERENCIA DE PRENSA El Consejo Nacional para la Atenci\u00f3n de las Personas con Discapacidad solicita a la Municipalidad de Guatemala, la implementaci\u00f3n de medidas de seguridad en &hellip; <\/p>\n<p class=\"link-more\"><a href=\"https:\/\/conadi.gob.gt\/web\/comunicado-de-prensa\/\" class=\"more-link\">Leer m\u00e1s<span class=\"screen-reader-text\"> \u00abCOMUNICADO DE PRENSA\u00bb<\/span><\/a><\/p>\n","protected":false},"author":7,"featured_media":0,"comment_status":"open","ping_status":"closed","sticky":false,"template":"","format":"standard","meta":{"footnotes":""},"categories":[3],"tags":[],"class_list":["post-4445","post","type-post","status-publish","format-standard","hentry","category-noticias"],"_links":{"self":[{"href":"https:\/\/conadi.gob.gt\/web\/wp-json\/wp\/v2\/posts\/4445","targetHints":{"allow":["GET"]}}],"collection":[{"href":"https:\/\/conadi.gob.gt\/web\/wp-json\/wp\/v2\/posts"}],"about":[{"href":"https:\/\/conadi.gob.gt\/web\/wp-json\/wp\/v2\/types\/post"}],"author":[{"embeddable":true,"href":"https:\/\/conadi.gob.gt\/web\/wp-json\/wp\/v2\/users\/7"}],"replies":[{"embeddable":true,"href":"https:\/\/conadi.gob.gt\/web\/wp-json\/wp\/v2\/comments?post=4445"}],"version-history":[{"count":1,"href":"https:\/\/conadi.gob.gt\/web\/wp-json\/wp\/v2\/posts\/4445\/revisions"}],"predecessor-version":[{"id":4450,"href":"https:\/\/conadi.gob.gt\/web\/wp-json\/wp\/v2\/posts\/4445\/revisions\/4450"}],"wp:attachment":[{"href":"https:\/\/conadi.gob.gt\/web\/wp-json\/wp\/v2\/media?parent=4445"}],"wp:term":[{"taxonomy":"category","embeddable":true,"href":"https:\/\/conadi.gob.gt\/web\/wp-json\/wp\/v2\/categories?post=4445"},{"taxonomy":"post_tag","embeddable":true,"href":"https:\/\/conadi.gob.gt\/web\/wp-json\/wp\/v2\/tags?post=4445"}],"curies":[{"name":"wp","href":"https:\/\/api.w.org\/{rel}","templated":true}]}}