{"id":4465,"date":"2016-05-04T15:34:49","date_gmt":"2016-05-04T15:34:49","guid":{"rendered":"http:\/\/conadi.gob.gt\/web\/?p=4465"},"modified":"2016-05-04T15:34:49","modified_gmt":"2016-05-04T15:34:49","slug":"inauguran-vi-reunion-del-comite-para-la-eliminacion-de-todas-las-formas-de-discriminacion-contra-las-personas-con-discapacidad-ceddis","status":"publish","type":"post","link":"https:\/\/conadi.gob.gt\/web\/inauguran-vi-reunion-del-comite-para-la-eliminacion-de-todas-las-formas-de-discriminacion-contra-las-personas-con-discapacidad-ceddis\/","title":{"rendered":"INAUGURAN VI REUNI\u00d3N DEL COMIT\u00c9 PARA LA ELIMINACI\u00d3N DE TODAS LAS FORMAS DE DISCRIMINACI\u00d3N CONTRA LAS PERSONAS CON DISCAPACIDAD -CEDDIS-"},"content":{"rendered":"<dl id=\"attachment_4467\" class=\"wp-caption alignright\">\n<dt class=\"wp-caption-dt\"><\/dt>\n<dd class=\"wp-caption-dd\">CEDDIS<\/dd>\n<\/dl>\n<p>El sal\u00f3n Banderas, del Palacio Nacional de la Cultura, se luci\u00f3 esta ma\u00f1ana al presentar al p\u00fablico la Inauguraci\u00f3n de la Sexta Reuni\u00f3n del CEDDIS, evento en el cual estuvieron presentes personalidades de la vida pol\u00edtica y social del pa\u00eds e invitados internacionales, entre ellos la Doctora Betilde Mu\u00f1oz, directora del Departamento de Inclusi\u00f3n Social de la OEA, directivos del Conadi y la viceministra del Ministerio de Relaciom8nes Exteriores, la Embajadora Alicia Virginia Castillo Sosa, quien inaugur\u00f3 el evento.<\/p>\n<p>Del tres al seis de mayo del dos mil seis se lleva a cabo en nuestro pa\u00eds esta Sexta Reuni\u00f3n de los representantes de los distintos pa\u00edses que conforman esta Convenci\u00f3n Interamericana para la Eliminaci\u00f3n de todas las Formas de Discriminaci\u00f3n Contra las Personas con Discapacidad, en total son veinti\u00fan pa\u00edses de la regi\u00f3n Latinoamericana, los que intervienen en este evento.<\/p>\n<p>Durante la reuni\u00f3n se conocer\u00e1n ocho informes de pa\u00eds, adem\u00e1s de realizarse un di\u00e1logo con las organizaciones de la sociedad civil que forman parte del CONADI, asimismo, se proceder\u00e1 a la elecci\u00f3n del Comit\u00e9 Ejecutivo que dirigir\u00e1 la gesti\u00f3n pol\u00edtica y administrativa de la CEDIS para los pr\u00f3ximos dos a\u00f1os, del que Guatemala ocupa actualmente la segunda Vicepresidencia a cargo de la Licenciada Nohem\u00ed Leal de Stwolisnky, quien estuvo presente en la inauguraci\u00f3n.<\/p>\n<p>&nbsp;<\/p>\n<figure id=\"attachment_4467\" aria-describedby=\"caption-attachment-4467\" style=\"width: 1024px\" class=\"wp-caption alignleft\"><a href=\"https:\/\/conadi.gob.gt\/web\/wp-content\/uploads\/2016\/05\/page1.jpg\"><img loading=\"lazy\" decoding=\"async\" class=\"wp-image-4467 size-large\" src=\"https:\/\/conadi.gob.gt\/web\/wp-content\/uploads\/2016\/05\/page1-1024x1024.jpg\" alt=\"CEDDIS\" width=\"1024\" height=\"1024\" srcset=\"https:\/\/conadi.gob.gt\/web\/wp-content\/uploads\/2016\/05\/page1-1024x1024.jpg 1024w, https:\/\/conadi.gob.gt\/web\/wp-content\/uploads\/2016\/05\/page1-150x150.jpg 150w, https:\/\/conadi.gob.gt\/web\/wp-content\/uploads\/2016\/05\/page1-300x300.jpg 300w, https:\/\/conadi.gob.gt\/web\/wp-content\/uploads\/2016\/05\/page1.jpg 1204w\" sizes=\"auto, (max-width: 1024px) 100vw, 1024px\" \/><\/a><figcaption id=\"caption-attachment-4467\" class=\"wp-caption-text\">CEDDIS<\/figcaption><\/figure>\n<p>&nbsp;<\/p>\n<p>&nbsp;<\/p>\n<p>&nbsp;<\/p>\n<p>&nbsp;<\/p>\n<p>&nbsp;<\/p>\n<p>&nbsp;<\/p>\n<p>&nbsp;<\/p>\n<p>&nbsp;<\/p>\n","protected":false},"excerpt":{"rendered":"<p>CEDDIS El sal\u00f3n Banderas, del Palacio Nacional de la Cultura, se luci\u00f3 esta ma\u00f1ana al presentar al p\u00fablico la Inauguraci\u00f3n de la Sexta Reuni\u00f3n del CEDDIS, evento en el cual estuvieron presentes personalidades de la vida pol\u00edtica y social del pa\u00eds e invitados internacionales, entre ellos la Doctora Betilde Mu\u00f1oz, directora del Departamento de Inclusi\u00f3n &hellip; <\/p>\n<p class=\"link-more\"><a href=\"https:\/\/conadi.gob.gt\/web\/inauguran-vi-reunion-del-comite-para-la-eliminacion-de-todas-las-formas-de-discriminacion-contra-las-personas-con-discapacidad-ceddis\/\" class=\"more-link\">Leer m\u00e1s<span class=\"screen-reader-text\"> \u00abINAUGURAN VI REUNI\u00d3N DEL COMIT\u00c9 PARA LA ELIMINACI\u00d3N DE TODAS LAS FORMAS DE DISCRIMINACI\u00d3N CONTRA LAS PERSONAS CON DISCAPACIDAD -CEDDIS-\u00bb<\/span><\/a><\/p>\n","protected":false},"author":7,"featured_media":0,"comment_status":"open","ping_status":"closed","sticky":false,"template":"","format":"standard","meta":{"footnotes":""},"categories":[3],"tags":[],"class_list":["post-4465","post","type-post","status-publish","format-standard","hentry","category-noticias"],"_links":{"self":[{"href":"https:\/\/conadi.gob.gt\/web\/wp-json\/wp\/v2\/posts\/4465","targetHints":{"allow":["GET"]}}],"collection":[{"href":"https:\/\/conadi.gob.gt\/web\/wp-json\/wp\/v2\/posts"}],"about":[{"href":"https:\/\/conadi.gob.gt\/web\/wp-json\/wp\/v2\/types\/post"}],"author":[{"embeddable":true,"href":"https:\/\/conadi.gob.gt\/web\/wp-json\/wp\/v2\/users\/7"}],"replies":[{"embeddable":true,"href":"https:\/\/conadi.gob.gt\/web\/wp-json\/wp\/v2\/comments?post=4465"}],"version-history":[{"count":1,"href":"https:\/\/conadi.gob.gt\/web\/wp-json\/wp\/v2\/posts\/4465\/revisions"}],"predecessor-version":[{"id":4468,"href":"https:\/\/conadi.gob.gt\/web\/wp-json\/wp\/v2\/posts\/4465\/revisions\/4468"}],"wp:attachment":[{"href":"https:\/\/conadi.gob.gt\/web\/wp-json\/wp\/v2\/media?parent=4465"}],"wp:term":[{"taxonomy":"category","embeddable":true,"href":"https:\/\/conadi.gob.gt\/web\/wp-json\/wp\/v2\/categories?post=4465"},{"taxonomy":"post_tag","embeddable":true,"href":"https:\/\/conadi.gob.gt\/web\/wp-json\/wp\/v2\/tags?post=4465"}],"curies":[{"name":"wp","href":"https:\/\/api.w.org\/{rel}","templated":true}]}}