{"id":4472,"date":"2016-05-20T22:42:49","date_gmt":"2016-05-20T22:42:49","guid":{"rendered":"http:\/\/conadi.gob.gt\/web\/?p=4472"},"modified":"2016-05-20T22:42:49","modified_gmt":"2016-05-20T22:42:49","slug":"proceso-de-consulta-para-atender-el-primer-examen-de-pais","status":"publish","type":"post","link":"https:\/\/conadi.gob.gt\/web\/proceso-de-consulta-para-atender-el-primer-examen-de-pais\/","title":{"rendered":"PROCESO DE CONSULTA PARA ATENDER EL PRIMER EXAMEN DE PA\u00cdS"},"content":{"rendered":"<p style=\"text-align: left;\"><span style=\"font-size: medium;\">El Consejo Nacional para la Atenci\u00f3n de las Personas con Discapacidad <\/span><span style=\"font-family: Calibri; font-size: medium;\">\u2013CONADI-, con el apoyo de la Comisi<\/span><span style=\"font-size: medium;\">\u00f3n Presidencial en Derechos Humanos y la Comisi\u00f3n Sobre Asuntos de Discapacidad del Congreso de la Rep\u00fablica, inici\u00f3 el lunes 16 de mayo en Casa Larraz\u00e1bal del Palacio del Organismo Legislativo, el proceso de consulta para atender el primer examen de pa\u00eds, en cuanto al cumplimiento de la Convenci\u00f3n de las Naciones Unidas Sobre los Derechos de las Personas con Discapacidad.<\/span><\/p>\n<p>En el primer espacio de consulta participaron dieciocho instituciones del sector p\u00fablico, las que deben nombrar un enlace de alto nivel para dar respuesta a treinta y tres preguntas que inicialmente ha realizado el Comit\u00e9 de Expertos de las Naciones Unidas en esta materia.<\/p>\n<p>El primer examen se llevar\u00e1 a cabo en Ginebra Suiza los d\u00edas veintid\u00f3s y veintitr\u00e9s de agosto pr\u00f3ximo, oportunidad en la que Guatemala deber\u00e1 participar con una delegaci\u00f3n representativa interministerial.<\/p>\n<p>Por<br \/>\nLic. N\u00e9stor Mazariegos<\/p>\n<figure id=\"attachment_4473\" aria-describedby=\"caption-attachment-4473\" style=\"width: 561px\" class=\"wp-caption alignleft\"><a href=\"https:\/\/conadi.gob.gt\/web\/wp-content\/uploads\/2016\/05\/collage.jpg\"><img loading=\"lazy\" decoding=\"async\" class=\"wp-image-4473 size-full\" src=\"https:\/\/conadi.gob.gt\/web\/wp-content\/uploads\/2016\/05\/collage.jpg\" alt=\"Primer examen de pa\u00eds\" width=\"561\" height=\"395\" srcset=\"https:\/\/conadi.gob.gt\/web\/wp-content\/uploads\/2016\/05\/collage.jpg 561w, https:\/\/conadi.gob.gt\/web\/wp-content\/uploads\/2016\/05\/collage-300x211.jpg 300w\" sizes=\"auto, (max-width: 561px) 100vw, 561px\" \/><\/a><figcaption id=\"caption-attachment-4473\" class=\"wp-caption-text\">Primer examen de pa\u00eds<\/figcaption><\/figure>\n<p>&nbsp;<\/p>\n<p>&nbsp;<\/p>\n<p>&nbsp;<\/p>\n<p>&nbsp;<\/p>\n<p>&nbsp;<\/p>\n<p>&nbsp;<\/p>\n<p>&nbsp;<\/p>\n<p>&nbsp;<\/p>\n<p>&nbsp;<\/p>\n<p>&nbsp;<\/p>\n<p>&nbsp;<\/p>\n<p>&nbsp;<\/p>\n<p>&nbsp;<\/p>\n<p>&nbsp;<\/p>\n<p>&nbsp;<\/p>\n<p>&nbsp;<\/p>\n<p>&nbsp;<\/p>\n<p>&nbsp;<\/p>\n<p>&nbsp;<\/p>\n<p>&nbsp;<\/p>\n<p>&nbsp;<\/p>\n<p>&nbsp;<\/p>\n","protected":false},"excerpt":{"rendered":"<p>El Consejo Nacional para la Atenci\u00f3n de las Personas con Discapacidad \u2013CONADI-, con el apoyo de la Comisi\u00f3n Presidencial en Derechos Humanos y la Comisi\u00f3n Sobre Asuntos de Discapacidad del Congreso de la Rep\u00fablica, inici\u00f3 el lunes 16 de mayo en Casa Larraz\u00e1bal del Palacio del Organismo Legislativo, el proceso de consulta para atender el &hellip; <\/p>\n<p class=\"link-more\"><a href=\"https:\/\/conadi.gob.gt\/web\/proceso-de-consulta-para-atender-el-primer-examen-de-pais\/\" class=\"more-link\">Leer m\u00e1s<span class=\"screen-reader-text\"> \u00abPROCESO DE CONSULTA PARA ATENDER EL PRIMER EXAMEN DE PA\u00cdS\u00bb<\/span><\/a><\/p>\n","protected":false},"author":7,"featured_media":0,"comment_status":"open","ping_status":"closed","sticky":false,"template":"","format":"standard","meta":{"footnotes":""},"categories":[3],"tags":[],"class_list":["post-4472","post","type-post","status-publish","format-standard","hentry","category-noticias"],"_links":{"self":[{"href":"https:\/\/conadi.gob.gt\/web\/wp-json\/wp\/v2\/posts\/4472","targetHints":{"allow":["GET"]}}],"collection":[{"href":"https:\/\/conadi.gob.gt\/web\/wp-json\/wp\/v2\/posts"}],"about":[{"href":"https:\/\/conadi.gob.gt\/web\/wp-json\/wp\/v2\/types\/post"}],"author":[{"embeddable":true,"href":"https:\/\/conadi.gob.gt\/web\/wp-json\/wp\/v2\/users\/7"}],"replies":[{"embeddable":true,"href":"https:\/\/conadi.gob.gt\/web\/wp-json\/wp\/v2\/comments?post=4472"}],"version-history":[{"count":1,"href":"https:\/\/conadi.gob.gt\/web\/wp-json\/wp\/v2\/posts\/4472\/revisions"}],"predecessor-version":[{"id":4474,"href":"https:\/\/conadi.gob.gt\/web\/wp-json\/wp\/v2\/posts\/4472\/revisions\/4474"}],"wp:attachment":[{"href":"https:\/\/conadi.gob.gt\/web\/wp-json\/wp\/v2\/media?parent=4472"}],"wp:term":[{"taxonomy":"category","embeddable":true,"href":"https:\/\/conadi.gob.gt\/web\/wp-json\/wp\/v2\/categories?post=4472"},{"taxonomy":"post_tag","embeddable":true,"href":"https:\/\/conadi.gob.gt\/web\/wp-json\/wp\/v2\/tags?post=4472"}],"curies":[{"name":"wp","href":"https:\/\/api.w.org\/{rel}","templated":true}]}}