{"id":4480,"date":"2016-05-28T04:11:06","date_gmt":"2016-05-28T04:11:06","guid":{"rendered":"http:\/\/conadi.gob.gt\/web\/?p=4480"},"modified":"2016-05-28T04:11:40","modified_gmt":"2016-05-28T04:11:40","slug":"convenio-entre-el-conadi-y-seprem","status":"publish","type":"post","link":"https:\/\/conadi.gob.gt\/web\/convenio-entre-el-conadi-y-seprem\/","title":{"rendered":"Convenio entre El CONADI y SEPREM"},"content":{"rendered":"<p>El Consejo Nacional para la Atenci\u00f3n de las Personas con Discapacidad -CONADI- y la Secretar\u00eda Presidencial de la Mujer -SEPREM-, firmaron el martes 24 de mayo del 2016, un convenio interinstitucional para articular acciones en el marco de la Pol\u00edtica Nacional de Promoci\u00f3n y Desarrollo Integral de las Mujeres y Plan equidad de Oportunidades y de la Convenci\u00f3n sobre los Derechos de las Personas con Discapacidad.<br \/>\nEsta suscripci\u00f3n pretende el desarrollo integral y humano de las personas con discapacidad, espec\u00edficamente, ni\u00f1as, adolescentes y mujeres con discapacidad de los cuatro pueblos: maya, gar\u00edfuna, xinca y mestiza.<\/p>\n<figure id=\"attachment_4481\" aria-describedby=\"caption-attachment-4481\" style=\"width: 1024px\" class=\"wp-caption alignleft\"><a href=\"https:\/\/conadi.gob.gt\/web\/wp-content\/uploads\/2016\/05\/IMG_8557.jpg\"><img loading=\"lazy\" decoding=\"async\" class=\"wp-image-4481 size-large\" src=\"https:\/\/conadi.gob.gt\/web\/wp-content\/uploads\/2016\/05\/IMG_8557-1024x683.jpg\" alt=\"Convenio\" width=\"1024\" height=\"683\" srcset=\"https:\/\/conadi.gob.gt\/web\/wp-content\/uploads\/2016\/05\/IMG_8557-1024x683.jpg 1024w, https:\/\/conadi.gob.gt\/web\/wp-content\/uploads\/2016\/05\/IMG_8557-300x200.jpg 300w, https:\/\/conadi.gob.gt\/web\/wp-content\/uploads\/2016\/05\/IMG_8557-90x60.jpg 90w, https:\/\/conadi.gob.gt\/web\/wp-content\/uploads\/2016\/05\/IMG_8557-180x120.jpg 180w, https:\/\/conadi.gob.gt\/web\/wp-content\/uploads\/2016\/05\/IMG_8557-95x64.jpg 95w\" sizes=\"auto, (max-width: 1024px) 100vw, 1024px\" \/><\/a><figcaption id=\"caption-attachment-4481\" class=\"wp-caption-text\">Convenio<\/figcaption><\/figure>\n<p>&nbsp;<\/p>\n<p>&nbsp;<\/p>\n<p>&nbsp;<\/p>\n<p>&nbsp;<\/p>\n<p>&nbsp;<\/p>\n<p>&nbsp;<\/p>\n<p>&nbsp;<\/p>\n<p>&nbsp;<\/p>\n<p>&nbsp;<\/p>\n<p>&nbsp;<\/p>\n<p>&nbsp;<\/p>\n<p>&nbsp;<\/p>\n<p>&nbsp;<\/p>\n<p>&nbsp;<\/p>\n<p>&nbsp;<\/p>\n<p>&nbsp;<\/p>\n<p>&nbsp;<\/p>\n<p>&nbsp;<\/p>\n<p>&nbsp;<\/p>\n<p>&nbsp;<\/p>\n<p>&nbsp;<\/p>\n<figure id=\"attachment_4482\" aria-describedby=\"caption-attachment-4482\" style=\"width: 800px\" class=\"wp-caption aligncenter\"><a href=\"https:\/\/conadi.gob.gt\/web\/wp-content\/uploads\/2016\/05\/page2.jpg\"><img loading=\"lazy\" decoding=\"async\" class=\"wp-image-4482 size-full\" src=\"https:\/\/conadi.gob.gt\/web\/wp-content\/uploads\/2016\/05\/page2.jpg\" alt=\"CONADI-SEPREM\" width=\"800\" height=\"800\" srcset=\"https:\/\/conadi.gob.gt\/web\/wp-content\/uploads\/2016\/05\/page2.jpg 800w, https:\/\/conadi.gob.gt\/web\/wp-content\/uploads\/2016\/05\/page2-150x150.jpg 150w, https:\/\/conadi.gob.gt\/web\/wp-content\/uploads\/2016\/05\/page2-300x300.jpg 300w\" sizes=\"auto, (max-width: 800px) 100vw, 800px\" \/><\/a><figcaption id=\"caption-attachment-4482\" class=\"wp-caption-text\">CONADI-SEPREM<\/figcaption><\/figure>\n<p>&nbsp;<\/p>\n<p>&nbsp;<\/p>\n<p>&nbsp;<\/p>\n<p>&nbsp;<\/p>\n<p>&nbsp;<\/p>\n<p>&nbsp;<\/p>\n<p>&nbsp;<\/p>\n<p>&nbsp;<\/p>\n<p>&nbsp;<\/p>\n<p>&nbsp;<\/p>\n<p>&nbsp;<\/p>\n<p>&nbsp;<\/p>\n<p>&nbsp;<\/p>\n<p>&nbsp;<\/p>\n<p>&nbsp;<\/p>\n<p>&nbsp;<\/p>\n<p>&nbsp;<\/p>\n<p>&nbsp;<\/p>\n<p>&nbsp;<\/p>\n<p>&nbsp;<\/p>\n<p>&nbsp;<\/p>\n<p>&nbsp;<\/p>\n<p>&nbsp;<\/p>\n<p>&nbsp;<\/p>\n<p>&nbsp;<\/p>\n<p>&nbsp;<\/p>\n<p>&nbsp;<\/p>\n<p>&nbsp;<\/p>\n<p>&nbsp;<\/p>\n<p>&nbsp;<\/p>\n<p>&nbsp;<\/p>\n<p>&nbsp;<\/p>\n<p>&nbsp;<\/p>\n<p>&nbsp;<\/p>\n<p>&nbsp;<\/p>\n<p>&nbsp;<\/p>\n<p>&nbsp;<\/p>\n<p>&nbsp;<\/p>\n<p>&nbsp;<\/p>\n<p>&nbsp;<\/p>\n<p>&nbsp;<\/p>\n","protected":false},"excerpt":{"rendered":"<p>El Consejo Nacional para la Atenci\u00f3n de las Personas con Discapacidad -CONADI- y la Secretar\u00eda Presidencial de la Mujer -SEPREM-, firmaron el martes 24 de mayo del 2016, un convenio interinstitucional para articular acciones en el marco de la Pol\u00edtica Nacional de Promoci\u00f3n y Desarrollo Integral de las Mujeres y Plan equidad de Oportunidades y &hellip; <\/p>\n<p class=\"link-more\"><a href=\"https:\/\/conadi.gob.gt\/web\/convenio-entre-el-conadi-y-seprem\/\" class=\"more-link\">Leer m\u00e1s<span class=\"screen-reader-text\"> \u00abConvenio entre El CONADI y SEPREM\u00bb<\/span><\/a><\/p>\n","protected":false},"author":7,"featured_media":0,"comment_status":"open","ping_status":"closed","sticky":false,"template":"","format":"standard","meta":{"footnotes":""},"categories":[3],"tags":[],"class_list":["post-4480","post","type-post","status-publish","format-standard","hentry","category-noticias"],"_links":{"self":[{"href":"https:\/\/conadi.gob.gt\/web\/wp-json\/wp\/v2\/posts\/4480","targetHints":{"allow":["GET"]}}],"collection":[{"href":"https:\/\/conadi.gob.gt\/web\/wp-json\/wp\/v2\/posts"}],"about":[{"href":"https:\/\/conadi.gob.gt\/web\/wp-json\/wp\/v2\/types\/post"}],"author":[{"embeddable":true,"href":"https:\/\/conadi.gob.gt\/web\/wp-json\/wp\/v2\/users\/7"}],"replies":[{"embeddable":true,"href":"https:\/\/conadi.gob.gt\/web\/wp-json\/wp\/v2\/comments?post=4480"}],"version-history":[{"count":2,"href":"https:\/\/conadi.gob.gt\/web\/wp-json\/wp\/v2\/posts\/4480\/revisions"}],"predecessor-version":[{"id":4484,"href":"https:\/\/conadi.gob.gt\/web\/wp-json\/wp\/v2\/posts\/4480\/revisions\/4484"}],"wp:attachment":[{"href":"https:\/\/conadi.gob.gt\/web\/wp-json\/wp\/v2\/media?parent=4480"}],"wp:term":[{"taxonomy":"category","embeddable":true,"href":"https:\/\/conadi.gob.gt\/web\/wp-json\/wp\/v2\/categories?post=4480"},{"taxonomy":"post_tag","embeddable":true,"href":"https:\/\/conadi.gob.gt\/web\/wp-json\/wp\/v2\/tags?post=4480"}],"curies":[{"name":"wp","href":"https:\/\/api.w.org\/{rel}","templated":true}]}}