{"id":4486,"date":"2016-06-02T22:12:54","date_gmt":"2016-06-02T22:12:54","guid":{"rendered":"http:\/\/conadi.gob.gt\/web\/?p=4486"},"modified":"2016-06-03T15:07:02","modified_gmt":"2016-06-03T15:07:02","slug":"encuentro-nacional-de-personas-con-discapacidad-2016","status":"publish","type":"post","link":"https:\/\/conadi.gob.gt\/web\/encuentro-nacional-de-personas-con-discapacidad-2016\/","title":{"rendered":"ENCUENTRO NACIONAL DE PERSONAS CON DISCAPACIDAD 2016"},"content":{"rendered":"<p>Alrededor de 200 personas que integran organizaciones, comisiones departamentales de discapacidad -CODEDIS- y comisiones municipales de discapacidad -COMUDIS- , y representantes de la sociedad civil, participaron en el Encuentro Nacional de Personas con Discapacidad 2016, en el marco del XIX aniversario del Consejo Nacional para la Atenci\u00f3n de las Personas con Discapacidad \u2013CONADI- llevado a cabo el martes 31 de mayo.<\/p>\n<p>Durante la reuni\u00f3n se dieron a conocer los tres principales retos del CONADI para el presente a\u00f1o, siendo estos: llevar a cabo con el apoyo de CBM, UNICEF y el Instituto Nacional de Estad\u00edstica la segunda encuesta Nacional de Discapacidad; en coordinaci\u00f3n con organizaciones de la sociedad civil, el CONADI promueve una propuesta de ley en armon\u00eda con la Convenci\u00f3n de las Naciones Unidas Sobre los Derechos de las Personas con Discapacidad y; realiza las coordinaciones para que el Estado guatemalteco resuelva y atienda el listado de cuestiones del primer examen de pa\u00eds sobre el cumplimiento de esta Convenci\u00f3n de la ONU.<\/p>\n<p>En la actividad participaron el presidente de la comisi\u00f3n sobre asuntos de Discapacidad del Organismo Legislativo Christian Boussinot, la licenciada Lesly Hernandez delegada de la Procuradur\u00eda de los Derechos Humanos, la Comisi\u00f3n Presidencial de Derechos Humanos \u2013COPREDEH- estuvo representada por Ana Fonseca y Galvany Volta, quienes expusieron sobre el examen de pa\u00eds al que se someter\u00e1 el Estado durante agosto en Ginebra, Suiza. Asimismo la licenciada Nohemi Leal de Stwolinsky vicepresidenta del Comit\u00e9 para la Eliminaci\u00f3n de Todas las Formas de Discriminaci\u00f3n contra las Personas con discapacidad \u2013CEDDIS- hizo referencia de los retos y luchas del CONADI durante sus 19 a\u00f1os de existencia.<\/p>\n<p>Posteriormente los asistentes participaron en un espacio de preguntas y respuestas y expresaron su opini\u00f3n sobre los temas abordados. El encuentro finaliz\u00f3 con un almuerzo para nuestros invitados de honor, personas con discapacidad, acompa\u00f1ados de las composiciones nacionales interpretadas por la Marimba del Ministerio de Salud P\u00fablica.<\/p>\n<p>&nbsp;<\/p>\n<figure id=\"attachment_4493\" aria-describedby=\"caption-attachment-4493\" style=\"width: 1024px\" class=\"wp-caption aligncenter\"><a href=\"https:\/\/conadi.gob.gt\/web\/wp-content\/uploads\/2016\/06\/collage04.jpg\"><img loading=\"lazy\" decoding=\"async\" class=\"wp-image-4493 size-large\" src=\"https:\/\/conadi.gob.gt\/web\/wp-content\/uploads\/2016\/06\/collage04-1024x804.jpg\" alt=\"19 Aniversario\" width=\"1024\" height=\"804\" srcset=\"https:\/\/conadi.gob.gt\/web\/wp-content\/uploads\/2016\/06\/collage04-1024x804.jpg 1024w, https:\/\/conadi.gob.gt\/web\/wp-content\/uploads\/2016\/06\/collage04-300x236.jpg 300w, https:\/\/conadi.gob.gt\/web\/wp-content\/uploads\/2016\/06\/collage04-45x35.jpg 45w, https:\/\/conadi.gob.gt\/web\/wp-content\/uploads\/2016\/06\/collage04.jpg 1382w\" sizes=\"auto, (max-width: 1024px) 100vw, 1024px\" \/><\/a><figcaption id=\"caption-attachment-4493\" class=\"wp-caption-text\">19 Aniversario<\/figcaption><\/figure>\n<p>&nbsp;<\/p>\n<p>Por N\u00e9stor Mazariegos<\/p>\n","protected":false},"excerpt":{"rendered":"<p>Alrededor de 200 personas que integran organizaciones, comisiones departamentales de discapacidad -CODEDIS- y comisiones municipales de discapacidad -COMUDIS- , y representantes de la sociedad civil, participaron en el Encuentro Nacional de Personas con Discapacidad 2016, en el marco del XIX aniversario del Consejo Nacional para la Atenci\u00f3n de las Personas con Discapacidad \u2013CONADI- llevado a &hellip; <\/p>\n<p class=\"link-more\"><a href=\"https:\/\/conadi.gob.gt\/web\/encuentro-nacional-de-personas-con-discapacidad-2016\/\" class=\"more-link\">Leer m\u00e1s<span class=\"screen-reader-text\"> \u00abENCUENTRO NACIONAL DE PERSONAS CON DISCAPACIDAD 2016\u00bb<\/span><\/a><\/p>\n","protected":false},"author":7,"featured_media":0,"comment_status":"open","ping_status":"closed","sticky":false,"template":"","format":"standard","meta":{"footnotes":""},"categories":[3],"tags":[],"class_list":["post-4486","post","type-post","status-publish","format-standard","hentry","category-noticias"],"_links":{"self":[{"href":"https:\/\/conadi.gob.gt\/web\/wp-json\/wp\/v2\/posts\/4486","targetHints":{"allow":["GET"]}}],"collection":[{"href":"https:\/\/conadi.gob.gt\/web\/wp-json\/wp\/v2\/posts"}],"about":[{"href":"https:\/\/conadi.gob.gt\/web\/wp-json\/wp\/v2\/types\/post"}],"author":[{"embeddable":true,"href":"https:\/\/conadi.gob.gt\/web\/wp-json\/wp\/v2\/users\/7"}],"replies":[{"embeddable":true,"href":"https:\/\/conadi.gob.gt\/web\/wp-json\/wp\/v2\/comments?post=4486"}],"version-history":[{"count":5,"href":"https:\/\/conadi.gob.gt\/web\/wp-json\/wp\/v2\/posts\/4486\/revisions"}],"predecessor-version":[{"id":4495,"href":"https:\/\/conadi.gob.gt\/web\/wp-json\/wp\/v2\/posts\/4486\/revisions\/4495"}],"wp:attachment":[{"href":"https:\/\/conadi.gob.gt\/web\/wp-json\/wp\/v2\/media?parent=4486"}],"wp:term":[{"taxonomy":"category","embeddable":true,"href":"https:\/\/conadi.gob.gt\/web\/wp-json\/wp\/v2\/categories?post=4486"},{"taxonomy":"post_tag","embeddable":true,"href":"https:\/\/conadi.gob.gt\/web\/wp-json\/wp\/v2\/tags?post=4486"}],"curies":[{"name":"wp","href":"https:\/\/api.w.org\/{rel}","templated":true}]}}