{"id":4532,"date":"2016-08-08T17:13:45","date_gmt":"2016-08-08T17:13:45","guid":{"rendered":"http:\/\/conadi.gob.gt\/web\/?p=4532"},"modified":"2016-08-08T17:13:45","modified_gmt":"2016-08-08T17:13:45","slug":"mesa-de-trabajo-en-el-ministerio-de-relaciones-exteriores","status":"publish","type":"post","link":"https:\/\/conadi.gob.gt\/web\/mesa-de-trabajo-en-el-ministerio-de-relaciones-exteriores\/","title":{"rendered":"Mesa de Trabajo en el Ministerio de Relaciones Exteriores"},"content":{"rendered":"<p>Autoridades del CONADI mantuvieron una mesa de trabajo en el Ministerio de Relaciones Exteriores con diferentes representantes de ministerios y secretarias de gobierno, para conocer los avances en la conformaci\u00f3n de la delegaci\u00f3n de alto nivel que representar\u00e1 al Estado de Guatemala en el examen de pa\u00eds, en relaci\u00f3n al cumplimiento de la Convenci\u00f3n de las Naciones Unidas de los Derechos de las Personas con Discapacidad, a realizarse en Ginebra, Suiza, el pr\u00f3ximo 22 y 23 de agosto.<\/p>\n<p>&nbsp;<\/p>\n<p>&nbsp;<\/p>\n<figure id=\"attachment_4533\" aria-describedby=\"caption-attachment-4533\" style=\"width: 960px\" class=\"wp-caption aligncenter\"><a href=\"https:\/\/conadi.gob.gt\/web\/wp-content\/uploads\/2016\/08\/mesatrabminrelex.jpg\"><img loading=\"lazy\" decoding=\"async\" class=\"wp-image-4533 size-full\" src=\"https:\/\/conadi.gob.gt\/web\/wp-content\/uploads\/2016\/08\/mesatrabminrelex.jpg\" alt=\"Mesa de Trabajo \" width=\"960\" height=\"640\" srcset=\"https:\/\/conadi.gob.gt\/web\/wp-content\/uploads\/2016\/08\/mesatrabminrelex.jpg 960w, https:\/\/conadi.gob.gt\/web\/wp-content\/uploads\/2016\/08\/mesatrabminrelex-300x200.jpg 300w, https:\/\/conadi.gob.gt\/web\/wp-content\/uploads\/2016\/08\/mesatrabminrelex-90x60.jpg 90w, https:\/\/conadi.gob.gt\/web\/wp-content\/uploads\/2016\/08\/mesatrabminrelex-180x120.jpg 180w, https:\/\/conadi.gob.gt\/web\/wp-content\/uploads\/2016\/08\/mesatrabminrelex-95x64.jpg 95w\" sizes=\"auto, (max-width: 960px) 100vw, 960px\" \/><\/a><figcaption id=\"caption-attachment-4533\" class=\"wp-caption-text\">Mesa de trabajo<\/figcaption><\/figure>\n<p>&nbsp;<\/p>\n","protected":false},"excerpt":{"rendered":"<p>Autoridades del CONADI mantuvieron una mesa de trabajo en el Ministerio de Relaciones Exteriores con diferentes representantes de ministerios y secretarias de gobierno, para conocer los avances en la conformaci\u00f3n de la delegaci\u00f3n de alto nivel que representar\u00e1 al Estado de Guatemala en el examen de pa\u00eds, en relaci\u00f3n al cumplimiento de la Convenci\u00f3n de &hellip; <\/p>\n<p class=\"link-more\"><a href=\"https:\/\/conadi.gob.gt\/web\/mesa-de-trabajo-en-el-ministerio-de-relaciones-exteriores\/\" class=\"more-link\">Leer m\u00e1s<span class=\"screen-reader-text\"> \u00abMesa de Trabajo en el Ministerio de Relaciones Exteriores\u00bb<\/span><\/a><\/p>\n","protected":false},"author":7,"featured_media":0,"comment_status":"open","ping_status":"closed","sticky":false,"template":"","format":"standard","meta":{"footnotes":""},"categories":[3],"tags":[],"class_list":["post-4532","post","type-post","status-publish","format-standard","hentry","category-noticias"],"_links":{"self":[{"href":"https:\/\/conadi.gob.gt\/web\/wp-json\/wp\/v2\/posts\/4532","targetHints":{"allow":["GET"]}}],"collection":[{"href":"https:\/\/conadi.gob.gt\/web\/wp-json\/wp\/v2\/posts"}],"about":[{"href":"https:\/\/conadi.gob.gt\/web\/wp-json\/wp\/v2\/types\/post"}],"author":[{"embeddable":true,"href":"https:\/\/conadi.gob.gt\/web\/wp-json\/wp\/v2\/users\/7"}],"replies":[{"embeddable":true,"href":"https:\/\/conadi.gob.gt\/web\/wp-json\/wp\/v2\/comments?post=4532"}],"version-history":[{"count":1,"href":"https:\/\/conadi.gob.gt\/web\/wp-json\/wp\/v2\/posts\/4532\/revisions"}],"predecessor-version":[{"id":4534,"href":"https:\/\/conadi.gob.gt\/web\/wp-json\/wp\/v2\/posts\/4532\/revisions\/4534"}],"wp:attachment":[{"href":"https:\/\/conadi.gob.gt\/web\/wp-json\/wp\/v2\/media?parent=4532"}],"wp:term":[{"taxonomy":"category","embeddable":true,"href":"https:\/\/conadi.gob.gt\/web\/wp-json\/wp\/v2\/categories?post=4532"},{"taxonomy":"post_tag","embeddable":true,"href":"https:\/\/conadi.gob.gt\/web\/wp-json\/wp\/v2\/tags?post=4532"}],"curies":[{"name":"wp","href":"https:\/\/api.w.org\/{rel}","templated":true}]}}