{"id":4543,"date":"2016-08-18T14:06:10","date_gmt":"2016-08-18T14:06:10","guid":{"rendered":"http:\/\/conadi.gob.gt\/web\/?p=4543"},"modified":"2016-08-18T14:06:10","modified_gmt":"2016-08-18T14:06:10","slug":"adendum-del-convenio-interinstitucional-entre-el-ministerio-de-desarrollo-social-mides-y-el-consejo-nacional-para-la-atencion-de-las-personas-con-discapacidad-conadi","status":"publish","type":"post","link":"https:\/\/conadi.gob.gt\/web\/adendum-del-convenio-interinstitucional-entre-el-ministerio-de-desarrollo-social-mides-y-el-consejo-nacional-para-la-atencion-de-las-personas-con-discapacidad-conadi\/","title":{"rendered":"Adendum del Convenio interinstitucional entre el Ministerio de Desarrollo Social -MIDES- y el Consejo Nacional para la Atenci\u00f3n de las Personas con Discapacidad-CONADI"},"content":{"rendered":"<p>El 4 de agosto se firm\u00f3 el primer Adendum del Convenio interinstitucional entre el Ministerio de Desarrollo Social -MIDES- y el Consejo Nacional para la Atenci\u00f3n de las Personas con Discapacidad, -CONADI-. Con esta suscripci\u00f3n, el MIDES adquiri\u00f3 los compromisos de la creaci\u00f3n de una unidad administrativa con participaci\u00f3n de expertos en el tema de discapacidad, la construcci\u00f3n del Registro \u00danico de Personas con discapacidad -RUPDI-, y llevar el control de una base de datos de<span class=\"text_exposed_hide\">&#8230;<\/span><span class=\"text_exposed_show\"> beneficiarios con discapacidad de los programas sociales que ejecuta la cartera de desarrollo. En tanto el CONADI deber\u00e1 coordinar los espacios de consulta con las organizaciones de personas con discapacidad para las pruebas piloto del RUPDI, para lo cual, trasladar\u00e1 la informaci\u00f3n para la construcci\u00f3n de este instrumento. Luego de dos a\u00f1os el CONADI asumir\u00e1 la administraci\u00f3n del RUPDI.<\/span><\/p>\n<p>&nbsp;<\/p>\n<p>&nbsp;<\/p>\n<p>&nbsp;<\/p>\n<figure id=\"attachment_4544\" aria-describedby=\"caption-attachment-4544\" style=\"width: 660px\" class=\"wp-caption aligncenter\"><a href=\"https:\/\/conadi.gob.gt\/web\/wp-content\/uploads\/2016\/08\/foto-firma.jpg\"><img loading=\"lazy\" decoding=\"async\" class=\"wp-image-4544\" src=\"https:\/\/conadi.gob.gt\/web\/wp-content\/uploads\/2016\/08\/foto-firma.jpg\" alt=\"Firma Ademdum \" width=\"660\" height=\"440\" srcset=\"https:\/\/conadi.gob.gt\/web\/wp-content\/uploads\/2016\/08\/foto-firma.jpg 960w, https:\/\/conadi.gob.gt\/web\/wp-content\/uploads\/2016\/08\/foto-firma-300x200.jpg 300w, https:\/\/conadi.gob.gt\/web\/wp-content\/uploads\/2016\/08\/foto-firma-90x60.jpg 90w, https:\/\/conadi.gob.gt\/web\/wp-content\/uploads\/2016\/08\/foto-firma-180x120.jpg 180w, https:\/\/conadi.gob.gt\/web\/wp-content\/uploads\/2016\/08\/foto-firma-95x64.jpg 95w\" sizes=\"auto, (max-width: 660px) 100vw, 660px\" \/><\/a><figcaption id=\"caption-attachment-4544\" class=\"wp-caption-text\">Firma Ademdum<\/figcaption><\/figure>\n<p>&nbsp;<\/p>\n<p>&nbsp;<\/p>\n","protected":false},"excerpt":{"rendered":"<p>El 4 de agosto se firm\u00f3 el primer Adendum del Convenio interinstitucional entre el Ministerio de Desarrollo Social -MIDES- y el Consejo Nacional para la Atenci\u00f3n de las Personas con Discapacidad, -CONADI-. Con esta suscripci\u00f3n, el MIDES adquiri\u00f3 los compromisos de la creaci\u00f3n de una unidad administrativa con participaci\u00f3n de expertos en el tema de &hellip; <\/p>\n<p class=\"link-more\"><a href=\"https:\/\/conadi.gob.gt\/web\/adendum-del-convenio-interinstitucional-entre-el-ministerio-de-desarrollo-social-mides-y-el-consejo-nacional-para-la-atencion-de-las-personas-con-discapacidad-conadi\/\" class=\"more-link\">Leer m\u00e1s<span class=\"screen-reader-text\"> \u00abAdendum del Convenio interinstitucional entre el Ministerio de Desarrollo Social -MIDES- y el Consejo Nacional para la Atenci\u00f3n de las Personas con Discapacidad-CONADI\u00bb<\/span><\/a><\/p>\n","protected":false},"author":7,"featured_media":0,"comment_status":"open","ping_status":"closed","sticky":false,"template":"","format":"standard","meta":{"footnotes":""},"categories":[3],"tags":[],"class_list":["post-4543","post","type-post","status-publish","format-standard","hentry","category-noticias"],"_links":{"self":[{"href":"https:\/\/conadi.gob.gt\/web\/wp-json\/wp\/v2\/posts\/4543","targetHints":{"allow":["GET"]}}],"collection":[{"href":"https:\/\/conadi.gob.gt\/web\/wp-json\/wp\/v2\/posts"}],"about":[{"href":"https:\/\/conadi.gob.gt\/web\/wp-json\/wp\/v2\/types\/post"}],"author":[{"embeddable":true,"href":"https:\/\/conadi.gob.gt\/web\/wp-json\/wp\/v2\/users\/7"}],"replies":[{"embeddable":true,"href":"https:\/\/conadi.gob.gt\/web\/wp-json\/wp\/v2\/comments?post=4543"}],"version-history":[{"count":1,"href":"https:\/\/conadi.gob.gt\/web\/wp-json\/wp\/v2\/posts\/4543\/revisions"}],"predecessor-version":[{"id":4545,"href":"https:\/\/conadi.gob.gt\/web\/wp-json\/wp\/v2\/posts\/4543\/revisions\/4545"}],"wp:attachment":[{"href":"https:\/\/conadi.gob.gt\/web\/wp-json\/wp\/v2\/media?parent=4543"}],"wp:term":[{"taxonomy":"category","embeddable":true,"href":"https:\/\/conadi.gob.gt\/web\/wp-json\/wp\/v2\/categories?post=4543"},{"taxonomy":"post_tag","embeddable":true,"href":"https:\/\/conadi.gob.gt\/web\/wp-json\/wp\/v2\/tags?post=4543"}],"curies":[{"name":"wp","href":"https:\/\/api.w.org\/{rel}","templated":true}]}}