{"id":4546,"date":"2016-08-18T14:10:36","date_gmt":"2016-08-18T14:10:36","guid":{"rendered":"http:\/\/conadi.gob.gt\/web\/?p=4546"},"modified":"2016-11-27T05:26:04","modified_gmt":"2016-11-27T05:26:04","slug":"se-conforma-delegacion-para-examen-de-pais","status":"publish","type":"post","link":"https:\/\/conadi.gob.gt\/web\/se-conforma-delegacion-para-examen-de-pais\/","title":{"rendered":"SE CONFORMA DELEGACI\u00d3N PARA EXAMEN DE PA\u00cdS."},"content":{"rendered":"<p>La delegaci\u00f3n que participar\u00e1 en el primer examen de pa\u00eds el pr\u00f3ximo 22 y 23 de agosto en Ginebra, Suiza, referente al cumplimiento de la Convenci\u00f3n de las Naciones Unidas sobre los Derechos de las Personas con Discapacidad, qued\u00f3 conformada por: Demetreo Mor\u00e1n viceministro de Desarrollo Social, H\u00e9ctor Canto viceministro de Educaci\u00f3n; Galvany Puac de COPREDEH, Luis Ram\u00edrez presidente del CONADI, Eduardo Cruz, tesorero y Sebasti\u00e1n Toledo director del CONADI. Adem\u00e1s estar\u00e1 el cuerpo diplom\u00e1tico de Guatemala acreditado ante las Naciones Unidas.<\/p>\n<p>&nbsp;<\/p>\n<figure id=\"attachment_4547\" aria-describedby=\"caption-attachment-4547\" style=\"width: 660px\" class=\"wp-caption aligncenter\"><a href=\"https:\/\/conadi.gob.gt\/web\/wp-content\/uploads\/2016\/08\/delegaci\u00f3n.jpg\"><img loading=\"lazy\" decoding=\"async\" class=\"wp-image-4547\" src=\"https:\/\/conadi.gob.gt\/web\/wp-content\/uploads\/2016\/08\/delegaci\u00f3n.jpg\" alt=\"delegaci\u00f3n\" width=\"660\" height=\"440\" srcset=\"https:\/\/conadi.gob.gt\/web\/wp-content\/uploads\/2016\/08\/delegaci\u00f3n.jpg 960w, https:\/\/conadi.gob.gt\/web\/wp-content\/uploads\/2016\/08\/delegaci\u00f3n-300x200.jpg 300w, https:\/\/conadi.gob.gt\/web\/wp-content\/uploads\/2016\/08\/delegaci\u00f3n-90x60.jpg 90w, https:\/\/conadi.gob.gt\/web\/wp-content\/uploads\/2016\/08\/delegaci\u00f3n-180x120.jpg 180w, https:\/\/conadi.gob.gt\/web\/wp-content\/uploads\/2016\/08\/delegaci\u00f3n-95x64.jpg 95w\" sizes=\"auto, (max-width: 660px) 100vw, 660px\" \/><\/a><figcaption id=\"caption-attachment-4547\" class=\"wp-caption-text\">delegaci\u00f3n<\/figcaption><\/figure>\n<p><span style=\"font-size: 8pt;\"><\/span><\/p>\n","protected":false},"excerpt":{"rendered":"<p>La delegaci\u00f3n que participar\u00e1 en el primer examen de pa\u00eds el pr\u00f3ximo 22 y 23 de agosto en Ginebra, Suiza, referente al cumplimiento de la Convenci\u00f3n de las Naciones Unidas sobre los Derechos de las Personas con Discapacidad, qued\u00f3 conformada por: Demetreo Mor\u00e1n viceministro de Desarrollo Social, H\u00e9ctor Canto viceministro de Educaci\u00f3n; Galvany Puac de &hellip; <\/p>\n<p class=\"link-more\"><a href=\"https:\/\/conadi.gob.gt\/web\/se-conforma-delegacion-para-examen-de-pais\/\" class=\"more-link\">Leer m\u00e1s<span class=\"screen-reader-text\"> \u00abSE CONFORMA DELEGACI\u00d3N PARA EXAMEN DE PA\u00cdS.\u00bb<\/span><\/a><\/p>\n","protected":false},"author":7,"featured_media":0,"comment_status":"closed","ping_status":"closed","sticky":false,"template":"","format":"standard","meta":{"footnotes":""},"categories":[3],"tags":[],"class_list":["post-4546","post","type-post","status-publish","format-standard","hentry","category-noticias"],"_links":{"self":[{"href":"https:\/\/conadi.gob.gt\/web\/wp-json\/wp\/v2\/posts\/4546","targetHints":{"allow":["GET"]}}],"collection":[{"href":"https:\/\/conadi.gob.gt\/web\/wp-json\/wp\/v2\/posts"}],"about":[{"href":"https:\/\/conadi.gob.gt\/web\/wp-json\/wp\/v2\/types\/post"}],"author":[{"embeddable":true,"href":"https:\/\/conadi.gob.gt\/web\/wp-json\/wp\/v2\/users\/7"}],"replies":[{"embeddable":true,"href":"https:\/\/conadi.gob.gt\/web\/wp-json\/wp\/v2\/comments?post=4546"}],"version-history":[{"count":1,"href":"https:\/\/conadi.gob.gt\/web\/wp-json\/wp\/v2\/posts\/4546\/revisions"}],"predecessor-version":[{"id":4548,"href":"https:\/\/conadi.gob.gt\/web\/wp-json\/wp\/v2\/posts\/4546\/revisions\/4548"}],"wp:attachment":[{"href":"https:\/\/conadi.gob.gt\/web\/wp-json\/wp\/v2\/media?parent=4546"}],"wp:term":[{"taxonomy":"category","embeddable":true,"href":"https:\/\/conadi.gob.gt\/web\/wp-json\/wp\/v2\/categories?post=4546"},{"taxonomy":"post_tag","embeddable":true,"href":"https:\/\/conadi.gob.gt\/web\/wp-json\/wp\/v2\/tags?post=4546"}],"curies":[{"name":"wp","href":"https:\/\/api.w.org\/{rel}","templated":true}]}}