{"id":4571,"date":"2016-09-06T16:12:14","date_gmt":"2016-09-06T16:12:14","guid":{"rendered":"http:\/\/conadi.gob.gt\/web\/?p=4571"},"modified":"2016-09-06T16:12:14","modified_gmt":"2016-09-06T16:12:14","slug":"convenio-de-cooperacion-interinstitucional","status":"publish","type":"post","link":"https:\/\/conadi.gob.gt\/web\/convenio-de-cooperacion-interinstitucional\/","title":{"rendered":"Convenio de Cooperaci\u00f3n Interinstitucional"},"content":{"rendered":"<p>La fiscal general y jefa del Ministerio P\u00fablico, Thelma Aldana y el presidente del Consejo Nacional para la Atenci\u00f3n de las personas con Discapacidad, Luis Ram\u00edrez, firmaron un convenio de cooperaci\u00f3n interinstitucional el jueves 1 de septiembre. La suscripci\u00f3n tiene el objetivo primordial de promover pol\u00edticas, programas y servicios con enfoque de derechos humanos, orientados a la atenci\u00f3n especializada de las personas con discapacidad, que garanticen el acceso a la justicia a trav\u00e9s del MP.<\/p>\n<p>&nbsp;<\/p>\n<p>&nbsp;<\/p>\n<p>&nbsp;<\/p>\n<figure id=\"attachment_4572\" aria-describedby=\"caption-attachment-4572\" style=\"width: 960px\" class=\"wp-caption aligncenter\"><a href=\"https:\/\/conadi.gob.gt\/web\/wp-content\/uploads\/2016\/09\/mp.jpg\"><img loading=\"lazy\" decoding=\"async\" class=\"wp-image-4572 size-full\" src=\"https:\/\/conadi.gob.gt\/web\/wp-content\/uploads\/2016\/09\/mp.jpg\" alt=\"Convenio MP\" width=\"960\" height=\"640\" srcset=\"https:\/\/conadi.gob.gt\/web\/wp-content\/uploads\/2016\/09\/mp.jpg 960w, https:\/\/conadi.gob.gt\/web\/wp-content\/uploads\/2016\/09\/mp-300x200.jpg 300w, https:\/\/conadi.gob.gt\/web\/wp-content\/uploads\/2016\/09\/mp-90x60.jpg 90w, https:\/\/conadi.gob.gt\/web\/wp-content\/uploads\/2016\/09\/mp-180x120.jpg 180w, https:\/\/conadi.gob.gt\/web\/wp-content\/uploads\/2016\/09\/mp-95x64.jpg 95w\" sizes=\"auto, (max-width: 960px) 100vw, 960px\" \/><\/a><figcaption id=\"caption-attachment-4572\" class=\"wp-caption-text\">Convenio MP<\/figcaption><\/figure>\n","protected":false},"excerpt":{"rendered":"<p>La fiscal general y jefa del Ministerio P\u00fablico, Thelma Aldana y el presidente del Consejo Nacional para la Atenci\u00f3n de las personas con Discapacidad, Luis Ram\u00edrez, firmaron un convenio de cooperaci\u00f3n interinstitucional el jueves 1 de septiembre. La suscripci\u00f3n tiene el objetivo primordial de promover pol\u00edticas, programas y servicios con enfoque de derechos humanos, orientados &hellip; <\/p>\n<p class=\"link-more\"><a href=\"https:\/\/conadi.gob.gt\/web\/convenio-de-cooperacion-interinstitucional\/\" class=\"more-link\">Leer m\u00e1s<span class=\"screen-reader-text\"> \u00abConvenio de Cooperaci\u00f3n Interinstitucional\u00bb<\/span><\/a><\/p>\n","protected":false},"author":7,"featured_media":0,"comment_status":"open","ping_status":"closed","sticky":false,"template":"","format":"standard","meta":{"footnotes":""},"categories":[3],"tags":[],"class_list":["post-4571","post","type-post","status-publish","format-standard","hentry","category-noticias"],"_links":{"self":[{"href":"https:\/\/conadi.gob.gt\/web\/wp-json\/wp\/v2\/posts\/4571","targetHints":{"allow":["GET"]}}],"collection":[{"href":"https:\/\/conadi.gob.gt\/web\/wp-json\/wp\/v2\/posts"}],"about":[{"href":"https:\/\/conadi.gob.gt\/web\/wp-json\/wp\/v2\/types\/post"}],"author":[{"embeddable":true,"href":"https:\/\/conadi.gob.gt\/web\/wp-json\/wp\/v2\/users\/7"}],"replies":[{"embeddable":true,"href":"https:\/\/conadi.gob.gt\/web\/wp-json\/wp\/v2\/comments?post=4571"}],"version-history":[{"count":1,"href":"https:\/\/conadi.gob.gt\/web\/wp-json\/wp\/v2\/posts\/4571\/revisions"}],"predecessor-version":[{"id":4573,"href":"https:\/\/conadi.gob.gt\/web\/wp-json\/wp\/v2\/posts\/4571\/revisions\/4573"}],"wp:attachment":[{"href":"https:\/\/conadi.gob.gt\/web\/wp-json\/wp\/v2\/media?parent=4571"}],"wp:term":[{"taxonomy":"category","embeddable":true,"href":"https:\/\/conadi.gob.gt\/web\/wp-json\/wp\/v2\/categories?post=4571"},{"taxonomy":"post_tag","embeddable":true,"href":"https:\/\/conadi.gob.gt\/web\/wp-json\/wp\/v2\/tags?post=4571"}],"curies":[{"name":"wp","href":"https:\/\/api.w.org\/{rel}","templated":true}]}}