{"id":4606,"date":"2016-10-13T14:12:09","date_gmt":"2016-10-13T14:12:09","guid":{"rendered":"http:\/\/conadi.gob.gt\/web\/?p=4606"},"modified":"2016-10-13T14:12:09","modified_gmt":"2016-10-13T14:12:09","slug":"instituto-guatemalteco-de-turismo-y-el-consejo-nacional-para-la-atencion-de-las-personas-con-discapacidad-firmaron-convenio-de-cooperacion-interinstitucional","status":"publish","type":"post","link":"https:\/\/conadi.gob.gt\/web\/instituto-guatemalteco-de-turismo-y-el-consejo-nacional-para-la-atencion-de-las-personas-con-discapacidad-firmaron-convenio-de-cooperacion-interinstitucional\/","title":{"rendered":"Instituto Guatemalteco de Turismo y el Consejo Nacional para la Atenci\u00f3n de las Personas con Discapacidad firmaron convenio de cooperaci\u00f3n interinstitucional"},"content":{"rendered":"<p>En el marco del D\u00eda Internacional del Turismo el Instituto Guatemalteco de Turismo y el Consejo Nacional para la Atenci\u00f3n de las Personas con Discapacidad, firmaron el 27 de septiembre un convenio de cooperaci\u00f3n interinstitucional, que busca la accesibilidad universal en los sitios tur\u00edsticos. La suscripci\u00f3n fue realizada por Jorge Mario Chac\u00f3n, director del Inguat y Luis Ram\u00edrez, presidente del CONADI.<br \/>\nEl Inguat, tambi\u00e9n present\u00f3 el Manual T\u00e9cnico de Accesibilidad Tur\u00edstica Universal, seguidamente se nombraron a 4 personas con discapacidad como embajadoras de turismo: Isabella Springmul, Allan Tenenbaum, Claudia Ram\u00edrez y Luis Rend\u00f3n. Asimismo, se cont\u00f3 con un bazar de productos artesanales y gastron\u00f3micos elaborados por organizaciones de personas con discapacidad.<\/p>\n<figure id=\"attachment_4608\" aria-describedby=\"caption-attachment-4608\" style=\"width: 960px\" class=\"wp-caption aligncenter\"><a href=\"https:\/\/conadi.gob.gt\/web\/wp-content\/uploads\/2016\/10\/convenio-3.jpg\"><img loading=\"lazy\" decoding=\"async\" class=\"wp-image-4608 size-full\" src=\"https:\/\/conadi.gob.gt\/web\/wp-content\/uploads\/2016\/10\/convenio-3.jpg\" alt=\"firma \" width=\"960\" height=\"640\" srcset=\"https:\/\/conadi.gob.gt\/web\/wp-content\/uploads\/2016\/10\/convenio-3.jpg 960w, https:\/\/conadi.gob.gt\/web\/wp-content\/uploads\/2016\/10\/convenio-3-300x200.jpg 300w, https:\/\/conadi.gob.gt\/web\/wp-content\/uploads\/2016\/10\/convenio-3-90x60.jpg 90w, https:\/\/conadi.gob.gt\/web\/wp-content\/uploads\/2016\/10\/convenio-3-180x120.jpg 180w, https:\/\/conadi.gob.gt\/web\/wp-content\/uploads\/2016\/10\/convenio-3-95x64.jpg 95w\" sizes=\"auto, (max-width: 960px) 100vw, 960px\" \/><\/a><figcaption id=\"caption-attachment-4608\" class=\"wp-caption-text\">firma<\/figcaption><\/figure>\n","protected":false},"excerpt":{"rendered":"<p>En el marco del D\u00eda Internacional del Turismo el Instituto Guatemalteco de Turismo y el Consejo Nacional para la Atenci\u00f3n de las Personas con Discapacidad, firmaron el 27 de septiembre un convenio de cooperaci\u00f3n interinstitucional, que busca la accesibilidad universal en los sitios tur\u00edsticos. La suscripci\u00f3n fue realizada por Jorge Mario Chac\u00f3n, director del Inguat &hellip; <\/p>\n<p class=\"link-more\"><a href=\"https:\/\/conadi.gob.gt\/web\/instituto-guatemalteco-de-turismo-y-el-consejo-nacional-para-la-atencion-de-las-personas-con-discapacidad-firmaron-convenio-de-cooperacion-interinstitucional\/\" class=\"more-link\">Leer m\u00e1s<span class=\"screen-reader-text\"> \u00abInstituto Guatemalteco de Turismo y el Consejo Nacional para la Atenci\u00f3n de las Personas con Discapacidad firmaron convenio de cooperaci\u00f3n interinstitucional\u00bb<\/span><\/a><\/p>\n","protected":false},"author":7,"featured_media":0,"comment_status":"open","ping_status":"closed","sticky":false,"template":"","format":"standard","meta":{"footnotes":""},"categories":[3],"tags":[],"class_list":["post-4606","post","type-post","status-publish","format-standard","hentry","category-noticias"],"_links":{"self":[{"href":"https:\/\/conadi.gob.gt\/web\/wp-json\/wp\/v2\/posts\/4606","targetHints":{"allow":["GET"]}}],"collection":[{"href":"https:\/\/conadi.gob.gt\/web\/wp-json\/wp\/v2\/posts"}],"about":[{"href":"https:\/\/conadi.gob.gt\/web\/wp-json\/wp\/v2\/types\/post"}],"author":[{"embeddable":true,"href":"https:\/\/conadi.gob.gt\/web\/wp-json\/wp\/v2\/users\/7"}],"replies":[{"embeddable":true,"href":"https:\/\/conadi.gob.gt\/web\/wp-json\/wp\/v2\/comments?post=4606"}],"version-history":[{"count":1,"href":"https:\/\/conadi.gob.gt\/web\/wp-json\/wp\/v2\/posts\/4606\/revisions"}],"predecessor-version":[{"id":4609,"href":"https:\/\/conadi.gob.gt\/web\/wp-json\/wp\/v2\/posts\/4606\/revisions\/4609"}],"wp:attachment":[{"href":"https:\/\/conadi.gob.gt\/web\/wp-json\/wp\/v2\/media?parent=4606"}],"wp:term":[{"taxonomy":"category","embeddable":true,"href":"https:\/\/conadi.gob.gt\/web\/wp-json\/wp\/v2\/categories?post=4606"},{"taxonomy":"post_tag","embeddable":true,"href":"https:\/\/conadi.gob.gt\/web\/wp-json\/wp\/v2\/tags?post=4606"}],"curies":[{"name":"wp","href":"https:\/\/api.w.org\/{rel}","templated":true}]}}