{"id":4630,"date":"2016-11-09T21:33:20","date_gmt":"2016-11-09T21:33:20","guid":{"rendered":"http:\/\/conadi.gob.gt\/web\/?p=4630"},"modified":"2016-11-09T21:33:20","modified_gmt":"2016-11-09T21:33:20","slug":"visita-de-experta-del-comite-de-las-naciones-unidas-en-materia-de-derechos-humanos-y-discapacidad","status":"publish","type":"post","link":"https:\/\/conadi.gob.gt\/web\/visita-de-experta-del-comite-de-las-naciones-unidas-en-materia-de-derechos-humanos-y-discapacidad\/","title":{"rendered":"Visita de Experta del Comit\u00e9 de las Naciones Unidas en Materia de Derechos humanos y Discapacidad"},"content":{"rendered":"<p>Los d\u00edas 3 y 4 de noviembre del a\u00f1o en curso, Guatemala recibi\u00f3 la visita de la doctora Ana Pel\u00e1ez Narv\u00e1ez, experta del Comit\u00e9 de las Naciones Unidas en materia de derechos humanos y discapacidad, relatora de nuestro pa\u00eds en el primer examen que se le hiciera en cuanto al cumplimiento de la Convenci\u00f3n Sobre los Derechos de las Personas con Discapacidad, ejercicio al que con grandes expectativas nos sometimos el 22 y 23 de agosto pasado, cuyas recomendaciones y observaciones el CONADI est\u00e1 dando a conocer entre las organizaciones.<\/p>\n<p>Con el objetivo de aprovechar al m\u00e1ximo la visita de la Doctora Pel\u00e1ez, el CONADI en su calidad de responsable de la coordinaci\u00f3n de acciones en materia de discapacidad, prepar\u00f3 una agenda de trabajo que no solo permitiera el encuentro de la relatora con las organizaciones de la sociedad civil que representan a este colectivo, sino tambi\u00e9n con las autoridades de gobierno para buscar y fortalecer su compromiso con el tema.<\/p>\n<p>En este orden de ideas, la relatora sostuvo reuniones con la Comisi\u00f3n Sobre Asuntos de Discapacidad del Congreso de la Rep\u00fablica, la Procuradur\u00eda de los Derechos Humanos, el personal y miembros del Consejo de Delegados del CONADI y con los representantes de las organizaciones de las \u00e1reas departamentales del pa\u00eds y los miembros de las Comisiones Departamentales y municipales de discapacidad; es decir, las CODEDIS y COMUDIS.<\/p>\n<p>Por lo que hubo oportunidad de interactuar con miembros del Consejo de Delegados, directores y asesores del CONADI, con el movimiento nacional de mujeres con discapacidad y con las organizaciones de la sociedad civil, encuentros que rebasaron las expectativas de la coordinaci\u00f3n de la visita, ya que se sobrepas\u00f3 el n\u00famero de participantes, lo que entre otros aspectos, permite valorar la voluntad de participaci\u00f3n del colectivo.<\/p>\n<p>La capacidad y voluntad de apoyo de la doctora Pel\u00e1ez, permiti\u00f3 que la dirigencia del movimiento nacional de personas con discapacidad y funcionarios de gobierno tuvieran mayor claridad de las observaciones y recomendaciones realizadas al Estado de Guatemala en cuanto al respeto de los derechos de las personas con discapacidad, asunto sobre el cual existen grandes pendientes en el pa\u00eds, que genera preocupantes \u00edndices de exclusi\u00f3n del sector, dadas las condiciones culturales, econ\u00f3micas y sociales, donde prevalece marcado desconocimiento hacia la discapacidad.<\/p>\n<p>&nbsp;<\/p>\n<figure id=\"attachment_4629\" aria-describedby=\"caption-attachment-4629\" style=\"width: 1024px\" class=\"wp-caption aligncenter\"><a href=\"https:\/\/conadi.gob.gt\/web\/wp-content\/uploads\/2016\/11\/Ana-Pelaez.jpg\"><img loading=\"lazy\" decoding=\"async\" class=\"wp-image-4629 size-large\" src=\"https:\/\/conadi.gob.gt\/web\/wp-content\/uploads\/2016\/11\/Ana-Pelaez-1024x724.jpg\" alt=\"Doctora Ana Pel\u00e1ez\" width=\"1024\" height=\"724\" srcset=\"https:\/\/conadi.gob.gt\/web\/wp-content\/uploads\/2016\/11\/Ana-Pelaez-1024x724.jpg 1024w, https:\/\/conadi.gob.gt\/web\/wp-content\/uploads\/2016\/11\/Ana-Pelaez-300x212.jpg 300w\" sizes=\"auto, (max-width: 1024px) 100vw, 1024px\" \/><\/a><figcaption id=\"caption-attachment-4629\" class=\"wp-caption-text\">Doctora Ana Pel\u00e1ez<\/figcaption><\/figure>\n<p>&nbsp;<\/p>\n<p>&nbsp;<\/p>\n<p>&nbsp;<\/p>\n<p>&nbsp;<\/p>\n<p>&nbsp;<\/p>\n<p>&nbsp;<\/p>\n<p>&nbsp;<\/p>\n<p>&nbsp;<\/p>\n<p>&nbsp;<\/p>\n<p>&nbsp;<\/p>\n<p>&nbsp;<\/p>\n<p>&nbsp;<\/p>\n<p>&nbsp;<\/p>\n<p>&nbsp;<\/p>\n<p>&nbsp;<\/p>\n","protected":false},"excerpt":{"rendered":"<p>Los d\u00edas 3 y 4 de noviembre del a\u00f1o en curso, Guatemala recibi\u00f3 la visita de la doctora Ana Pel\u00e1ez Narv\u00e1ez, experta del Comit\u00e9 de las Naciones Unidas en materia de derechos humanos y discapacidad, relatora de nuestro pa\u00eds en el primer examen que se le hiciera en cuanto al cumplimiento de la Convenci\u00f3n Sobre &hellip; <\/p>\n<p class=\"link-more\"><a href=\"https:\/\/conadi.gob.gt\/web\/visita-de-experta-del-comite-de-las-naciones-unidas-en-materia-de-derechos-humanos-y-discapacidad\/\" class=\"more-link\">Leer m\u00e1s<span class=\"screen-reader-text\"> \u00abVisita de Experta del Comit\u00e9 de las Naciones Unidas en Materia de Derechos humanos y Discapacidad\u00bb<\/span><\/a><\/p>\n","protected":false},"author":7,"featured_media":0,"comment_status":"open","ping_status":"closed","sticky":false,"template":"","format":"standard","meta":{"footnotes":""},"categories":[3],"tags":[],"class_list":["post-4630","post","type-post","status-publish","format-standard","hentry","category-noticias"],"_links":{"self":[{"href":"https:\/\/conadi.gob.gt\/web\/wp-json\/wp\/v2\/posts\/4630","targetHints":{"allow":["GET"]}}],"collection":[{"href":"https:\/\/conadi.gob.gt\/web\/wp-json\/wp\/v2\/posts"}],"about":[{"href":"https:\/\/conadi.gob.gt\/web\/wp-json\/wp\/v2\/types\/post"}],"author":[{"embeddable":true,"href":"https:\/\/conadi.gob.gt\/web\/wp-json\/wp\/v2\/users\/7"}],"replies":[{"embeddable":true,"href":"https:\/\/conadi.gob.gt\/web\/wp-json\/wp\/v2\/comments?post=4630"}],"version-history":[{"count":1,"href":"https:\/\/conadi.gob.gt\/web\/wp-json\/wp\/v2\/posts\/4630\/revisions"}],"predecessor-version":[{"id":4631,"href":"https:\/\/conadi.gob.gt\/web\/wp-json\/wp\/v2\/posts\/4630\/revisions\/4631"}],"wp:attachment":[{"href":"https:\/\/conadi.gob.gt\/web\/wp-json\/wp\/v2\/media?parent=4630"}],"wp:term":[{"taxonomy":"category","embeddable":true,"href":"https:\/\/conadi.gob.gt\/web\/wp-json\/wp\/v2\/categories?post=4630"},{"taxonomy":"post_tag","embeddable":true,"href":"https:\/\/conadi.gob.gt\/web\/wp-json\/wp\/v2\/tags?post=4630"}],"curies":[{"name":"wp","href":"https:\/\/api.w.org\/{rel}","templated":true}]}}