{"id":4650,"date":"2016-12-09T18:55:38","date_gmt":"2016-12-09T18:55:38","guid":{"rendered":"http:\/\/conadi.gob.gt\/web\/?p=4650"},"modified":"2016-12-09T18:55:55","modified_gmt":"2016-12-09T18:55:55","slug":"3-de-diciembre-dia-internacional-de-las-personas-con-discapacidad","status":"publish","type":"post","link":"https:\/\/conadi.gob.gt\/web\/3-de-diciembre-dia-internacional-de-las-personas-con-discapacidad\/","title":{"rendered":"3 de diciembre D\u00eda Internacional de las Personas con Discapacidad"},"content":{"rendered":"<p>Diversas actividades se realizaron a nivel nacional en el marco del 3 de diciembre, D\u00eda Internacional de las Personas con Discapacidad. En la capital la conmemoraci\u00f3n se realiz\u00f3\u00a0en el parque Erick Barrondo, a donde se hicieron presentes miembros de organizaciones de discapacidad y personas con discapacidad. El evento fue organizado por el CONADI, con el apoyo del\u00a0Viceministerio del Deporte.<\/p>\n<p>&nbsp;<\/p>\n<p>B\u00e1squetbol sobre sillas de ruedas, f\u00fatbol 5, paraciclismo, baile y danza, fueron algunas de las acciones l\u00fadicas y deportivas realizadas ese d\u00eda, que buscaban la participaci\u00f3n y convivencia de este sector.<\/p>\n<p>&nbsp;<\/p>\n<p>Cabe destacar que de manera paralela se realizaron a nivel departamental, caminatas, foros, actividades recreativas y culturales, eventos que contaron con fuerte presencia de autoridades municipales y organizaciones de personas con discapacidad. Destacando entre estas la apertura de dos oficinas municipales de discapacidad en San Miguel Ixtahuac\u00e1n en San Marcos y San Cristobal Acasaguastl\u00e1n en el Progreso.<\/p>\n<p>&nbsp;<\/p>\n<p>&nbsp;<\/p>\n<figure id=\"attachment_4651\" aria-describedby=\"caption-attachment-4651\" style=\"width: 892px\" class=\"wp-caption aligncenter\"><a href=\"https:\/\/conadi.gob.gt\/web\/wp-content\/uploads\/2016\/12\/collage3dic.jpg\"><img loading=\"lazy\" decoding=\"async\" class=\"wp-image-4651 size-full\" src=\"https:\/\/conadi.gob.gt\/web\/wp-content\/uploads\/2016\/12\/collage3dic.jpg\" alt=\"3 de diciembre\" width=\"892\" height=\"671\" srcset=\"https:\/\/conadi.gob.gt\/web\/wp-content\/uploads\/2016\/12\/collage3dic.jpg 892w, https:\/\/conadi.gob.gt\/web\/wp-content\/uploads\/2016\/12\/collage3dic-300x226.jpg 300w, https:\/\/conadi.gob.gt\/web\/wp-content\/uploads\/2016\/12\/collage3dic-45x35.jpg 45w\" sizes=\"auto, (max-width: 892px) 100vw, 892px\" \/><\/a><figcaption id=\"caption-attachment-4651\" class=\"wp-caption-text\">3 de diciembre<\/figcaption><\/figure>\n","protected":false},"excerpt":{"rendered":"<p>Diversas actividades se realizaron a nivel nacional en el marco del 3 de diciembre, D\u00eda Internacional de las Personas con Discapacidad. En la capital la conmemoraci\u00f3n se realiz\u00f3\u00a0en el parque Erick Barrondo, a donde se hicieron presentes miembros de organizaciones de discapacidad y personas con discapacidad. El evento fue organizado por el CONADI, con el &hellip; <\/p>\n<p class=\"link-more\"><a href=\"https:\/\/conadi.gob.gt\/web\/3-de-diciembre-dia-internacional-de-las-personas-con-discapacidad\/\" class=\"more-link\">Leer m\u00e1s<span class=\"screen-reader-text\"> \u00ab3 de diciembre D\u00eda Internacional de las Personas con Discapacidad\u00bb<\/span><\/a><\/p>\n","protected":false},"author":7,"featured_media":0,"comment_status":"open","ping_status":"closed","sticky":false,"template":"","format":"standard","meta":{"footnotes":""},"categories":[3],"tags":[],"class_list":["post-4650","post","type-post","status-publish","format-standard","hentry","category-noticias"],"_links":{"self":[{"href":"https:\/\/conadi.gob.gt\/web\/wp-json\/wp\/v2\/posts\/4650","targetHints":{"allow":["GET"]}}],"collection":[{"href":"https:\/\/conadi.gob.gt\/web\/wp-json\/wp\/v2\/posts"}],"about":[{"href":"https:\/\/conadi.gob.gt\/web\/wp-json\/wp\/v2\/types\/post"}],"author":[{"embeddable":true,"href":"https:\/\/conadi.gob.gt\/web\/wp-json\/wp\/v2\/users\/7"}],"replies":[{"embeddable":true,"href":"https:\/\/conadi.gob.gt\/web\/wp-json\/wp\/v2\/comments?post=4650"}],"version-history":[{"count":1,"href":"https:\/\/conadi.gob.gt\/web\/wp-json\/wp\/v2\/posts\/4650\/revisions"}],"predecessor-version":[{"id":4652,"href":"https:\/\/conadi.gob.gt\/web\/wp-json\/wp\/v2\/posts\/4650\/revisions\/4652"}],"wp:attachment":[{"href":"https:\/\/conadi.gob.gt\/web\/wp-json\/wp\/v2\/media?parent=4650"}],"wp:term":[{"taxonomy":"category","embeddable":true,"href":"https:\/\/conadi.gob.gt\/web\/wp-json\/wp\/v2\/categories?post=4650"},{"taxonomy":"post_tag","embeddable":true,"href":"https:\/\/conadi.gob.gt\/web\/wp-json\/wp\/v2\/tags?post=4650"}],"curies":[{"name":"wp","href":"https:\/\/api.w.org\/{rel}","templated":true}]}}