{"id":4654,"date":"2016-12-14T18:53:21","date_gmt":"2016-12-14T18:53:21","guid":{"rendered":"http:\/\/conadi.gob.gt\/web\/?p=4654"},"modified":"2016-12-14T20:20:05","modified_gmt":"2016-12-14T20:20:05","slug":"10-anos-de-la-convencion-sobre-los-derechos-de-las-personas-con-discapacidad","status":"publish","type":"post","link":"https:\/\/conadi.gob.gt\/web\/10-anos-de-la-convencion-sobre-los-derechos-de-las-personas-con-discapacidad\/","title":{"rendered":"10 A\u00d1OS DE LA CONVENCI\u00d3N SOBRE LOS DERECHOS DE LAS PERSONAS CON DISCAPACIDAD"},"content":{"rendered":"<p>10 A\u00d1OS DE LA CONVENCI\u00d3N SOBRE LOS DERECHOS DE LAS PERSONAS CON DISCAPACIDAD<br \/>\nEl 13 de diciembre de 2006 se aprob\u00f3 la Convenci\u00f3n Internacional sobre los Derechos de las Personas con Discapacidad. Esta Convenci\u00f3n es el resultado de un largo proceso, en el que participaron varios actores: Estados miembros de la ONU, Observadores de la ONU, Cuerpos y organizaciones importantes de la ONU, Relator Especial sobre Discapacidad, Instituciones de derechos humanos nacionales, y Organizaciones no gubernamentales, entre las que tuvieron un papel destacado las organizaciones de personas con discapacidad y sus familias.<\/p>\n<p>El texto fue aprobado por la Asamblea General de Naciones Unidas el 13 de diciembre de 2006 en la Sede de las Naciones Unidas en Nueva York, y quedaron abiertos a la firma el 30 de marzo de 2007. Tras su aprobaci\u00f3n por la Asamblea General, la Convenci\u00f3n ser\u00e1 abierta a los 192 Estados Miembros para su ratificaci\u00f3n y aplicaci\u00f3n. La Convenci\u00f3n entraba en vigor cuando fuera ratificada por 20 pa\u00edses, por lo que entr\u00f3 en vigor el 3 de mayo de 2008.<br \/>\nLa convenci\u00f3n cuenta con 160 signatarios, 92 signatarios del Protocolo Facultativo, 172 ratificaciones de la Convenci\u00f3n y 92 ratificaciones del Protocolo. Se trata del primer instrumento amplio de derechos humanos del siglo XXI y la primera convenci\u00f3n de derechos humanos que se abre a la firma de las organizaciones regionales de integraci\u00f3n.<br \/>\nEste instrumento se\u00f1ala un \u00abcambio paradigm\u00e1tico\u00bb de las actitudes y enfoques respecto de las personas con discapacidad, y entre las principales consecuencias se destaca la \u00abvisibilidad\u00bb de este grupo ciudadano dentro del sistema de protecci\u00f3n de derechos humanos de Naciones Unidas, la asunci\u00f3n irreversible del fen\u00f3meno de la discapacidad como una cuesti\u00f3n de derechos humanos, y el contar con una herramienta jur\u00eddica vinculante a la hora de hacer valer los derechos de la poblaci\u00f3n con discapacidad.<\/p>\n<p>&nbsp;<\/p>\n<figure id=\"attachment_4655\" aria-describedby=\"caption-attachment-4655\" style=\"width: 670px\" class=\"wp-caption aligncenter\"><a href=\"https:\/\/conadi.gob.gt\/web\/wp-content\/uploads\/2016\/12\/logo_ok_convencion.jpg\"><img loading=\"lazy\" decoding=\"async\" class=\"wp-image-4655 size-full\" src=\"https:\/\/conadi.gob.gt\/web\/wp-content\/uploads\/2016\/12\/logo_ok_convencion.jpg\" alt=\"logo convencion\" width=\"670\" height=\"313\" srcset=\"https:\/\/conadi.gob.gt\/web\/wp-content\/uploads\/2016\/12\/logo_ok_convencion.jpg 670w, https:\/\/conadi.gob.gt\/web\/wp-content\/uploads\/2016\/12\/logo_ok_convencion-300x140.jpg 300w\" sizes=\"auto, (max-width: 670px) 100vw, 670px\" \/><\/a><figcaption id=\"caption-attachment-4655\" class=\"wp-caption-text\">logo convenci\u00f3n<\/figcaption><\/figure>\n","protected":false},"excerpt":{"rendered":"<p>10 A\u00d1OS DE LA CONVENCI\u00d3N SOBRE LOS DERECHOS DE LAS PERSONAS CON DISCAPACIDAD El 13 de diciembre de 2006 se aprob\u00f3 la Convenci\u00f3n Internacional sobre los Derechos de las Personas con Discapacidad. Esta Convenci\u00f3n es el resultado de un largo proceso, en el que participaron varios actores: Estados miembros de la ONU, Observadores de la &hellip; <\/p>\n<p class=\"link-more\"><a href=\"https:\/\/conadi.gob.gt\/web\/10-anos-de-la-convencion-sobre-los-derechos-de-las-personas-con-discapacidad\/\" class=\"more-link\">Leer m\u00e1s<span class=\"screen-reader-text\"> \u00ab10 A\u00d1OS DE LA CONVENCI\u00d3N SOBRE LOS DERECHOS DE LAS PERSONAS CON DISCAPACIDAD\u00bb<\/span><\/a><\/p>\n","protected":false},"author":7,"featured_media":0,"comment_status":"open","ping_status":"closed","sticky":false,"template":"","format":"standard","meta":{"footnotes":""},"categories":[3],"tags":[],"class_list":["post-4654","post","type-post","status-publish","format-standard","hentry","category-noticias"],"_links":{"self":[{"href":"https:\/\/conadi.gob.gt\/web\/wp-json\/wp\/v2\/posts\/4654","targetHints":{"allow":["GET"]}}],"collection":[{"href":"https:\/\/conadi.gob.gt\/web\/wp-json\/wp\/v2\/posts"}],"about":[{"href":"https:\/\/conadi.gob.gt\/web\/wp-json\/wp\/v2\/types\/post"}],"author":[{"embeddable":true,"href":"https:\/\/conadi.gob.gt\/web\/wp-json\/wp\/v2\/users\/7"}],"replies":[{"embeddable":true,"href":"https:\/\/conadi.gob.gt\/web\/wp-json\/wp\/v2\/comments?post=4654"}],"version-history":[{"count":1,"href":"https:\/\/conadi.gob.gt\/web\/wp-json\/wp\/v2\/posts\/4654\/revisions"}],"predecessor-version":[{"id":4656,"href":"https:\/\/conadi.gob.gt\/web\/wp-json\/wp\/v2\/posts\/4654\/revisions\/4656"}],"wp:attachment":[{"href":"https:\/\/conadi.gob.gt\/web\/wp-json\/wp\/v2\/media?parent=4654"}],"wp:term":[{"taxonomy":"category","embeddable":true,"href":"https:\/\/conadi.gob.gt\/web\/wp-json\/wp\/v2\/categories?post=4654"},{"taxonomy":"post_tag","embeddable":true,"href":"https:\/\/conadi.gob.gt\/web\/wp-json\/wp\/v2\/tags?post=4654"}],"curies":[{"name":"wp","href":"https:\/\/api.w.org\/{rel}","templated":true}]}}