{"id":4658,"date":"2016-12-15T18:46:31","date_gmt":"2016-12-15T18:46:31","guid":{"rendered":"http:\/\/conadi.gob.gt\/web\/?p=4658"},"modified":"2016-12-15T18:46:31","modified_gmt":"2016-12-15T18:46:31","slug":"homenaje-civico-del-banco-industrial","status":"publish","type":"post","link":"https:\/\/conadi.gob.gt\/web\/homenaje-civico-del-banco-industrial\/","title":{"rendered":"Homenaje C\u00edvico del Banco Industrial"},"content":{"rendered":"<p>El escritor Mario Ren\u00e9 Matute recibi\u00f3 el homenaje c\u00edvico del Banco Industrial, en el marco del 3 de diciembre, d\u00eda internacional de las Personas con Discapacidad. Al evento asistieron organizaciones de personas con discapacidad, autoridades de la instituci\u00f3n bancaria, del CONADI, familiares y medios de comunicaci\u00f3n. Matute, quien perdi\u00f3 la vista a los 10 a\u00f1os a causa del glaucoma, es fundador y promotor del movimiento nacional de personas ciegas, catedr\u00e1tico de varias universidades de M\u00e9xico, ha recibido premios nacionales e internacionales en cuento, poes\u00eda y novela. Autor de una amplia creaci\u00f3n literaria, entre las obras de su autor\u00eda sobresalen: Palos de Ciego, el An\u00e1lisis Psicosocial de las Personas Ciegas, las Ciegadas.<\/p>\n<p>&nbsp;<\/p>\n<p>&nbsp;<\/p>\n<figure id=\"attachment_4659\" aria-describedby=\"caption-attachment-4659\" style=\"width: 1024px\" class=\"wp-caption aligncenter\"><a href=\"https:\/\/conadi.gob.gt\/web\/wp-content\/uploads\/2016\/12\/collage1.jpg\"><img loading=\"lazy\" decoding=\"async\" class=\"wp-image-4659 size-large\" src=\"https:\/\/conadi.gob.gt\/web\/wp-content\/uploads\/2016\/12\/collage1-1024x768.jpg\" alt=\"Mario Matute\" width=\"1024\" height=\"768\" srcset=\"https:\/\/conadi.gob.gt\/web\/wp-content\/uploads\/2016\/12\/collage1.jpg 1024w, https:\/\/conadi.gob.gt\/web\/wp-content\/uploads\/2016\/12\/collage1-300x225.jpg 300w, https:\/\/conadi.gob.gt\/web\/wp-content\/uploads\/2016\/12\/collage1-45x35.jpg 45w\" sizes=\"auto, (max-width: 1024px) 100vw, 1024px\" \/><\/a><figcaption id=\"caption-attachment-4659\" class=\"wp-caption-text\">Mario Matute<\/figcaption><\/figure>\n<p>&nbsp;<\/p>\n<p>&nbsp;<\/p>\n<p>&nbsp;<\/p>\n<p>&nbsp;<\/p>\n<p>&nbsp;<\/p>\n","protected":false},"excerpt":{"rendered":"<p>El escritor Mario Ren\u00e9 Matute recibi\u00f3 el homenaje c\u00edvico del Banco Industrial, en el marco del 3 de diciembre, d\u00eda internacional de las Personas con Discapacidad. Al evento asistieron organizaciones de personas con discapacidad, autoridades de la instituci\u00f3n bancaria, del CONADI, familiares y medios de comunicaci\u00f3n. Matute, quien perdi\u00f3 la vista a los 10 a\u00f1os &hellip; <\/p>\n<p class=\"link-more\"><a href=\"https:\/\/conadi.gob.gt\/web\/homenaje-civico-del-banco-industrial\/\" class=\"more-link\">Leer m\u00e1s<span class=\"screen-reader-text\"> \u00abHomenaje C\u00edvico del Banco Industrial\u00bb<\/span><\/a><\/p>\n","protected":false},"author":7,"featured_media":0,"comment_status":"open","ping_status":"closed","sticky":false,"template":"","format":"standard","meta":{"footnotes":""},"categories":[3],"tags":[],"class_list":["post-4658","post","type-post","status-publish","format-standard","hentry","category-noticias"],"_links":{"self":[{"href":"https:\/\/conadi.gob.gt\/web\/wp-json\/wp\/v2\/posts\/4658","targetHints":{"allow":["GET"]}}],"collection":[{"href":"https:\/\/conadi.gob.gt\/web\/wp-json\/wp\/v2\/posts"}],"about":[{"href":"https:\/\/conadi.gob.gt\/web\/wp-json\/wp\/v2\/types\/post"}],"author":[{"embeddable":true,"href":"https:\/\/conadi.gob.gt\/web\/wp-json\/wp\/v2\/users\/7"}],"replies":[{"embeddable":true,"href":"https:\/\/conadi.gob.gt\/web\/wp-json\/wp\/v2\/comments?post=4658"}],"version-history":[{"count":1,"href":"https:\/\/conadi.gob.gt\/web\/wp-json\/wp\/v2\/posts\/4658\/revisions"}],"predecessor-version":[{"id":4660,"href":"https:\/\/conadi.gob.gt\/web\/wp-json\/wp\/v2\/posts\/4658\/revisions\/4660"}],"wp:attachment":[{"href":"https:\/\/conadi.gob.gt\/web\/wp-json\/wp\/v2\/media?parent=4658"}],"wp:term":[{"taxonomy":"category","embeddable":true,"href":"https:\/\/conadi.gob.gt\/web\/wp-json\/wp\/v2\/categories?post=4658"},{"taxonomy":"post_tag","embeddable":true,"href":"https:\/\/conadi.gob.gt\/web\/wp-json\/wp\/v2\/tags?post=4658"}],"curies":[{"name":"wp","href":"https:\/\/api.w.org\/{rel}","templated":true}]}}