{"id":4671,"date":"2016-12-16T22:20:37","date_gmt":"2016-12-16T22:20:37","guid":{"rendered":"http:\/\/conadi.gob.gt\/web\/?p=4671"},"modified":"2016-12-16T22:20:37","modified_gmt":"2016-12-16T22:20:37","slug":"entrega-del-plan-de-accion-en-funcion-de-los-derechos-de-las-personas-con-discapacidad-2","status":"publish","type":"post","link":"https:\/\/conadi.gob.gt\/web\/entrega-del-plan-de-accion-en-funcion-de-los-derechos-de-las-personas-con-discapacidad-2\/","title":{"rendered":"Entrega del Plan de Acci\u00f3n en Funci\u00f3n de los Derechos de las Personas con Discapacidad"},"content":{"rendered":"<p>El CONADI realiz\u00f3 la entrega del Plan de acci\u00f3n en funci\u00f3n de los derechos de las personas con discapacidad para un lapso de cinco a\u00f1os a representantes del Congreso de la Rep\u00fablica y, a la vez, solicit\u00f3 que emita una declaraci\u00f3n para que proclame \u00abel quinquenio de las personas con discapacidad\u00bb.<\/p>\n<p>La propuesta plantea 35 l\u00edneas de acci\u00f3n conforme a los derechos establecidos en la Convenci\u00f3n dirigida a ese sector de la poblaci\u00f3n, mismas que generan un proceso de convocatoria interinstitucional para que en ese periodo se puedan recoger los aportes de cada instituci\u00f3n de Gobierno en cuanto al tema.<\/p>\n<p>&nbsp;<\/p>\n<figure id=\"attachment_4672\" aria-describedby=\"caption-attachment-4672\" style=\"width: 466px\" class=\"wp-caption alignleft\"><a href=\"https:\/\/conadi.gob.gt\/web\/wp-content\/uploads\/2016\/12\/15590128.jpg\"><img loading=\"lazy\" decoding=\"async\" class=\"wp-image-4672 size-full\" src=\"https:\/\/conadi.gob.gt\/web\/wp-content\/uploads\/2016\/12\/15590128.jpg\" alt=\"Entrega Plan \" width=\"466\" height=\"350\" srcset=\"https:\/\/conadi.gob.gt\/web\/wp-content\/uploads\/2016\/12\/15590128.jpg 466w, https:\/\/conadi.gob.gt\/web\/wp-content\/uploads\/2016\/12\/15590128-300x225.jpg 300w, https:\/\/conadi.gob.gt\/web\/wp-content\/uploads\/2016\/12\/15590128-45x35.jpg 45w\" sizes=\"auto, (max-width: 466px) 100vw, 466px\" \/><\/a><figcaption id=\"caption-attachment-4672\" class=\"wp-caption-text\">Entrega Plan<\/figcaption><\/figure>\n<p>&nbsp;<\/p>\n<p>&nbsp;<\/p>\n<p>&nbsp;<\/p>\n<p>&nbsp;<\/p>\n<p>&nbsp;<\/p>\n<p>&nbsp;<\/p>\n<p>&nbsp;<\/p>\n<p>&nbsp;<\/p>\n<p>&nbsp;<\/p>\n<p>&nbsp;<\/p>\n<p>&nbsp;<\/p>\n<figure id=\"attachment_4668\" aria-describedby=\"caption-attachment-4668\" style=\"width: 300px\" class=\"wp-caption aligncenter\"><a href=\"https:\/\/conadi.gob.gt\/web\/wp-content\/uploads\/2016\/12\/1554139.jpg\"><img loading=\"lazy\" decoding=\"async\" class=\"size-medium wp-image-4668\" src=\"https:\/\/conadi.gob.gt\/web\/wp-content\/uploads\/2016\/12\/1554139-300x225.jpg\" alt=\"Plan 1\" width=\"300\" height=\"225\" srcset=\"https:\/\/conadi.gob.gt\/web\/wp-content\/uploads\/2016\/12\/1554139-300x225.jpg 300w, https:\/\/conadi.gob.gt\/web\/wp-content\/uploads\/2016\/12\/1554139-45x35.jpg 45w, https:\/\/conadi.gob.gt\/web\/wp-content\/uploads\/2016\/12\/1554139.jpg 960w\" sizes=\"auto, (max-width: 300px) 100vw, 300px\" \/><\/a><figcaption id=\"caption-attachment-4668\" class=\"wp-caption-text\">Plan 1<\/figcaption><\/figure>\n<p>&nbsp;<\/p>\n<figure id=\"attachment_4673\" aria-describedby=\"caption-attachment-4673\" style=\"width: 300px\" class=\"wp-caption alignright\"><a href=\"https:\/\/conadi.gob.gt\/web\/wp-content\/uploads\/2016\/12\/15492515.jpg\"><img loading=\"lazy\" decoding=\"async\" class=\"size-medium wp-image-4673\" src=\"https:\/\/conadi.gob.gt\/web\/wp-content\/uploads\/2016\/12\/15492515-300x225.jpg\" alt=\"Plan 2\" width=\"300\" height=\"225\" srcset=\"https:\/\/conadi.gob.gt\/web\/wp-content\/uploads\/2016\/12\/15492515-300x225.jpg 300w, https:\/\/conadi.gob.gt\/web\/wp-content\/uploads\/2016\/12\/15492515-45x35.jpg 45w, https:\/\/conadi.gob.gt\/web\/wp-content\/uploads\/2016\/12\/15492515.jpg 960w\" sizes=\"auto, (max-width: 300px) 100vw, 300px\" \/><\/a><figcaption id=\"caption-attachment-4673\" class=\"wp-caption-text\">Plan 2<\/figcaption><\/figure>\n<p>&nbsp;<\/p>\n<p>&nbsp;<\/p>\n<p>&nbsp;<\/p>\n<p>&nbsp;<\/p>\n<p>&nbsp;<\/p>\n<p>&nbsp;<\/p>\n<p>&nbsp;<\/p>\n<figure id=\"attachment_4674\" aria-describedby=\"caption-attachment-4674\" style=\"width: 300px\" class=\"wp-caption alignleft\"><a href=\"https:\/\/conadi.gob.gt\/web\/wp-content\/uploads\/2016\/12\/15400355.jpg\"><img loading=\"lazy\" decoding=\"async\" class=\"size-medium wp-image-4674\" src=\"https:\/\/conadi.gob.gt\/web\/wp-content\/uploads\/2016\/12\/15400355-300x225.jpg\" alt=\"Plan 3\" width=\"300\" height=\"225\" srcset=\"https:\/\/conadi.gob.gt\/web\/wp-content\/uploads\/2016\/12\/15400355-300x225.jpg 300w, https:\/\/conadi.gob.gt\/web\/wp-content\/uploads\/2016\/12\/15400355-45x35.jpg 45w, https:\/\/conadi.gob.gt\/web\/wp-content\/uploads\/2016\/12\/15400355.jpg 960w\" sizes=\"auto, (max-width: 300px) 100vw, 300px\" \/><\/a><figcaption id=\"caption-attachment-4674\" class=\"wp-caption-text\">Plan 3<\/figcaption><\/figure>\n<p>&nbsp;<\/p>\n<p>&nbsp;<\/p>\n<p>&nbsp;<\/p>\n<p>&nbsp;<\/p>\n<p>&nbsp;<\/p>\n<p>&nbsp;<\/p>\n<p>&nbsp;<\/p>\n<p>&nbsp;<\/p>\n<p>&nbsp;<\/p>\n<p>&nbsp;<\/p>\n<p>&nbsp;<\/p>\n<p>&nbsp;<\/p>\n<p>&nbsp;<\/p>\n<p>&nbsp;<\/p>\n<p>&nbsp;<\/p>\n<p>&nbsp;<\/p>\n<p>&nbsp;<\/p>\n","protected":false},"excerpt":{"rendered":"<p>El CONADI realiz\u00f3 la entrega del Plan de acci\u00f3n en funci\u00f3n de los derechos de las personas con discapacidad para un lapso de cinco a\u00f1os a representantes del Congreso de la Rep\u00fablica y, a la vez, solicit\u00f3 que emita una declaraci\u00f3n para que proclame \u00abel quinquenio de las personas con discapacidad\u00bb. La propuesta plantea 35 &hellip; <\/p>\n<p class=\"link-more\"><a href=\"https:\/\/conadi.gob.gt\/web\/entrega-del-plan-de-accion-en-funcion-de-los-derechos-de-las-personas-con-discapacidad-2\/\" class=\"more-link\">Leer m\u00e1s<span class=\"screen-reader-text\"> \u00abEntrega del Plan de Acci\u00f3n en Funci\u00f3n de los Derechos de las Personas con Discapacidad\u00bb<\/span><\/a><\/p>\n","protected":false},"author":7,"featured_media":0,"comment_status":"open","ping_status":"closed","sticky":false,"template":"","format":"standard","meta":{"footnotes":""},"categories":[3],"tags":[],"class_list":["post-4671","post","type-post","status-publish","format-standard","hentry","category-noticias"],"_links":{"self":[{"href":"https:\/\/conadi.gob.gt\/web\/wp-json\/wp\/v2\/posts\/4671","targetHints":{"allow":["GET"]}}],"collection":[{"href":"https:\/\/conadi.gob.gt\/web\/wp-json\/wp\/v2\/posts"}],"about":[{"href":"https:\/\/conadi.gob.gt\/web\/wp-json\/wp\/v2\/types\/post"}],"author":[{"embeddable":true,"href":"https:\/\/conadi.gob.gt\/web\/wp-json\/wp\/v2\/users\/7"}],"replies":[{"embeddable":true,"href":"https:\/\/conadi.gob.gt\/web\/wp-json\/wp\/v2\/comments?post=4671"}],"version-history":[{"count":1,"href":"https:\/\/conadi.gob.gt\/web\/wp-json\/wp\/v2\/posts\/4671\/revisions"}],"predecessor-version":[{"id":4675,"href":"https:\/\/conadi.gob.gt\/web\/wp-json\/wp\/v2\/posts\/4671\/revisions\/4675"}],"wp:attachment":[{"href":"https:\/\/conadi.gob.gt\/web\/wp-json\/wp\/v2\/media?parent=4671"}],"wp:term":[{"taxonomy":"category","embeddable":true,"href":"https:\/\/conadi.gob.gt\/web\/wp-json\/wp\/v2\/categories?post=4671"},{"taxonomy":"post_tag","embeddable":true,"href":"https:\/\/conadi.gob.gt\/web\/wp-json\/wp\/v2\/tags?post=4671"}],"curies":[{"name":"wp","href":"https:\/\/api.w.org\/{rel}","templated":true}]}}