{"id":4684,"date":"2017-01-10T22:35:07","date_gmt":"2017-01-10T22:35:07","guid":{"rendered":"http:\/\/conadi.gob.gt\/web\/?p=4684"},"modified":"2017-01-16T16:01:21","modified_gmt":"2017-01-16T16:01:21","slug":"conadi-junta-directiva-2017-2019","status":"publish","type":"post","link":"https:\/\/conadi.gob.gt\/web\/conadi-junta-directiva-2017-2019\/","title":{"rendered":"CONADI Junta Directiva 2017-2019"},"content":{"rendered":"<p>Se jurament\u00f3 a los representantes de la Junta Directiva que tendr\u00e1n a su cargo la direcci\u00f3n administrativa y pol\u00edtica del Consejo Nacional para las personas con Discapacidad \u2013CONADI- por el periodo 2017-2019.<\/p>\n<p>Las personas electas son las siguientes: Jorge Enrique Yat Max, Presidente; William Joel Patz\u00e1n, Vicepresidente; Marta Juliana de Acajab\u00f3n, Secretaria; Ana Leticia Pons, Tesorera y No\u00e9 Inestrosa como vocal. La Presidencia, Secretar\u00eda y Vocal\u00eda ser\u00e1n ejercidos por representantes de la sociedad civil, en tanto la Vicepresidencia y la Tesorer\u00eda, por el sector p\u00fablico.<\/p>\n<p>Esta Junta Directiva tendr\u00e1 la responsabilidad de dirigir todo el proceso que conlleva el cumplimiento de los derechos y libertades fundamentales de las personas con discapacidad, seg\u00fan las orientaciones que emanen del Consejo de Delegados y las acciones que ejecute el personal t\u00e9cnico y administrativo de la instituci\u00f3n durante \u00a0dos a\u00f1os, contando adem\u00e1s con el apoyo de las organizaciones e instituciones que representan al CONADI.<\/p>\n<p>Asimismo, dar\u00e1n seguimiento al Plan que plantea 35 l\u00edneas de acci\u00f3n conforme a los derechos establecidos en la Convenci\u00f3n\u00a0dirigida a ese sector de la poblaci\u00f3n, mismas que generar\u00e1n un proceso de convocatoria interinstitucional para que en ese periodo se puedan recoger los aportes de cada instituci\u00f3n de gobierno en cuanto al tema.<\/p>\n<p>&nbsp;<\/p>\n<p>&nbsp;<\/p>\n<figure id=\"attachment_4685\" aria-describedby=\"caption-attachment-4685\" style=\"width: 807px\" class=\"wp-caption alignleft\"><a href=\"https:\/\/conadi.gob.gt\/web\/wp-content\/uploads\/2017\/01\/collage.jpg\"><img loading=\"lazy\" decoding=\"async\" class=\"wp-image-4685 size-full\" src=\"https:\/\/conadi.gob.gt\/web\/wp-content\/uploads\/2017\/01\/collage.jpg\" alt=\"JD2017-2019\" width=\"807\" height=\"807\" srcset=\"https:\/\/conadi.gob.gt\/web\/wp-content\/uploads\/2017\/01\/collage.jpg 807w, https:\/\/conadi.gob.gt\/web\/wp-content\/uploads\/2017\/01\/collage-150x150.jpg 150w, https:\/\/conadi.gob.gt\/web\/wp-content\/uploads\/2017\/01\/collage-300x300.jpg 300w\" sizes=\"auto, (max-width: 807px) 100vw, 807px\" \/><\/a><figcaption id=\"caption-attachment-4685\" class=\"wp-caption-text\">JD2017-2019<\/figcaption><\/figure>\n","protected":false},"excerpt":{"rendered":"<p>Se jurament\u00f3 a los representantes de la Junta Directiva que tendr\u00e1n a su cargo la direcci\u00f3n administrativa y pol\u00edtica del Consejo Nacional para las personas con Discapacidad \u2013CONADI- por el periodo 2017-2019. Las personas electas son las siguientes: Jorge Enrique Yat Max, Presidente; William Joel Patz\u00e1n, Vicepresidente; Marta Juliana de Acajab\u00f3n, Secretaria; Ana Leticia Pons, &hellip; <\/p>\n<p class=\"link-more\"><a href=\"https:\/\/conadi.gob.gt\/web\/conadi-junta-directiva-2017-2019\/\" class=\"more-link\">Leer m\u00e1s<span class=\"screen-reader-text\"> \u00abCONADI Junta Directiva 2017-2019\u00bb<\/span><\/a><\/p>\n","protected":false},"author":7,"featured_media":0,"comment_status":"open","ping_status":"closed","sticky":false,"template":"","format":"standard","meta":{"footnotes":""},"categories":[3],"tags":[],"class_list":["post-4684","post","type-post","status-publish","format-standard","hentry","category-noticias"],"_links":{"self":[{"href":"https:\/\/conadi.gob.gt\/web\/wp-json\/wp\/v2\/posts\/4684","targetHints":{"allow":["GET"]}}],"collection":[{"href":"https:\/\/conadi.gob.gt\/web\/wp-json\/wp\/v2\/posts"}],"about":[{"href":"https:\/\/conadi.gob.gt\/web\/wp-json\/wp\/v2\/types\/post"}],"author":[{"embeddable":true,"href":"https:\/\/conadi.gob.gt\/web\/wp-json\/wp\/v2\/users\/7"}],"replies":[{"embeddable":true,"href":"https:\/\/conadi.gob.gt\/web\/wp-json\/wp\/v2\/comments?post=4684"}],"version-history":[{"count":5,"href":"https:\/\/conadi.gob.gt\/web\/wp-json\/wp\/v2\/posts\/4684\/revisions"}],"predecessor-version":[{"id":4708,"href":"https:\/\/conadi.gob.gt\/web\/wp-json\/wp\/v2\/posts\/4684\/revisions\/4708"}],"wp:attachment":[{"href":"https:\/\/conadi.gob.gt\/web\/wp-json\/wp\/v2\/media?parent=4684"}],"wp:term":[{"taxonomy":"category","embeddable":true,"href":"https:\/\/conadi.gob.gt\/web\/wp-json\/wp\/v2\/categories?post=4684"},{"taxonomy":"post_tag","embeddable":true,"href":"https:\/\/conadi.gob.gt\/web\/wp-json\/wp\/v2\/tags?post=4684"}],"curies":[{"name":"wp","href":"https:\/\/api.w.org\/{rel}","templated":true}]}}