{"id":4772,"date":"2017-03-21T19:08:47","date_gmt":"2017-03-21T19:08:47","guid":{"rendered":"http:\/\/conadi.gob.gt\/web\/?p=4772"},"modified":"2017-03-21T19:08:47","modified_gmt":"2017-03-21T19:08:47","slug":"presentacion-de-resultados-de-la-encuesta-nacional-de-discapacidad","status":"publish","type":"post","link":"https:\/\/conadi.gob.gt\/web\/presentacion-de-resultados-de-la-encuesta-nacional-de-discapacidad\/","title":{"rendered":"PRESENTACI\u00d3N DE RESULTADOS DE LA ENCUESTA NACIONAL DE DISCAPACIDAD"},"content":{"rendered":"<div id=\"js_16a\" class=\"_5pbx userContent\">\n<div id=\"id_58d16f7bf185d8886139030\" class=\"text_exposed_root text_exposed\">\n<p>Presentaci\u00f3n de los resultados a II Encuesta Nacional de Discapacidad\u00a0<a href=\"https:\/\/conadi.gob.gt\/web\/wp-content\/uploads\/2017\/03\/IMG_6398.jpg\"><img loading=\"lazy\" decoding=\"async\" class=\"alignnone size-medium wp-image-4770\" src=\"https:\/\/conadi.gob.gt\/web\/wp-content\/uploads\/2017\/03\/IMG_6398.jpg\" alt=\"IMG_6398\" width=\"1\" height=\"1\" \/><\/a><a href=\"https:\/\/conadi.gob.gt\/web\/wp-content\/uploads\/2017\/03\/IMG_65771.jpg\"><img loading=\"lazy\" decoding=\"async\" class=\"alignnone size-medium wp-image-4771\" src=\"https:\/\/conadi.gob.gt\/web\/wp-content\/uploads\/2017\/03\/IMG_65771.jpg\" alt=\"IMG_6577\" width=\"1\" height=\"1\" \/><\/a><a href=\"https:\/\/conadi.gob.gt\/web\/wp-content\/uploads\/2017\/03\/IMG_63632.jpg\"><img loading=\"lazy\" decoding=\"async\" class=\"alignnone size-medium wp-image-4769\" src=\"https:\/\/conadi.gob.gt\/web\/wp-content\/uploads\/2017\/03\/IMG_63632.jpg\" alt=\"IMG_6363\" width=\"1\" height=\"1\" \/><\/a><a href=\"https:\/\/conadi.gob.gt\/web\/wp-content\/uploads\/2017\/03\/IMG_63181.jpg\"><img loading=\"lazy\" decoding=\"async\" class=\"alignnone size-medium wp-image-4768\" src=\"https:\/\/conadi.gob.gt\/web\/wp-content\/uploads\/2017\/03\/IMG_63181.jpg\" alt=\"IMG_6318\" width=\"1\" height=\"1\" \/><\/a><a href=\"https:\/\/conadi.gob.gt\/web\/wp-content\/uploads\/2017\/03\/IMG_6340.jpg\"><img loading=\"lazy\" decoding=\"async\" class=\"alignnone size-medium wp-image-4767\" src=\"https:\/\/conadi.gob.gt\/web\/wp-content\/uploads\/2017\/03\/IMG_6340.jpg\" alt=\"IMG_6340\" width=\"1\" height=\"1\" \/><\/a><a href=\"https:\/\/conadi.gob.gt\/web\/wp-content\/uploads\/2017\/03\/IMG_63631.jpg\"><img loading=\"lazy\" decoding=\"async\" class=\"alignnone size-medium wp-image-4766\" src=\"https:\/\/conadi.gob.gt\/web\/wp-content\/uploads\/2017\/03\/IMG_63631.jpg\" alt=\"IMG_6363\" width=\"1\" height=\"1\" \/><\/a><a href=\"https:\/\/conadi.gob.gt\/web\/wp-content\/uploads\/2017\/03\/IMG_6466.jpg\"><img loading=\"lazy\" decoding=\"async\" class=\"alignnone size-medium wp-image-4763\" src=\"https:\/\/conadi.gob.gt\/web\/wp-content\/uploads\/2017\/03\/IMG_6466.jpg\" alt=\"IMG_6466\" width=\"1\" height=\"1\" \/><\/a><a href=\"https:\/\/conadi.gob.gt\/web\/wp-content\/uploads\/2017\/03\/IMG_6577.jpg\"><img loading=\"lazy\" decoding=\"async\" class=\"alignnone size-medium wp-image-4764\" src=\"https:\/\/conadi.gob.gt\/web\/wp-content\/uploads\/2017\/03\/IMG_6577.jpg\" alt=\"IMG_6577\" width=\"1\" height=\"1\" \/><\/a><a href=\"https:\/\/conadi.gob.gt\/web\/wp-content\/uploads\/2017\/03\/IMG_6695.jpg\"><img loading=\"lazy\" decoding=\"async\" class=\"alignnone size-medium wp-image-4765\" src=\"https:\/\/conadi.gob.gt\/web\/wp-content\/uploads\/2017\/03\/IMG_6695.jpg\" alt=\"IMG_6695\" width=\"1\" height=\"1\" \/><\/a><a href=\"https:\/\/conadi.gob.gt\/web\/wp-content\/uploads\/2017\/03\/IMG_6390.jpg\"><img loading=\"lazy\" decoding=\"async\" class=\"alignnone size-medium wp-image-4762\" src=\"https:\/\/conadi.gob.gt\/web\/wp-content\/uploads\/2017\/03\/IMG_6390.jpg\" alt=\"IMG_6390\" width=\"1\" height=\"1\" \/><\/a><a href=\"https:\/\/conadi.gob.gt\/web\/wp-content\/uploads\/2017\/03\/IMG_6363.jpg\"><img loading=\"lazy\" decoding=\"async\" class=\"alignnone size-medium wp-image-4761\" src=\"https:\/\/conadi.gob.gt\/web\/wp-content\/uploads\/2017\/03\/IMG_6363.jpg\" alt=\"IMG_6363\" width=\"1\" height=\"1\" \/><\/a><a href=\"https:\/\/conadi.gob.gt\/web\/wp-content\/uploads\/2017\/03\/IMG_6318.jpg\"><img loading=\"lazy\" decoding=\"async\" class=\"alignnone size-medium wp-image-4760\" src=\"https:\/\/conadi.gob.gt\/web\/wp-content\/uploads\/2017\/03\/IMG_6318.jpg\" alt=\"IMG_6318\" width=\"1\" height=\"1\" \/><\/a><a class=\"_58cn\" href=\"https:\/\/www.facebook.com\/hashtag\/endis2016?source=feed_text&amp;story_id=1404664002934087\"><span class=\"_5afx\"><span class=\"_58cl _5afz\">#<\/span><span class=\"_58cm\">endis2016<\/span><\/span><\/a>.<br \/>\nEl Consejo Nacional Para la Atenci\u00f3n de las Personas con Discapacidad (CONADI), el Instituto Nacional de Estad\u00edstica (INE), CBM y UNICEF presentaron los resultados de la II Encuesta Nacional de Discapacidad (ENDIS 2016).<br \/>\nDe acuerdo a la encuesta, el 10.2% de la poblaci\u00f3n guatemalteca tiene alg\u00fan tipo de discapacidad, es decir, cerca de 1.6 millones de personas. La prevalencia de discapacidad fu<span class=\"text_exposed_show\">e mayor en la regi\u00f3n central 15.7%, noroccidente 14.9, nororiente 6.1%, suroriente 5.4%, suroccidente 10.4%.<br \/>\nEntre los resultados m\u00e1s destacados resaltan que en una de cada tres familias vive al menos una persona con discapacidad. Adicionalmente, la prevalencia de esa condici\u00f3n de vida incrementa con la edad, siendo as\u00ed que el 5% de la ni\u00f1ez entre 2 a 17 a\u00f1os, posee alguna discapacidad. En los j\u00f3venes y adultos de 18 a 49 a\u00f1os, la tendencia aumenta al 12% y en las personas mayores de 50 a\u00f1os, es el 26%.<br \/>\nCONADI, INE, CBM y UNICEF instan a todos los sectores del Gobierno, a la sociedad civil y el sector privado a conocer en detalle los resultados de este estudio y a las organizaciones en pro de los derechos de las personas de discapacidad a tomar este informe como un instrumento de incidencia para alcanzar acciones concretas y programas que garanticen la prevenci\u00f3n y atenci\u00f3n a este grupo poblacional que, por lo general, vive en exclusi\u00f3n y vulnerabilidad.<\/span><\/p>\n<\/div>\n<\/div>\n<p>&nbsp;<\/p>\n<p>&nbsp;<\/p>\n<div class=\"_3x-2\"><\/div>\n","protected":false},"excerpt":{"rendered":"<p>Presentaci\u00f3n de los resultados a II Encuesta Nacional de Discapacidad\u00a0#endis2016. El Consejo Nacional Para la Atenci\u00f3n de las Personas con Discapacidad (CONADI), el Instituto Nacional de Estad\u00edstica (INE), CBM y UNICEF presentaron los resultados de la II Encuesta Nacional de Discapacidad (ENDIS 2016). De acuerdo a la encuesta, el 10.2% de la poblaci\u00f3n guatemalteca tiene &hellip; <\/p>\n<p class=\"link-more\"><a href=\"https:\/\/conadi.gob.gt\/web\/presentacion-de-resultados-de-la-encuesta-nacional-de-discapacidad\/\" class=\"more-link\">Leer m\u00e1s<span class=\"screen-reader-text\"> \u00abPRESENTACI\u00d3N DE RESULTADOS DE LA ENCUESTA NACIONAL DE DISCAPACIDAD\u00bb<\/span><\/a><\/p>\n","protected":false},"author":7,"featured_media":0,"comment_status":"open","ping_status":"closed","sticky":false,"template":"","format":"standard","meta":{"footnotes":""},"categories":[3,1],"tags":[],"class_list":["post-4772","post","type-post","status-publish","format-standard","hentry","category-noticias","category-sin-categoria"],"_links":{"self":[{"href":"https:\/\/conadi.gob.gt\/web\/wp-json\/wp\/v2\/posts\/4772","targetHints":{"allow":["GET"]}}],"collection":[{"href":"https:\/\/conadi.gob.gt\/web\/wp-json\/wp\/v2\/posts"}],"about":[{"href":"https:\/\/conadi.gob.gt\/web\/wp-json\/wp\/v2\/types\/post"}],"author":[{"embeddable":true,"href":"https:\/\/conadi.gob.gt\/web\/wp-json\/wp\/v2\/users\/7"}],"replies":[{"embeddable":true,"href":"https:\/\/conadi.gob.gt\/web\/wp-json\/wp\/v2\/comments?post=4772"}],"version-history":[{"count":2,"href":"https:\/\/conadi.gob.gt\/web\/wp-json\/wp\/v2\/posts\/4772\/revisions"}],"predecessor-version":[{"id":4774,"href":"https:\/\/conadi.gob.gt\/web\/wp-json\/wp\/v2\/posts\/4772\/revisions\/4774"}],"wp:attachment":[{"href":"https:\/\/conadi.gob.gt\/web\/wp-json\/wp\/v2\/media?parent=4772"}],"wp:term":[{"taxonomy":"category","embeddable":true,"href":"https:\/\/conadi.gob.gt\/web\/wp-json\/wp\/v2\/categories?post=4772"},{"taxonomy":"post_tag","embeddable":true,"href":"https:\/\/conadi.gob.gt\/web\/wp-json\/wp\/v2\/tags?post=4772"}],"curies":[{"name":"wp","href":"https:\/\/api.w.org\/{rel}","templated":true}]}}