{"id":4776,"date":"2017-03-21T22:21:18","date_gmt":"2017-03-21T22:21:18","guid":{"rendered":"http:\/\/conadi.gob.gt\/web\/?p=4776"},"modified":"2017-03-21T22:37:34","modified_gmt":"2017-03-21T22:37:34","slug":"convenio-de-cooperacion-interinstitucional-entre-el-conadi-y-conjuve","status":"publish","type":"post","link":"https:\/\/conadi.gob.gt\/web\/convenio-de-cooperacion-interinstitucional-entre-el-conadi-y-conjuve\/","title":{"rendered":"CONVENIO DE COOPERACI\u00d3N INTERINSTITUCIONAL ENTRE EL CONADI Y CONJUVE"},"content":{"rendered":"<p><a href=\"https:\/\/conadi.gob.gt\/web\/wp-content\/uploads\/2017\/03\/IMG_85951.jpg\"><img loading=\"lazy\" decoding=\"async\" class=\"  aligncenter wp-image-4777 size-full\" src=\"https:\/\/conadi.gob.gt\/web\/wp-content\/uploads\/2017\/03\/IMG_85951.jpg\" alt=\"IMG_8595\" width=\"2256\" height=\"1504\" srcset=\"https:\/\/conadi.gob.gt\/web\/wp-content\/uploads\/2017\/03\/IMG_85951.jpg 2256w, https:\/\/conadi.gob.gt\/web\/wp-content\/uploads\/2017\/03\/IMG_85951-300x200.jpg 300w, https:\/\/conadi.gob.gt\/web\/wp-content\/uploads\/2017\/03\/IMG_85951-1024x683.jpg 1024w, https:\/\/conadi.gob.gt\/web\/wp-content\/uploads\/2017\/03\/IMG_85951-90x60.jpg 90w, https:\/\/conadi.gob.gt\/web\/wp-content\/uploads\/2017\/03\/IMG_85951-180x120.jpg 180w, https:\/\/conadi.gob.gt\/web\/wp-content\/uploads\/2017\/03\/IMG_85951-95x64.jpg 95w\" sizes=\"auto, (max-width: 2256px) 100vw, 2256px\" \/><\/a><\/p>\n<p>&nbsp;<\/p>\n<p>&nbsp;<\/p>\n<p>&nbsp;<\/p>\n<p>&nbsp;<\/p>\n<p>&nbsp;<\/p>\n<p>&nbsp;<\/p>\n<p>&nbsp;<\/p>\n<p>&nbsp;<\/p>\n<p>&nbsp;<\/p>\n<p>&nbsp;<\/p>\n<p>&nbsp;<\/p>\n<p>El Consejo Nacional para la Atenci\u00f3n de las Personas con Discapacidad y el Consejo Nacional de la Juventud, firmaron un convenio de cooperaci\u00f3n interinstitucional el martes 21 de marzo del 2017, en la ciudad de Guatemala.<br \/>\nEl CONJUVE deber\u00e1 institucionalizar la tem\u00e1tica de discapacidad de acuerdo a lo que establece la Convenci\u00f3n Sobre los Derechos de las Personas con Discapacidad. Deber\u00e1 promover la inclusi\u00f3n de las personas con discapacidad que son afectos a los programas q<span class=\"text_exposed_show\">ue se establecen desde el CONJUVE, dando cumplimiento a la implementaci\u00f3n de las pol\u00edticas vigentes y la legislaci\u00f3n en beneficio de los j\u00f3venes y por ende j\u00f3venes con discapacidad de Guatemala.<br \/>\nAsimismo el CONJUVE deber\u00e1 incluir dentro del abordaje integral de la promoci\u00f3n de la salud y la prevenci\u00f3n del embarazo en la ni\u00f1ez, adolescencia y juventud, a trav\u00e9s de la Pol\u00edtica Nacional de la Juventud 2012-2020, a la poblaci\u00f3n de j\u00f3venes con discapacidad.<br \/>\nOtro de los compromisos adquiridos, se deriva de las recomendaciones del Comit\u00e9 de Expertos de las Naciones Unidas en materia de discapacidad, el cual refiere que se debe proyectar una imagen positiva de los j\u00f3venes con discapacidad, promoviendo un enfoque de Derechos Humanos, estableciendo que las actividades p\u00fablicas del CONJUVE permitan informar a la sociedad en general sobre la importancia de la inclusi\u00f3n social de los j\u00f3venes con discapacidad.<br \/>\nEl CONADI de acuerdo a su mandato legal, coordinar\u00e1 y apoyar\u00e1 al CONJUVE en temas relacionados con los procesos de inclusi\u00f3n de las personas con discapacidad, respecto a las acciones contenidas en la Pol\u00edtica Nacional de la Juventud, para que se fortalezca la inclusi\u00f3n de J\u00f3venes con discapacidad en el quehacer institucional del CONJUVE.<br \/>\nAmbas entidades deber\u00e1n monitorear el avance e implementaci\u00f3n de la Pol\u00edtica Nacional de la Juventud, la Pol\u00edtica Nacional de Discapacidad y el Plan Nacional para la Prevenci\u00f3n de Embarazos en Adolescentes y J\u00f3venes.<\/span><\/p>\n<p>&nbsp;<\/p>\n<p>&nbsp;<\/p>\n<p>&nbsp;<\/p>\n","protected":false},"excerpt":{"rendered":"<p>&nbsp; &nbsp; &nbsp; &nbsp; &nbsp; &nbsp; &nbsp; &nbsp; &nbsp; &nbsp; &nbsp; El Consejo Nacional para la Atenci\u00f3n de las Personas con Discapacidad y el Consejo Nacional de la Juventud, firmaron un convenio de cooperaci\u00f3n interinstitucional el martes 21 de marzo del 2017, en la ciudad de Guatemala. El CONJUVE deber\u00e1 institucionalizar la tem\u00e1tica de discapacidad &hellip; <\/p>\n<p class=\"link-more\"><a href=\"https:\/\/conadi.gob.gt\/web\/convenio-de-cooperacion-interinstitucional-entre-el-conadi-y-conjuve\/\" class=\"more-link\">Leer m\u00e1s<span class=\"screen-reader-text\"> \u00abCONVENIO DE COOPERACI\u00d3N INTERINSTITUCIONAL ENTRE EL CONADI Y CONJUVE\u00bb<\/span><\/a><\/p>\n","protected":false},"author":7,"featured_media":0,"comment_status":"open","ping_status":"closed","sticky":false,"template":"","format":"standard","meta":{"footnotes":""},"categories":[3],"tags":[],"class_list":["post-4776","post","type-post","status-publish","format-standard","hentry","category-noticias"],"_links":{"self":[{"href":"https:\/\/conadi.gob.gt\/web\/wp-json\/wp\/v2\/posts\/4776","targetHints":{"allow":["GET"]}}],"collection":[{"href":"https:\/\/conadi.gob.gt\/web\/wp-json\/wp\/v2\/posts"}],"about":[{"href":"https:\/\/conadi.gob.gt\/web\/wp-json\/wp\/v2\/types\/post"}],"author":[{"embeddable":true,"href":"https:\/\/conadi.gob.gt\/web\/wp-json\/wp\/v2\/users\/7"}],"replies":[{"embeddable":true,"href":"https:\/\/conadi.gob.gt\/web\/wp-json\/wp\/v2\/comments?post=4776"}],"version-history":[{"count":5,"href":"https:\/\/conadi.gob.gt\/web\/wp-json\/wp\/v2\/posts\/4776\/revisions"}],"predecessor-version":[{"id":4785,"href":"https:\/\/conadi.gob.gt\/web\/wp-json\/wp\/v2\/posts\/4776\/revisions\/4785"}],"wp:attachment":[{"href":"https:\/\/conadi.gob.gt\/web\/wp-json\/wp\/v2\/media?parent=4776"}],"wp:term":[{"taxonomy":"category","embeddable":true,"href":"https:\/\/conadi.gob.gt\/web\/wp-json\/wp\/v2\/categories?post=4776"},{"taxonomy":"post_tag","embeddable":true,"href":"https:\/\/conadi.gob.gt\/web\/wp-json\/wp\/v2\/tags?post=4776"}],"curies":[{"name":"wp","href":"https:\/\/api.w.org\/{rel}","templated":true}]}}