{"id":4851,"date":"2017-06-16T16:25:51","date_gmt":"2017-06-16T16:25:51","guid":{"rendered":"http:\/\/conadi.gob.gt\/web\/?p=4851"},"modified":"2017-06-16T16:29:14","modified_gmt":"2017-06-16T16:29:14","slug":"conadi-y-conred-suscriben-acuerdo","status":"publish","type":"post","link":"https:\/\/conadi.gob.gt\/web\/conadi-y-conred-suscriben-acuerdo\/","title":{"rendered":"CONADI Y CONRED SUSCRIBEN ACUERDO"},"content":{"rendered":"<p>Firma de convenio de cooperaci\u00f3n interinstitucional entre la Secretar\u00eda Ejecutiva de la CONRED y el Consejo Nacional para la Atenci\u00f3n de las Personas con Discapacidad -CONADI-, con el prop\u00f3sito de promover la inclusi\u00f3n de las personas con discapacidad en acciones de gesti\u00f3n integral para la reducci\u00f3n del riesgo a los desastres.<\/p>\n<p>Guatemala ha trabajado en fomentar la inclusi\u00f3n de personas con discapacidad en reducci\u00f3n de desastres, planteamiento que a nivel internacional tambi\u00e9n se ha establecido en el Marco de Acci\u00f3n de Sendai.<\/p>\n<p>En la firma del convenio de cooperaci\u00f3n particip\u00f3 el Secretario Ejecutivo de la CONRED, Sergio Garc\u00eda Caba\u00f1as; y el Presidente y Representante Legal de CONADI, Jorge Enrique Yat y como testiga de honor Mariko Kagoshima, Representa Adjunta de UNICEF en Guatemala.<\/p>\n<p>&nbsp;<\/p>\n<figure id=\"attachment_4852\" aria-describedby=\"caption-attachment-4852\" style=\"width: 1024px\" class=\"wp-caption aligncenter\"><a href=\"https:\/\/conadi.gob.gt\/web\/wp-content\/uploads\/2017\/06\/conred-1.jpg\"><img loading=\"lazy\" decoding=\"async\" id=\"longdesc-return-4852\" class=\"wp-image-4852 size-large\" src=\"https:\/\/conadi.gob.gt\/web\/wp-content\/uploads\/2017\/06\/conred-1-1024x636.jpg\" alt=\"Convenio Conred y CONADI\" width=\"1024\" height=\"636\" longdesc=\"https:\/\/conadi.gob.gt\/web?longdesc=4852&amp;referrer=4851\" srcset=\"https:\/\/conadi.gob.gt\/web\/wp-content\/uploads\/2017\/06\/conred-1-1024x636.jpg 1024w, https:\/\/conadi.gob.gt\/web\/wp-content\/uploads\/2017\/06\/conred-1-300x186.jpg 300w, https:\/\/conadi.gob.gt\/web\/wp-content\/uploads\/2017\/06\/conred-1-120x76.jpg 120w, https:\/\/conadi.gob.gt\/web\/wp-content\/uploads\/2017\/06\/conred-1-308x192.jpg 308w, https:\/\/conadi.gob.gt\/web\/wp-content\/uploads\/2017\/06\/conred-1-610x380.jpg 610w, https:\/\/conadi.gob.gt\/web\/wp-content\/uploads\/2017\/06\/conred-1-822x512.jpg 822w\" sizes=\"auto, (max-width: 1024px) 100vw, 1024px\" \/><\/a><figcaption id=\"caption-attachment-4852\" class=\"wp-caption-text\">Convenio Conred-CONADI<\/figcaption><\/figure>\n","protected":false},"excerpt":{"rendered":"<p>Firma de convenio de cooperaci\u00f3n interinstitucional entre la Secretar\u00eda Ejecutiva de la CONRED y el Consejo Nacional para la Atenci\u00f3n de las Personas con Discapacidad -CONADI-, con el prop\u00f3sito de promover la inclusi\u00f3n de las personas con discapacidad en acciones de gesti\u00f3n integral para la reducci\u00f3n del riesgo a los desastres. Guatemala ha trabajado en &hellip; <\/p>\n<p class=\"link-more\"><a href=\"https:\/\/conadi.gob.gt\/web\/conadi-y-conred-suscriben-acuerdo\/\" class=\"more-link\">Leer m\u00e1s<span class=\"screen-reader-text\"> \u00abCONADI Y CONRED SUSCRIBEN ACUERDO\u00bb<\/span><\/a><\/p>\n","protected":false},"author":7,"featured_media":0,"comment_status":"open","ping_status":"closed","sticky":false,"template":"","format":"standard","meta":{"footnotes":""},"categories":[3],"tags":[],"class_list":["post-4851","post","type-post","status-publish","format-standard","hentry","category-noticias"],"_links":{"self":[{"href":"https:\/\/conadi.gob.gt\/web\/wp-json\/wp\/v2\/posts\/4851","targetHints":{"allow":["GET"]}}],"collection":[{"href":"https:\/\/conadi.gob.gt\/web\/wp-json\/wp\/v2\/posts"}],"about":[{"href":"https:\/\/conadi.gob.gt\/web\/wp-json\/wp\/v2\/types\/post"}],"author":[{"embeddable":true,"href":"https:\/\/conadi.gob.gt\/web\/wp-json\/wp\/v2\/users\/7"}],"replies":[{"embeddable":true,"href":"https:\/\/conadi.gob.gt\/web\/wp-json\/wp\/v2\/comments?post=4851"}],"version-history":[{"count":3,"href":"https:\/\/conadi.gob.gt\/web\/wp-json\/wp\/v2\/posts\/4851\/revisions"}],"predecessor-version":[{"id":4855,"href":"https:\/\/conadi.gob.gt\/web\/wp-json\/wp\/v2\/posts\/4851\/revisions\/4855"}],"wp:attachment":[{"href":"https:\/\/conadi.gob.gt\/web\/wp-json\/wp\/v2\/media?parent=4851"}],"wp:term":[{"taxonomy":"category","embeddable":true,"href":"https:\/\/conadi.gob.gt\/web\/wp-json\/wp\/v2\/categories?post=4851"},{"taxonomy":"post_tag","embeddable":true,"href":"https:\/\/conadi.gob.gt\/web\/wp-json\/wp\/v2\/tags?post=4851"}],"curies":[{"name":"wp","href":"https:\/\/api.w.org\/{rel}","templated":true}]}}