{"id":4857,"date":"2017-06-16T16:41:05","date_gmt":"2017-06-16T16:41:05","guid":{"rendered":"http:\/\/conadi.gob.gt\/web\/?p=4857"},"modified":"2017-06-16T16:41:05","modified_gmt":"2017-06-16T16:41:05","slug":"en-el-marco-de-los-xx-anos-del-conadi-se-firmo-el-convenio-de-cooperacion-interinstitucional-con-el-organismo-judicial","status":"publish","type":"post","link":"https:\/\/conadi.gob.gt\/web\/en-el-marco-de-los-xx-anos-del-conadi-se-firmo-el-convenio-de-cooperacion-interinstitucional-con-el-organismo-judicial\/","title":{"rendered":"En el marco de los XX a\u00f1os del CONADI se firm\u00f3 el convenio de cooperaci\u00f3n interinstitucional con el Organismo Judicial"},"content":{"rendered":"<p>Con el prop\u00f3sito de garantizar el acceso a las personas con discapacidad al sistema de justicia en igualdad de condiciones, el presidente del Organismo Judicial -OJ- y de la Corte Suprema de Justicia -CSJ-, Nery Osvaldo Medina M\u00e9ndez, Magistradas y Magistrados de \u00e9se \u00f3rgano, as\u00ed como representantes del CONADI, firmaron un convenio de cooperaci\u00f3n interinstitucional.<\/p>\n<p>Con la suscripci\u00f3n se busca conformar un equipo t\u00e9cnico integrado por delegados del OJ y el CONADI para garantizar el acceso a las Personas con Discapacidad a la justicia. Establecer, asimismo, los mecanismos que permitan el abordaje de la capacidad jur\u00eddica de las personas con discapacidad intelectual y psicosocial.<\/p>\n<p>La evoluci\u00f3n y monitoreo del convenio de cooperaci\u00f3n se realizar\u00e1n a trav\u00e9s de los enlaces que establezcan ambas instituciones y los resultados ser\u00e1n p\u00fablicos.<\/p>\n<p>Dentro de los objetivos de la suscripci\u00f3n del convenio, est\u00e1 el velar por el derecho a ser o\u00eddo, derecho a un recurso efectivo, derecho de igualdad ante los tribunales, igualdad de los medios procesales, derecho a ser juzgado por un tribunal competente, independiente e imparcial.<\/p>\n<p>Tambi\u00e9n se pretende eliminar las barreras socio-culturales, toma de conciencia de las Personas que operan el sistema de justicia, con la finalidad de permitir que las personas con discapacidad en su interacci\u00f3n con el sistema obtengan un acceso igualitario a la justicia.<\/p>\n<p>Es importante resaltar que la coordinaci\u00f3n interinstitucional entre el OJ y el CONADI, es la base para dar cumplimiento a la Convenci\u00f3n Sobre los Derechos de las Personas con Discapacidad \u2013CDPD- y el acceso a la justicia en igualdad de condiciones, tomando en cuenta las Reglas de Brasilia, que buscan promover acciones y asegurar el acceso efectivo a la justicia de las personas con discapacidad, una de las preocupaciones que tambi\u00e9n fueron planteadas al Estado guatemalteco en el primer examen de pa\u00eds en cuanto al cumplimiento de la CDPD.<\/p>\n<p>El convenio se suscribi\u00f3 en el marco de los XX a\u00f1os del CONADI, m\u00e1xima instituci\u00f3n que se ha constituido en el pa\u00eds en materia de discapacidad, con esta acci\u00f3n se ve altamente fortalecido.<\/p>\n<p>&nbsp;<\/p>\n<p>&nbsp;<\/p>\n<figure id=\"attachment_4858\" aria-describedby=\"caption-attachment-4858\" style=\"width: 1024px\" class=\"wp-caption aligncenter\"><a href=\"https:\/\/conadi.gob.gt\/web\/wp-content\/uploads\/2017\/06\/oj.jpg\"><img loading=\"lazy\" decoding=\"async\" id=\"longdesc-return-4858\" class=\"wp-image-4858 size-large\" src=\"https:\/\/conadi.gob.gt\/web\/wp-content\/uploads\/2017\/06\/oj-1024x636.jpg\" alt=\"Suscripci\u00f3n OJ-CONADI\" width=\"1024\" height=\"636\" longdesc=\"https:\/\/conadi.gob.gt\/web?longdesc=4858&amp;referrer=4857\" srcset=\"https:\/\/conadi.gob.gt\/web\/wp-content\/uploads\/2017\/06\/oj-1024x636.jpg 1024w, https:\/\/conadi.gob.gt\/web\/wp-content\/uploads\/2017\/06\/oj-300x186.jpg 300w, https:\/\/conadi.gob.gt\/web\/wp-content\/uploads\/2017\/06\/oj-120x76.jpg 120w, https:\/\/conadi.gob.gt\/web\/wp-content\/uploads\/2017\/06\/oj-308x192.jpg 308w, https:\/\/conadi.gob.gt\/web\/wp-content\/uploads\/2017\/06\/oj-610x380.jpg 610w, https:\/\/conadi.gob.gt\/web\/wp-content\/uploads\/2017\/06\/oj-822x512.jpg 822w\" sizes=\"auto, (max-width: 1024px) 100vw, 1024px\" \/><\/a><figcaption id=\"caption-attachment-4858\" class=\"wp-caption-text\">Convenio CONADI y OJ<\/figcaption><\/figure>\n","protected":false},"excerpt":{"rendered":"<p>Con el prop\u00f3sito de garantizar el acceso a las personas con discapacidad al sistema de justicia en igualdad de condiciones, el presidente del Organismo Judicial -OJ- y de la Corte Suprema de Justicia -CSJ-, Nery Osvaldo Medina M\u00e9ndez, Magistradas y Magistrados de \u00e9se \u00f3rgano, as\u00ed como representantes del CONADI, firmaron un convenio de cooperaci\u00f3n interinstitucional. &hellip; <\/p>\n<p class=\"link-more\"><a href=\"https:\/\/conadi.gob.gt\/web\/en-el-marco-de-los-xx-anos-del-conadi-se-firmo-el-convenio-de-cooperacion-interinstitucional-con-el-organismo-judicial\/\" class=\"more-link\">Leer m\u00e1s<span class=\"screen-reader-text\"> \u00abEn el marco de los XX a\u00f1os del CONADI se firm\u00f3 el convenio de cooperaci\u00f3n interinstitucional con el Organismo Judicial\u00bb<\/span><\/a><\/p>\n","protected":false},"author":7,"featured_media":0,"comment_status":"open","ping_status":"closed","sticky":false,"template":"","format":"standard","meta":{"footnotes":""},"categories":[3],"tags":[],"class_list":["post-4857","post","type-post","status-publish","format-standard","hentry","category-noticias"],"_links":{"self":[{"href":"https:\/\/conadi.gob.gt\/web\/wp-json\/wp\/v2\/posts\/4857","targetHints":{"allow":["GET"]}}],"collection":[{"href":"https:\/\/conadi.gob.gt\/web\/wp-json\/wp\/v2\/posts"}],"about":[{"href":"https:\/\/conadi.gob.gt\/web\/wp-json\/wp\/v2\/types\/post"}],"author":[{"embeddable":true,"href":"https:\/\/conadi.gob.gt\/web\/wp-json\/wp\/v2\/users\/7"}],"replies":[{"embeddable":true,"href":"https:\/\/conadi.gob.gt\/web\/wp-json\/wp\/v2\/comments?post=4857"}],"version-history":[{"count":1,"href":"https:\/\/conadi.gob.gt\/web\/wp-json\/wp\/v2\/posts\/4857\/revisions"}],"predecessor-version":[{"id":4859,"href":"https:\/\/conadi.gob.gt\/web\/wp-json\/wp\/v2\/posts\/4857\/revisions\/4859"}],"wp:attachment":[{"href":"https:\/\/conadi.gob.gt\/web\/wp-json\/wp\/v2\/media?parent=4857"}],"wp:term":[{"taxonomy":"category","embeddable":true,"href":"https:\/\/conadi.gob.gt\/web\/wp-json\/wp\/v2\/categories?post=4857"},{"taxonomy":"post_tag","embeddable":true,"href":"https:\/\/conadi.gob.gt\/web\/wp-json\/wp\/v2\/tags?post=4857"}],"curies":[{"name":"wp","href":"https:\/\/api.w.org\/{rel}","templated":true}]}}