{"id":4863,"date":"2017-06-16T17:54:14","date_gmt":"2017-06-16T17:54:14","guid":{"rendered":"http:\/\/conadi.gob.gt\/web\/?p=4863"},"modified":"2017-06-16T20:19:34","modified_gmt":"2017-06-16T20:19:34","slug":"firma-de-convenio-de-sepaz-conadi","status":"publish","type":"post","link":"https:\/\/conadi.gob.gt\/web\/firma-de-convenio-de-sepaz-conadi\/","title":{"rendered":"Firma de Convenio SEPAZ \u2013 CONADI"},"content":{"rendered":"<p>La Secretar\u00eda de la Paz de la presidencia firm\u00f3 un convenio interinstitucional con el Consejo Nacional para la Atenci\u00f3n de las Personas con Discapacidad -CONADI-, con el prop\u00f3sito de promover el cumplimiento de los compromisos adoptados por el Estado de Guatemala como pa\u00eds signatario de convenios y tratados nacionales e internacionales en materia de derechos de las personas con discapacidad, enfocado a tener una sociedad m\u00e1s justa e incluyente y que las personas con discapacidad tengan las mismas oportunidades que todos en la sociedad guatemalteca.<\/p>\n<p>Uno de los compromisos asumidos por el Estado de Guatemala se plasm\u00f3 con la ratificaci\u00f3n de la Convenci\u00f3n Sobre los Derechos de las Personas con Discapacidad de las Naciones Unidas, a trav\u00e9s de la convenci\u00f3n se lograron planteamientos que llevaban impl\u00edcitamente un verdadero desarrollo integral que favoreci\u00f3 a los m\u00e1s de dos millones de guatemaltecos que viven en condiciones de discapacidad.<\/p>\n<p>El CONADI es el ente coordinador, asesor e impulsor de las pol\u00edticas generales en discapacidad en Guatemala, instituci\u00f3n que tiene su fundamento legal en el Decreto 135-96, la Ley de Atenci\u00f3n a las Personas con Discapacidad, instrumento que deriva de la Firma de los Acuerdos de Paz Firme y Duradera, por lo que a partir de su creaci\u00f3n, mantiene una estrecha relaci\u00f3n con la Secretar\u00eda de la Paz, primero para la organizaci\u00f3n y ejecuci\u00f3n del Programa de Atenci\u00f3n a Personas con Discapacidad y luego, para la organizaci\u00f3n y realizaci\u00f3n del primer diagn\u00f3stico sobre personas con discapacidad.<\/p>\n<p>Este convenio se suscribi\u00f3 el 19 de mayo de 2017 en el marco del XX aniversario del CONADI y de la firma de paz firme y duradera.<\/p>\n<p>&nbsp;<\/p>\n<p>&nbsp;<\/p>\n<figure id=\"attachment_4864\" aria-describedby=\"caption-attachment-4864\" style=\"width: 1024px\" class=\"wp-caption aligncenter\"><a href=\"https:\/\/conadi.gob.gt\/web\/wp-content\/uploads\/2017\/06\/collage-sepaz.jpg\"><img loading=\"lazy\" decoding=\"async\" id=\"longdesc-return-4864\" class=\"wp-image-4864 size-large\" src=\"https:\/\/conadi.gob.gt\/web\/wp-content\/uploads\/2017\/06\/collage-sepaz-1024x735.jpg\" alt=\"Suscripci\u00f3n CONADI-SEPAZ\" width=\"1024\" height=\"735\" longdesc=\"https:\/\/conadi.gob.gt\/web?longdesc=4864&amp;referrer=4863\" srcset=\"https:\/\/conadi.gob.gt\/web\/wp-content\/uploads\/2017\/06\/collage-sepaz-1024x735.jpg 1024w, https:\/\/conadi.gob.gt\/web\/wp-content\/uploads\/2017\/06\/collage-sepaz-300x215.jpg 300w, https:\/\/conadi.gob.gt\/web\/wp-content\/uploads\/2017\/06\/collage-sepaz-475x342.jpg 475w\" sizes=\"auto, (max-width: 1024px) 100vw, 1024px\" \/><\/a><figcaption id=\"caption-attachment-4864\" class=\"wp-caption-text\">Convenio Sepaz-CONAD<\/figcaption><\/figure>\n","protected":false},"excerpt":{"rendered":"<p>La Secretar\u00eda de la Paz de la presidencia firm\u00f3 un convenio interinstitucional con el Consejo Nacional para la Atenci\u00f3n de las Personas con Discapacidad -CONADI-, con el prop\u00f3sito de promover el cumplimiento de los compromisos adoptados por el Estado de Guatemala como pa\u00eds signatario de convenios y tratados nacionales e internacionales en materia de derechos &hellip; <\/p>\n<p class=\"link-more\"><a href=\"https:\/\/conadi.gob.gt\/web\/firma-de-convenio-de-sepaz-conadi\/\" class=\"more-link\">Leer m\u00e1s<span class=\"screen-reader-text\"> \u00abFirma de Convenio SEPAZ \u2013 CONADI\u00bb<\/span><\/a><\/p>\n","protected":false},"author":7,"featured_media":0,"comment_status":"open","ping_status":"closed","sticky":false,"template":"","format":"standard","meta":{"footnotes":""},"categories":[3],"tags":[],"class_list":["post-4863","post","type-post","status-publish","format-standard","hentry","category-noticias"],"_links":{"self":[{"href":"https:\/\/conadi.gob.gt\/web\/wp-json\/wp\/v2\/posts\/4863","targetHints":{"allow":["GET"]}}],"collection":[{"href":"https:\/\/conadi.gob.gt\/web\/wp-json\/wp\/v2\/posts"}],"about":[{"href":"https:\/\/conadi.gob.gt\/web\/wp-json\/wp\/v2\/types\/post"}],"author":[{"embeddable":true,"href":"https:\/\/conadi.gob.gt\/web\/wp-json\/wp\/v2\/users\/7"}],"replies":[{"embeddable":true,"href":"https:\/\/conadi.gob.gt\/web\/wp-json\/wp\/v2\/comments?post=4863"}],"version-history":[{"count":2,"href":"https:\/\/conadi.gob.gt\/web\/wp-json\/wp\/v2\/posts\/4863\/revisions"}],"predecessor-version":[{"id":4876,"href":"https:\/\/conadi.gob.gt\/web\/wp-json\/wp\/v2\/posts\/4863\/revisions\/4876"}],"wp:attachment":[{"href":"https:\/\/conadi.gob.gt\/web\/wp-json\/wp\/v2\/media?parent=4863"}],"wp:term":[{"taxonomy":"category","embeddable":true,"href":"https:\/\/conadi.gob.gt\/web\/wp-json\/wp\/v2\/categories?post=4863"},{"taxonomy":"post_tag","embeddable":true,"href":"https:\/\/conadi.gob.gt\/web\/wp-json\/wp\/v2\/tags?post=4863"}],"curies":[{"name":"wp","href":"https:\/\/api.w.org\/{rel}","templated":true}]}}