{"id":4866,"date":"2017-06-16T18:31:09","date_gmt":"2017-06-16T18:31:09","guid":{"rendered":"http:\/\/conadi.gob.gt\/web\/?p=4866"},"modified":"2017-06-16T18:31:09","modified_gmt":"2017-06-16T18:31:09","slug":"20-aniversario-del-conadi","status":"publish","type":"post","link":"https:\/\/conadi.gob.gt\/web\/20-aniversario-del-conadi\/","title":{"rendered":"20 ANIVERSARIO DEL CONADI"},"content":{"rendered":"<p>En el Marco del 20 Aniversario del Consejo Nacional para la Atenci\u00f3n de las Personas con Discapacidad -CONADI-, la comisi\u00f3n Sobre Asuntos de Discapacidad del Congreso de la Rep\u00fablica, presidida por el legislador, Juan Carlos Salanic, conoci\u00f3 la inclusi\u00f3n en los programas y proyectos de entidades de gobierno la tem\u00e1tica de discapacidad para el 2018. Posteriormente\u00a0se realiz\u00f3 el Conversatorio Avances y Desaf\u00edos de la 5125, Ley de Personas con Discapacidad. Durante la actividad se dieron a conocer los antecedentes del proyecto de ley y la postura institucional del CONADI, destacando un CONADI Fortalecido y no renunciar al bono por discapacidad. Es importante hacer menci\u00f3n que la 5125 busca la armonizaci\u00f3n de la Convenci\u00f3n Sobre los Derechos de las Personas con Discapacidad con la legislatura nacional y beneficiar\u00e1 a un mill\u00f3n seiscientos mil personas que viven en condici\u00f3n de discapacidad. El evento culmin\u00f3 compartiendo el pastel del 20 aniversario y con la amenizaci\u00f3n de la marimba \u00a0la Secretar\u00eda de Bienestar Social.<\/p>\n<p>Es importante agregar que dentro del marco de aniversario de la entidad se reconoci\u00f3 la labor periodi\u00edstica, debido a la alianza que a existido entre el CONADI y medios de comunicaci\u00f3n para dar a conocer los requerimientos de la poblaci\u00f3n con discapacidad y los avances en la materia.<\/p>\n<p>&nbsp;<\/p>\n<p>&nbsp;<\/p>\n<figure id=\"attachment_4867\" aria-describedby=\"caption-attachment-4867\" style=\"width: 1024px\" class=\"wp-caption aligncenter\"><a href=\"https:\/\/conadi.gob.gt\/web\/wp-content\/uploads\/2017\/06\/aniversario-1.jpg\"><img loading=\"lazy\" decoding=\"async\" id=\"longdesc-return-4867\" class=\"wp-image-4867 size-large\" src=\"https:\/\/conadi.gob.gt\/web\/wp-content\/uploads\/2017\/06\/aniversario-1-1024x702.jpg\" alt=\"20 Aniversario CONADI\" width=\"1024\" height=\"702\" longdesc=\"https:\/\/conadi.gob.gt\/web?longdesc=4867&amp;referrer=4866\" srcset=\"https:\/\/conadi.gob.gt\/web\/wp-content\/uploads\/2017\/06\/aniversario-1-1024x702.jpg 1024w, https:\/\/conadi.gob.gt\/web\/wp-content\/uploads\/2017\/06\/aniversario-1-300x206.jpg 300w, https:\/\/conadi.gob.gt\/web\/wp-content\/uploads\/2017\/06\/aniversario-1-95x64.jpg 95w\" sizes=\"auto, (max-width: 1024px) 100vw, 1024px\" \/><\/a><figcaption id=\"caption-attachment-4867\" class=\"wp-caption-text\">Aniversario CONADI<\/figcaption><\/figure>\n<p>&nbsp;<\/p>\n","protected":false},"excerpt":{"rendered":"<p>En el Marco del 20 Aniversario del Consejo Nacional para la Atenci\u00f3n de las Personas con Discapacidad -CONADI-, la comisi\u00f3n Sobre Asuntos de Discapacidad del Congreso de la Rep\u00fablica, presidida por el legislador, Juan Carlos Salanic, conoci\u00f3 la inclusi\u00f3n en los programas y proyectos de entidades de gobierno la tem\u00e1tica de discapacidad para el 2018. &hellip; <\/p>\n<p class=\"link-more\"><a href=\"https:\/\/conadi.gob.gt\/web\/20-aniversario-del-conadi\/\" class=\"more-link\">Leer m\u00e1s<span class=\"screen-reader-text\"> \u00ab20 ANIVERSARIO DEL CONADI\u00bb<\/span><\/a><\/p>\n","protected":false},"author":7,"featured_media":0,"comment_status":"open","ping_status":"closed","sticky":false,"template":"","format":"standard","meta":{"footnotes":""},"categories":[3],"tags":[],"class_list":["post-4866","post","type-post","status-publish","format-standard","hentry","category-noticias"],"_links":{"self":[{"href":"https:\/\/conadi.gob.gt\/web\/wp-json\/wp\/v2\/posts\/4866","targetHints":{"allow":["GET"]}}],"collection":[{"href":"https:\/\/conadi.gob.gt\/web\/wp-json\/wp\/v2\/posts"}],"about":[{"href":"https:\/\/conadi.gob.gt\/web\/wp-json\/wp\/v2\/types\/post"}],"author":[{"embeddable":true,"href":"https:\/\/conadi.gob.gt\/web\/wp-json\/wp\/v2\/users\/7"}],"replies":[{"embeddable":true,"href":"https:\/\/conadi.gob.gt\/web\/wp-json\/wp\/v2\/comments?post=4866"}],"version-history":[{"count":1,"href":"https:\/\/conadi.gob.gt\/web\/wp-json\/wp\/v2\/posts\/4866\/revisions"}],"predecessor-version":[{"id":4868,"href":"https:\/\/conadi.gob.gt\/web\/wp-json\/wp\/v2\/posts\/4866\/revisions\/4868"}],"wp:attachment":[{"href":"https:\/\/conadi.gob.gt\/web\/wp-json\/wp\/v2\/media?parent=4866"}],"wp:term":[{"taxonomy":"category","embeddable":true,"href":"https:\/\/conadi.gob.gt\/web\/wp-json\/wp\/v2\/categories?post=4866"},{"taxonomy":"post_tag","embeddable":true,"href":"https:\/\/conadi.gob.gt\/web\/wp-json\/wp\/v2\/tags?post=4866"}],"curies":[{"name":"wp","href":"https:\/\/api.w.org\/{rel}","templated":true}]}}