{"id":4869,"date":"2017-06-16T18:35:48","date_gmt":"2017-06-16T18:35:48","guid":{"rendered":"http:\/\/conadi.gob.gt\/web\/?p=4869"},"modified":"2017-06-16T18:35:48","modified_gmt":"2017-06-16T18:35:48","slug":"conadi-y-muni-suscriben-carta-de-entendimiento","status":"publish","type":"post","link":"https:\/\/conadi.gob.gt\/web\/conadi-y-muni-suscriben-carta-de-entendimiento\/","title":{"rendered":"CONADI y MUNI suscriben carta de Entendimiento"},"content":{"rendered":"<p>La Municipalidad de Guatemala a trav\u00e9s de la Empresa Municipal de Transporte P\u00fablico y el CONADI firmaron una carta de entendimiento, con la finalidad de implementar mejoras en la accesibilidad en el trasporte p\u00fablico, edificios, instalaciones y v\u00edas p\u00fablicas dirigido a la poblaci\u00f3n con Discapacidad<\/p>\n<p>&nbsp;<\/p>\n<figure id=\"attachment_4870\" aria-describedby=\"caption-attachment-4870\" style=\"width: 1366px\" class=\"wp-caption aligncenter\"><a href=\"https:\/\/conadi.gob.gt\/web\/wp-content\/uploads\/2017\/06\/collage-convenio-muni-1.jpg\"><img loading=\"lazy\" decoding=\"async\" id=\"longdesc-return-4870\" class=\"wp-image-4870 size-full\" src=\"https:\/\/conadi.gob.gt\/web\/wp-content\/uploads\/2017\/06\/collage-convenio-muni-1.jpg\" alt=\"Carta de Entendimiento\" width=\"1366\" height=\"2130\" longdesc=\"https:\/\/conadi.gob.gt\/web?longdesc=4870&amp;referrer=4869\" srcset=\"https:\/\/conadi.gob.gt\/web\/wp-content\/uploads\/2017\/06\/collage-convenio-muni-1.jpg 1366w, https:\/\/conadi.gob.gt\/web\/wp-content\/uploads\/2017\/06\/collage-convenio-muni-1-192x300.jpg 192w, https:\/\/conadi.gob.gt\/web\/wp-content\/uploads\/2017\/06\/collage-convenio-muni-1-657x1024.jpg 657w\" sizes=\"auto, (max-width: 1366px) 100vw, 1366px\" \/><\/a><figcaption id=\"caption-attachment-4870\" class=\"wp-caption-text\">Carta de Entendimiento Muni-conadi<\/figcaption><\/figure>\n","protected":false},"excerpt":{"rendered":"<p>La Municipalidad de Guatemala a trav\u00e9s de la Empresa Municipal de Transporte P\u00fablico y el CONADI firmaron una carta de entendimiento, con la finalidad de implementar mejoras en la accesibilidad en el trasporte p\u00fablico, edificios, instalaciones y v\u00edas p\u00fablicas dirigido a la poblaci\u00f3n con Discapacidad &nbsp;<\/p>\n","protected":false},"author":7,"featured_media":0,"comment_status":"open","ping_status":"closed","sticky":false,"template":"","format":"standard","meta":{"footnotes":""},"categories":[3],"tags":[],"class_list":["post-4869","post","type-post","status-publish","format-standard","hentry","category-noticias"],"_links":{"self":[{"href":"https:\/\/conadi.gob.gt\/web\/wp-json\/wp\/v2\/posts\/4869","targetHints":{"allow":["GET"]}}],"collection":[{"href":"https:\/\/conadi.gob.gt\/web\/wp-json\/wp\/v2\/posts"}],"about":[{"href":"https:\/\/conadi.gob.gt\/web\/wp-json\/wp\/v2\/types\/post"}],"author":[{"embeddable":true,"href":"https:\/\/conadi.gob.gt\/web\/wp-json\/wp\/v2\/users\/7"}],"replies":[{"embeddable":true,"href":"https:\/\/conadi.gob.gt\/web\/wp-json\/wp\/v2\/comments?post=4869"}],"version-history":[{"count":1,"href":"https:\/\/conadi.gob.gt\/web\/wp-json\/wp\/v2\/posts\/4869\/revisions"}],"predecessor-version":[{"id":4871,"href":"https:\/\/conadi.gob.gt\/web\/wp-json\/wp\/v2\/posts\/4869\/revisions\/4871"}],"wp:attachment":[{"href":"https:\/\/conadi.gob.gt\/web\/wp-json\/wp\/v2\/media?parent=4869"}],"wp:term":[{"taxonomy":"category","embeddable":true,"href":"https:\/\/conadi.gob.gt\/web\/wp-json\/wp\/v2\/categories?post=4869"},{"taxonomy":"post_tag","embeddable":true,"href":"https:\/\/conadi.gob.gt\/web\/wp-json\/wp\/v2\/tags?post=4869"}],"curies":[{"name":"wp","href":"https:\/\/api.w.org\/{rel}","templated":true}]}}