{"id":4872,"date":"2017-06-16T18:48:31","date_gmt":"2017-06-16T18:48:31","guid":{"rendered":"http:\/\/conadi.gob.gt\/web\/?p=4872"},"modified":"2017-06-16T20:18:24","modified_gmt":"2017-06-16T20:18:24","slug":"el-conadi-participa-en-la-onu","status":"publish","type":"post","link":"https:\/\/conadi.gob.gt\/web\/el-conadi-participa-en-la-onu\/","title":{"rendered":"EL CONADI PARTICIPA EN LA ONU"},"content":{"rendered":"<p>Guatemala a trav\u00e9s del CONADI particip\u00f3 en la 10a. conferencia de Estados Parte de la Convenci\u00f3n Sobre los Derechos de las Personas con Discapacidad en New York, Estados Unidos, llevado a cabo del 12 al 15 de junio, donde participaron representantes de m\u00e1s de 160 pa\u00edses que han adoptado este importante instrumento de derechos humanos. El Presidente del CONADI se\u00f1or Jorge Enrique Yat Max, refiri\u00f3 en su discurso, que el Estado de Guatemala, entreg\u00f3 en el 2016 varios resultados de pa\u00eds, la formulaci\u00f3n del plan de acci\u00f3n 2017-2021, la realizaci\u00f3n de la segunda encuesta nacional de discapacidad y la formulaci\u00f3n de una estrategia de pa\u00eds para promover e impulsar la desinstitucionalizaci\u00f3n de la ni\u00f1ez con discapacidad.<br \/>\nAsimismo indic\u00f3 que entre los temas pendientes, queda la armonizaci\u00f3n del marco legal nacional con el esp\u00edritu de la Convenci\u00f3n, proceso en el que se experimentaban avances en la aprobaci\u00f3n de la iniciativa 5125.<\/p>\n<p>Durante la conferencia, autoridades del CONADI mantuvieron acercamiento con delegados de Ecuador para acordar un convenio de cooperaci\u00f3n en la materia. Asimismo, directivos del Consejo, participaron en la mesa sobre regionalizaci\u00f3n del tema de discapacidad en Centroam\u00e9rica y Rep\u00fablica Dominica. Finalmente, el CONADI fue parte del encuentro con el Ministerio de Trabajo de Canad\u00e1, donde se abord\u00f3 el deporte dirigido a Personas con Discapacidad.<\/p>\n<p>&nbsp;<\/p>\n<p>&nbsp;<\/p>\n<figure id=\"attachment_4873\" aria-describedby=\"caption-attachment-4873\" style=\"width: 614px\" class=\"wp-caption aligncenter\"><a href=\"https:\/\/conadi.gob.gt\/web\/wp-content\/uploads\/2017\/06\/COLLAGE-ONU.jpg\"><img loading=\"lazy\" decoding=\"async\" id=\"longdesc-return-4873\" class=\"wp-image-4873 size-large\" src=\"https:\/\/conadi.gob.gt\/web\/wp-content\/uploads\/2017\/06\/COLLAGE-ONU-614x1024.jpg\" alt=\"D\u00c9CIMA CONFERENCIA ONU\" width=\"614\" height=\"1024\" longdesc=\"https:\/\/conadi.gob.gt\/web?longdesc=4873&amp;referrer=4872\" srcset=\"https:\/\/conadi.gob.gt\/web\/wp-content\/uploads\/2017\/06\/COLLAGE-ONU-614x1024.jpg 614w, https:\/\/conadi.gob.gt\/web\/wp-content\/uploads\/2017\/06\/COLLAGE-ONU-180x300.jpg 180w, https:\/\/conadi.gob.gt\/web\/wp-content\/uploads\/2017\/06\/COLLAGE-ONU.jpg 1366w\" sizes=\"auto, (max-width: 614px) 100vw, 614px\" \/><\/a><figcaption id=\"caption-attachment-4873\" class=\"wp-caption-text\">CONADI EN LA ONU<\/figcaption><\/figure>\n<p>&nbsp;<\/p>\n","protected":false},"excerpt":{"rendered":"<p>Guatemala a trav\u00e9s del CONADI particip\u00f3 en la 10a. conferencia de Estados Parte de la Convenci\u00f3n Sobre los Derechos de las Personas con Discapacidad en New York, Estados Unidos, llevado a cabo del 12 al 15 de junio, donde participaron representantes de m\u00e1s de 160 pa\u00edses que han adoptado este importante instrumento de derechos humanos. &hellip; <\/p>\n<p class=\"link-more\"><a href=\"https:\/\/conadi.gob.gt\/web\/el-conadi-participa-en-la-onu\/\" class=\"more-link\">Leer m\u00e1s<span class=\"screen-reader-text\"> \u00abEL CONADI PARTICIPA EN LA ONU\u00bb<\/span><\/a><\/p>\n","protected":false},"author":7,"featured_media":0,"comment_status":"open","ping_status":"closed","sticky":false,"template":"","format":"standard","meta":{"footnotes":""},"categories":[3],"tags":[],"class_list":["post-4872","post","type-post","status-publish","format-standard","hentry","category-noticias"],"_links":{"self":[{"href":"https:\/\/conadi.gob.gt\/web\/wp-json\/wp\/v2\/posts\/4872","targetHints":{"allow":["GET"]}}],"collection":[{"href":"https:\/\/conadi.gob.gt\/web\/wp-json\/wp\/v2\/posts"}],"about":[{"href":"https:\/\/conadi.gob.gt\/web\/wp-json\/wp\/v2\/types\/post"}],"author":[{"embeddable":true,"href":"https:\/\/conadi.gob.gt\/web\/wp-json\/wp\/v2\/users\/7"}],"replies":[{"embeddable":true,"href":"https:\/\/conadi.gob.gt\/web\/wp-json\/wp\/v2\/comments?post=4872"}],"version-history":[{"count":2,"href":"https:\/\/conadi.gob.gt\/web\/wp-json\/wp\/v2\/posts\/4872\/revisions"}],"predecessor-version":[{"id":4875,"href":"https:\/\/conadi.gob.gt\/web\/wp-json\/wp\/v2\/posts\/4872\/revisions\/4875"}],"wp:attachment":[{"href":"https:\/\/conadi.gob.gt\/web\/wp-json\/wp\/v2\/media?parent=4872"}],"wp:term":[{"taxonomy":"category","embeddable":true,"href":"https:\/\/conadi.gob.gt\/web\/wp-json\/wp\/v2\/categories?post=4872"},{"taxonomy":"post_tag","embeddable":true,"href":"https:\/\/conadi.gob.gt\/web\/wp-json\/wp\/v2\/tags?post=4872"}],"curies":[{"name":"wp","href":"https:\/\/api.w.org\/{rel}","templated":true}]}}