{"id":4904,"date":"2017-06-28T15:36:06","date_gmt":"2017-06-28T15:36:06","guid":{"rendered":"http:\/\/conadi.gob.gt\/web\/?p=4904"},"modified":"2017-06-28T15:40:22","modified_gmt":"2017-06-28T15:40:22","slug":"aspirantes-a-magistrado-de-conciencia-exponen-planteamientos-en-el-conadi","status":"publish","type":"post","link":"https:\/\/conadi.gob.gt\/web\/aspirantes-a-magistrado-de-conciencia-exponen-planteamientos-en-el-conadi\/","title":{"rendered":"Aspirantes a magistrado de conciencia exponen planteamientos en el CONADI"},"content":{"rendered":"<p>Los profesionales que aspiran a ocupar el cargo de procurador de los derechos humanos, Jord\u00e1n Rodas y Ricardo Alvarado participaron en el conversatorio \u201cEl rol del magistrado de conciencia en la defensa de los derechos de las Personas con Discapacidad.\u201d Asimismo se les hizo entrega de una carta de compromiso sobre los planteamientos que se les expusieron en la mesa de conversaci\u00f3n: fortalecimiento de la defensor\u00eda de las personas con discapacidad, para asegurar el registro y conocimiento de las denuncias de discriminaci\u00f3n, difusi\u00f3n de los recursos legales disponibles para ese colectivo en relaci\u00f3n a la no discriminaci\u00f3n y el reconocimiento de las personas con discapacidad como defensores de derechos humanos.<\/p>\n<figure id=\"attachment_4905\" aria-describedby=\"caption-attachment-4905\" style=\"width: 657px\" class=\"wp-caption aligncenter\"><a href=\"https:\/\/conadi.gob.gt\/web\/wp-content\/uploads\/2017\/06\/COLLAGE-PDH.jpg\"><img loading=\"lazy\" decoding=\"async\" id=\"longdesc-return-4905\" longdesc=\"https:\/\/conadi.gob.gt\/web?longdesc=4905&#038;referrer=4904\" src=\"https:\/\/conadi.gob.gt\/web\/wp-content\/uploads\/2017\/06\/COLLAGE-PDH-657x1024.jpg\" alt=\"PDH Collage\" width=\"657\" height=\"1024\" class=\"size-large wp-image-4905\" srcset=\"https:\/\/conadi.gob.gt\/web\/wp-content\/uploads\/2017\/06\/COLLAGE-PDH-657x1024.jpg 657w, https:\/\/conadi.gob.gt\/web\/wp-content\/uploads\/2017\/06\/COLLAGE-PDH-192x300.jpg 192w, https:\/\/conadi.gob.gt\/web\/wp-content\/uploads\/2017\/06\/COLLAGE-PDH.jpg 1366w\" sizes=\"auto, (max-width: 657px) 100vw, 657px\" \/><\/a><figcaption id=\"caption-attachment-4905\" class=\"wp-caption-text\">Collage PDH<\/figcaption><\/figure>\n","protected":false},"excerpt":{"rendered":"<p>Los profesionales que aspiran a ocupar el cargo de procurador de los derechos humanos, Jord\u00e1n Rodas y Ricardo Alvarado participaron en el conversatorio \u201cEl rol del magistrado de conciencia en la defensa de los derechos de las Personas con Discapacidad.\u201d Asimismo se les hizo entrega de una carta de compromiso sobre los planteamientos que se &hellip; <\/p>\n<p class=\"link-more\"><a href=\"https:\/\/conadi.gob.gt\/web\/aspirantes-a-magistrado-de-conciencia-exponen-planteamientos-en-el-conadi\/\" class=\"more-link\">Leer m\u00e1s<span class=\"screen-reader-text\"> \u00abAspirantes a magistrado de conciencia exponen planteamientos en el CONADI\u00bb<\/span><\/a><\/p>\n","protected":false},"author":7,"featured_media":0,"comment_status":"open","ping_status":"closed","sticky":false,"template":"","format":"standard","meta":{"footnotes":""},"categories":[3,1],"tags":[],"class_list":["post-4904","post","type-post","status-publish","format-standard","hentry","category-noticias","category-sin-categoria"],"_links":{"self":[{"href":"https:\/\/conadi.gob.gt\/web\/wp-json\/wp\/v2\/posts\/4904","targetHints":{"allow":["GET"]}}],"collection":[{"href":"https:\/\/conadi.gob.gt\/web\/wp-json\/wp\/v2\/posts"}],"about":[{"href":"https:\/\/conadi.gob.gt\/web\/wp-json\/wp\/v2\/types\/post"}],"author":[{"embeddable":true,"href":"https:\/\/conadi.gob.gt\/web\/wp-json\/wp\/v2\/users\/7"}],"replies":[{"embeddable":true,"href":"https:\/\/conadi.gob.gt\/web\/wp-json\/wp\/v2\/comments?post=4904"}],"version-history":[{"count":3,"href":"https:\/\/conadi.gob.gt\/web\/wp-json\/wp\/v2\/posts\/4904\/revisions"}],"predecessor-version":[{"id":4908,"href":"https:\/\/conadi.gob.gt\/web\/wp-json\/wp\/v2\/posts\/4904\/revisions\/4908"}],"wp:attachment":[{"href":"https:\/\/conadi.gob.gt\/web\/wp-json\/wp\/v2\/media?parent=4904"}],"wp:term":[{"taxonomy":"category","embeddable":true,"href":"https:\/\/conadi.gob.gt\/web\/wp-json\/wp\/v2\/categories?post=4904"},{"taxonomy":"post_tag","embeddable":true,"href":"https:\/\/conadi.gob.gt\/web\/wp-json\/wp\/v2\/tags?post=4904"}],"curies":[{"name":"wp","href":"https:\/\/api.w.org\/{rel}","templated":true}]}}