{"id":4937,"date":"2017-07-11T20:55:57","date_gmt":"2017-07-11T20:55:57","guid":{"rendered":"http:\/\/conadi.gob.gt\/web\/?p=4937"},"modified":"2017-07-11T20:58:29","modified_gmt":"2017-07-11T20:58:29","slug":"presentan-a-representante-de-guatemala-para-postularse-al-comitee-de-expertos-en-discapacidad-de-la-onu","status":"publish","type":"post","link":"https:\/\/conadi.gob.gt\/web\/presentan-a-representante-de-guatemala-para-postularse-al-comitee-de-expertos-en-discapacidad-de-la-onu\/","title":{"rendered":"Presentan a representante de Guatemala para postularse al Comit\u00e9 de Expertos en Discapacidad de la ONU"},"content":{"rendered":"<p>La licenciada Rosa Idalia Aldana fue presentada como la representante del Estado de Guatemala para postularse al Comit\u00e9 de Expertos de las Naciones Unidas en materia de Discapacidad. Asimismo el CONADI solicit\u00f3 a autoridades del Ministerio de Relaciones Exteriores la inscripci\u00f3n de la candidata ante la ONU.<\/p>\n<p>Para la selecci\u00f3n de la candidata, se cont\u00f3 con el apoyo de una Junta de Calificaci\u00f3n integrada por destacadas profesionales en el campo de los derechos humanos, las licenciadas Silvia Judith Quan, ex vicepresidenta del Comit\u00e9 de Expertos; Otilia Lux de Cot\u00ed, reconocida activista de derechos humanos y; Miriam Dom\u00ednguez, actual Comisionada Presidencial Contra la Discriminaci\u00f3n Racial \u2013CODISRA-, din\u00e1mica donde el CONADI no tuvo ning\u00fan espacio de intervenci\u00f3n.<br \/>\nComo parte del proceso, la Junta de Calificaci\u00f3n public\u00f3 los nombres de las candidatas, para que las organizaciones de la sociedad civil o personas particulares se pronunciaran al respecto e inclusive, manifestaran su inconformidad hacia alguna de ellas, ejercicio que por ser la primera vez se podr\u00eda calificar como satisfactorio, porque las organizaciones se pronunciaron libremente, no habiendo recibido la Licenciada Aldana tacha alguna.<br \/>\nAunque fue se\u00f1alada por haber hecho una denuncia contra un parlamentario que se pronunci\u00f3 en contra de la iniciativa 5125, proyecto de ley sobre discapacidad, pero no fue tomada en cuenta porque el hecho se catalog\u00f3 a todas luces como una clara agresi\u00f3n hacia las personas con discapacidad y m\u00e1s bien apuntal\u00f3 a la Licenciada Aldana como una candidata id\u00f3nea.<\/p>\n<figure id=\"attachment_4938\" aria-describedby=\"caption-attachment-4938\" style=\"width: 800px\" class=\"wp-caption aligncenter\"><a href=\"https:\/\/conadi.gob.gt\/web\/wp-content\/uploads\/2017\/07\/Chochis.jpg\"><img loading=\"lazy\" decoding=\"async\" id=\"longdesc-return-4938\" longdesc=\"https:\/\/conadi.gob.gt\/web?longdesc=4938&#038;referrer=4937\" src=\"https:\/\/conadi.gob.gt\/web\/wp-content\/uploads\/2017\/07\/Chochis.jpg\" alt=\"Rosa Idalia Aldana\" width=\"800\" height=\"800\" class=\"size-full wp-image-4938\" srcset=\"https:\/\/conadi.gob.gt\/web\/wp-content\/uploads\/2017\/07\/Chochis.jpg 800w, https:\/\/conadi.gob.gt\/web\/wp-content\/uploads\/2017\/07\/Chochis-150x150.jpg 150w, https:\/\/conadi.gob.gt\/web\/wp-content\/uploads\/2017\/07\/Chochis-300x300.jpg 300w\" sizes=\"auto, (max-width: 800px) 100vw, 800px\" \/><\/a><figcaption id=\"caption-attachment-4938\" class=\"wp-caption-text\">Representante de pa\u00eds<\/figcaption><\/figure>\n","protected":false},"excerpt":{"rendered":"<p>La licenciada Rosa Idalia Aldana fue presentada como la representante del Estado de Guatemala para postularse al Comit\u00e9 de Expertos de las Naciones Unidas en materia de Discapacidad. Asimismo el CONADI solicit\u00f3 a autoridades del Ministerio de Relaciones Exteriores la inscripci\u00f3n de la candidata ante la ONU. Para la selecci\u00f3n de la candidata, se cont\u00f3 &hellip; <\/p>\n<p class=\"link-more\"><a href=\"https:\/\/conadi.gob.gt\/web\/presentan-a-representante-de-guatemala-para-postularse-al-comitee-de-expertos-en-discapacidad-de-la-onu\/\" class=\"more-link\">Leer m\u00e1s<span class=\"screen-reader-text\"> \u00abPresentan a representante de Guatemala para postularse al Comit\u00e9 de Expertos en Discapacidad de la ONU\u00bb<\/span><\/a><\/p>\n","protected":false},"author":7,"featured_media":0,"comment_status":"open","ping_status":"closed","sticky":false,"template":"","format":"standard","meta":{"footnotes":""},"categories":[3],"tags":[],"class_list":["post-4937","post","type-post","status-publish","format-standard","hentry","category-noticias"],"_links":{"self":[{"href":"https:\/\/conadi.gob.gt\/web\/wp-json\/wp\/v2\/posts\/4937","targetHints":{"allow":["GET"]}}],"collection":[{"href":"https:\/\/conadi.gob.gt\/web\/wp-json\/wp\/v2\/posts"}],"about":[{"href":"https:\/\/conadi.gob.gt\/web\/wp-json\/wp\/v2\/types\/post"}],"author":[{"embeddable":true,"href":"https:\/\/conadi.gob.gt\/web\/wp-json\/wp\/v2\/users\/7"}],"replies":[{"embeddable":true,"href":"https:\/\/conadi.gob.gt\/web\/wp-json\/wp\/v2\/comments?post=4937"}],"version-history":[{"count":3,"href":"https:\/\/conadi.gob.gt\/web\/wp-json\/wp\/v2\/posts\/4937\/revisions"}],"predecessor-version":[{"id":4941,"href":"https:\/\/conadi.gob.gt\/web\/wp-json\/wp\/v2\/posts\/4937\/revisions\/4941"}],"wp:attachment":[{"href":"https:\/\/conadi.gob.gt\/web\/wp-json\/wp\/v2\/media?parent=4937"}],"wp:term":[{"taxonomy":"category","embeddable":true,"href":"https:\/\/conadi.gob.gt\/web\/wp-json\/wp\/v2\/categories?post=4937"},{"taxonomy":"post_tag","embeddable":true,"href":"https:\/\/conadi.gob.gt\/web\/wp-json\/wp\/v2\/tags?post=4937"}],"curies":[{"name":"wp","href":"https:\/\/api.w.org\/{rel}","templated":true}]}}